{"id":26747,"date":"2023-12-08T10:12:05","date_gmt":"2023-12-08T10:12:05","guid":{"rendered":"https:\/\/dekkbi.com\/?p=26747"},"modified":"2023-12-08T11:18:02","modified_gmt":"2023-12-08T11:18:02","slug":"le-cardinal-pietro-parolin-attendu-a-la-consecration-du-sanctuaire-marial-national-notre-dame-de-la-delivrande","status":"publish","type":"post","link":"https:\/\/dekkbi.com\/?p=26747","title":{"rendered":"Le cardinal Pietro Parolin attendu \u00e0 la cons\u00e9cration du Sanctuaire Notre-Dame-de-la- D\u00e9livrande"},"content":{"rendered":"\n<p>Dakar,  (APS) \u2013 Le cardinal Pietro Parolin, secr\u00e9taire d\u2019Etat du Vatican, effectue une visite de quatre jours au S\u00e9n\u00e9gal, \u00e0 partir de ce mercredi, appris l\u2019APS de source officielle.<\/p>\n\n\n\n<p>Le cardinal Parolin a annonc\u00e9 en fin de matin\u00e9e de ce jeudi sur X (ex-Twitter) se rendre au S\u00e9n\u00e9gal, du 7 au 10 d\u00e9cembre, \u00ab&nbsp;pour la cons\u00e9cration du Sanctuaire marial national Notre-Dame-de-la- D\u00e9livrande de Popenguine&nbsp;\u00bb, indique Vatican News.<\/p>\n\n\n\n<p>Selon cette publication, au cours de son s\u00e9jour, le cardinal Pietro Parolin va rencontrer \u00ab&nbsp;la communaut\u00e9 catholique et les autorit\u00e9s locales&nbsp;\u00bb du S\u00e9n\u00e9gal.<\/p>\n\n\n\n<p>Vatican News, citant la Direction des \u0153uvres dioc\u00e9saines de Dakar, pr\u00e9cise que \u00ab&nbsp;le cardinal Pietro Parolin et Mgr Benjamin Ndiaye, archev\u00eaque de Dakar, proc\u00e9deront \u00e0 la cons\u00e9cration du nouveau sanctuaire Notre-Dame-de-la-D\u00e9livrande de Popenguine, en pr\u00e9sence des \u00e9v\u00eaques de la Conf\u00e9rence \u00e9piscopale, ainsi que des autorit\u00e9s \u00e9tatiques s\u00e9n\u00e9galaises&nbsp;\u00bb.<\/p>\n\n\n\n<p>L\u2019\u00e9glise Notre-Dame-de-la-D\u00e9livrande \u00ab&nbsp;fut achev\u00e9e&nbsp;\u00bb en 1988, au terme d\u2019une mise en chantier qui avait d\u00e9but\u00e9 \u00ab&nbsp;\u00e0 la fin du 19\u00e8me si\u00e8cle&nbsp;\u00bb.<\/p>\n\n\n\n<p>Elle abrite une Vierge noire et \u00ab&nbsp;est devenue un Sanctuaire marial de grande importance pour le S\u00e9n\u00e9gal&nbsp;\u00bb.<\/p>\n\n\n\n<p>C\u2019est lors de la visite pastorale du Pape Jean-Paul II au S\u00e9n\u00e9gal que cette \u00e9glise \u00ab&nbsp;fut \u00e9rig\u00e9e en basilique mineure, le 21 f\u00e9vrier 1992&nbsp;\u00bb.<\/p>\n\n\n\n<p>Avant de quitter le S\u00e9n\u00e9gal, le cardinal Parolin \u00ab&nbsp;sera re\u00e7u par le ministre de l\u2019Int\u00e9rieur Me Sidiki Kaba \u00e0 son cabinet&nbsp;\u00bb, vendredi \u00e0 10h00, annoncent les services de ce dernier dans un communiqu\u00e9.<\/p>\n\n\n\n<p>ASG\/BK<a href=\"http:\/\/www.facebook.com\/sharer.php?u=https:\/\/aps.sn\/le-cardinal-pietro-parolin-attendu-a-la-consecration-du-sanctuaire-marial-national-notre-dame-de-la-delivrande\/\"><\/a><\/p>\n","protected":false},"excerpt":{"rendered":"<p>Dakar, (APS) \u2013 Le cardinal Pietro Parolin, secr\u00e9taire d\u2019Etat du Vatican, effectue une visite de quatre jours au S\u00e9n\u00e9gal, \u00e0<\/p>\n","protected":false},"author":1,"featured_media":26748,"comment_status":"open","ping_status":"open","sticky":false,"template":"","format":"standard","meta":{"footnotes":""},"categories":[21],"tags":[],"class_list":["post-26747","post","type-post","status-publish","format-standard","has-post-thumbnail","hentry","category-societe"],"_links":{"self":[{"href":"https:\/\/dekkbi.com\/index.php?rest_route=\/wp\/v2\/posts\/26747","targetHints":{"allow":["GET"]}}],"collection":[{"href":"https:\/\/dekkbi.com\/index.php?rest_route=\/wp\/v2\/posts"}],"about":[{"href":"https:\/\/dekkbi.com\/index.php?rest_route=\/wp\/v2\/types\/post"}],"author":[{"embeddable":true,"href":"https:\/\/dekkbi.com\/index.php?rest_route=\/wp\/v2\/users\/1"}],"replies":[{"embeddable":true,"href":"https:\/\/dekkbi.com\/index.php?rest_route=%2Fwp%2Fv2%2Fcomments&post=26747"}],"version-history":[{"count":2,"href":"https:\/\/dekkbi.com\/index.php?rest_route=\/wp\/v2\/posts\/26747\/revisions"}],"predecessor-version":[{"id":26790,"href":"https:\/\/dekkbi.com\/index.php?rest_route=\/wp\/v2\/posts\/26747\/revisions\/26790"}],"wp:featuredmedia":[{"embeddable":true,"href":"https:\/\/dekkbi.com\/index.php?rest_route=\/wp\/v2\/media\/26748"}],"wp:attachment":[{"href":"https:\/\/dekkbi.com\/index.php?rest_route=%2Fwp%2Fv2%2Fmedia&parent=26747"}],"wp:term":[{"taxonomy":"category","embeddable":true,"href":"https:\/\/dekkbi.com\/index.php?rest_route=%2Fwp%2Fv2%2Fcategories&post=26747"},{"taxonomy":"post_tag","embeddable":true,"href":"https:\/\/dekkbi.com\/index.php?rest_route=%2Fwp%2Fv2%2Ftags&post=26747"}],"curies":[{"name":"wp","href":"https:\/\/api.w.org\/{rel}","templated":true}]}}