{"id":26744,"date":"2023-12-08T10:04:11","date_gmt":"2023-12-08T10:04:11","guid":{"rendered":"https:\/\/dekkbi.com\/?p=26744"},"modified":"2023-12-08T11:16:35","modified_gmt":"2023-12-08T11:16:35","slug":"ibrahima-gassama-un-journaliste-chevronne-au-service-de-leducation-a-la-paix-en-casamance","status":"publish","type":"post","link":"https:\/\/dekkbi.com\/?p=26744","title":{"rendered":"Portrait: Ibrahima Gassama"},"content":{"rendered":"\n<p>Ziguinchor, (APS) \u2013 Ibrahima Gassama, le Directeur de la radio locale Zig Fm, a une parfaite ma\u00eetrise de la crise casaman\u00e7aise au point d\u2019en \u00eatre aujourd\u2019hui l\u2019un des experts les plus r\u00e9put\u00e9s.<\/p>\n\n\n\n<p>Et il est m\u00eame devenu un maillon cl\u00e9 du programme \u2018\u2019Education \u00e0 la paix\u2019\u2019 gr\u00e2ce \u00e0 la cr\u00e9dibilit\u00e9 et \u00e0 la confiance dont il b\u00e9n\u00e9ficie aupr\u00e8s des acteurs et des organisations non gouvernementales (ONG) et de la soci\u00e9t\u00e9 civile.<\/p>\n\n\n\n<p>Ce n\u2019est donc pas un hasard si la Fondation Konrad (FKA) a port\u00e9 son choix sur lui pour sa s\u00e9rie de rencontres d\u00e9nomm\u00e9e \u2018\u2019Profil Citoyen\u2019\u2019, dont la derni\u00e8re session s\u2019est tenue ce mercredi.<\/p>\n\n\n\n<p>C\u00e9libataire sans enfants, Ibrahima Gassama, n\u00e9 de parents d\u2019origine malienne \u00e9tablis en Casamance, a vu le jour dans cette r\u00e9gion sud du S\u00e9n\u00e9gal le 23 mars 1964. Et comme un signe du destin, la radio Zig FM a \u00e9t\u00e9 officiellement lanc\u00e9e le 23 mars 2009.<\/p>\n\n\n\n<p>Ibrahima Gassama a fait une partie de ses \u00e9tudes primaires \u00e0 l\u2019\u00e9cole Peyrissac (Kabada) de Ziguinchor. Plus tard, il rejoint son grand-fr\u00e8re, Halifousseyni Gassama, \u00e0 Birkama, dans la r\u00e9gion de S\u00e9dhiou. Il y obtint son entr\u00e9e en sixi\u00e8me et son Certificat d\u2019\u00e9tudes primaires \u00e9l\u00e9mentaires (CEPE), l\u2019\u00e9quivalent aujourd\u2019hui du CFEE.<\/p>\n\n\n\n<p>Il quitte alors la r\u00e9gion m\u00e9ridionale pour Saint-Louis, dans le Nord du pays o\u00f9 servait \u00e0 l\u2019\u00e9poque son grand fr\u00e8re, Alassane Gassama, jumeau de Halifousseyni, professeur de lettres classiques au Lyc\u00e9e Charles de Gaulle.<\/p>\n\n\n\n<p>Dans la capitale de l\u2019ancienne r\u00e9gion du Fleuve (Saint-Louis), il fait la connaissance de nombreux jeunes originaires de la Casamance comme Seydou San\u00e9, l\u2019actuel pr\u00e9sident du Casa-sports avec lequel il dit avoir travers\u00e9 le d\u00e9sert et support\u00e9 le froid saint-louisien.<\/p>\n\n\n\n<p>Apr\u00e8s son baccalaur\u00e9at, il est orient\u00e9 \u00e0 l\u2019universit\u00e9 Cheikh Anta Diop de Dakar (UCAD), au d\u00e9partement de Lettres,&nbsp;mais c\u2019est la passion du journalisme qui finira par &nbsp;l\u2019emporter sur l\u2019enseignant qu\u2019il \u00e9tait devenu par la suite.<\/p>\n\n\n\n<p><strong>Un passionn\u00e9 du journalisme<\/strong><\/p>\n\n\n\n<p>Il fait ses d\u00e9buts \u00e0 la cha\u00eene 4 de radio S\u00e9n\u00e9gal, \u00e0 Ziguinchor en participant \u00e0 des \u00e9missions enfantines, anim\u00e9es \u00e0 l\u2019\u00e9poque par l\u2019Abb\u00e9 Diamacoune Senghor alias \u2018\u2019Papa Kulempi\u2019\u2019, le vieux barbu en Joola. Lors de ses nombreux passages dans les locaux de cette station r\u00e9gionale, la seule qui \u00e9mettait \u00e0 l\u2019\u00e9poque dans cette r\u00e9gion m\u00e9ridionale, il c\u00f4toie les d\u00e9funts journalistes Balla Basse Diallo et Ibrahima Soly Mandiang. Ce sont eux qui l\u2019inspireront plus tard.<\/p>\n\n\n\n<p>Ibrahima Gassama d\u00e9missionne alors de l\u2019enseignement pour embrasser le m\u00e9tier de journalisme, apr\u00e8s sa formation \u00e0 l\u2019ISSIC, l\u2019Institut des sciences de l\u2019information et de la communication du Groupe Sud communication.<\/p>\n\n\n\n<p>Apr\u00e8s plusieurs mois de stage et d\u2019apprentissage \u00e0 Sud FM Dakar, Ibrahima Gassama est envoy\u00e9 \u00e0 Ziguinchor comme correspondant de la premi\u00e8re radio priv\u00e9e du S\u00e9n\u00e9gal lanc\u00e9e en 1994. Il d\u00e9barque dans la capitale du Sud dans un contexte marqu\u00e9 par des attaques et des affrontements entre l\u2019Arm\u00e9e s\u00e9n\u00e9galaise et les combattants du Mouvement des forces d\u00e9mocratiques de Casamance (MFDC). Ces derniers revendiquent l\u2019ind\u00e9pendance de cette r\u00e9gion m\u00e9ridionale.<\/p>\n\n\n\n<p>Au risque de sa vie, il se rendait sur le terrain, parfois sous les balles et malgr\u00e9 les risques li\u00e9s \u00e0 la pr\u00e9sence de mines antipersonnel.<\/p>\n\n\n\n<p>En 1996, le groupe Sud ouvre une station r\u00e9gionale \u00e0 Ziguinchor et nomme le journaliste Mamadou Moussa B\u00e2 pour en assurer la direction. La radio est d\u2019abord install\u00e9e au quartier Boudody, au bord du fleuve Casamance. Mais, pour des raisons de s\u00e9curit\u00e9, la Direction g\u00e9n\u00e9rale la fait d\u00e9localiser au quartier escale, \u00e0 la rue Javelier.<\/p>\n\n\n\n<p>Cette m\u00eame ann\u00e9e, Gassama commence \u00e0 animer l\u2019\u00e9mission \u2018\u2019Espace paix\u2019\u2019 avec des partenaires du programme SUD (solidarit\u00e9, urgence, d\u00e9veloppement) du CONGAD, le Conseil des organisations non gouvernementales d\u2019appui au d\u00e9veloppement. Il y aborde toutes les questions li\u00e9es au conflit en Casamance en donnant la parole \u00e0 tous les acteurs impliqu\u00e9s.<\/p>\n\n\n\n<p>\u2018\u2019Le sujet \u00e9tait tabou et beaucoup de personnes avaient peur d\u2019en parler, surtout \u00e0 la radio\u2019\u2019, se souvient le journaliste que cette situation n\u2019a gu\u00e8re d\u00e9courag\u00e9.<\/p>\n\n\n\n<p>Ibrahima Gassama gagne en exp\u00e9rience \u00e0 force d\u2019aller sur le terrain, confront\u00e9 qu\u2019il \u00e9tait \u00e0 la r\u00e9alit\u00e9 avec les affrontements entre le MFDC et l\u2019Arm\u00e9e s\u00e9n\u00e9galaise.<\/p>\n\n\n\n<p>Il b\u00e9n\u00e9ficie d\u2019un voyage d\u2019impr\u00e9gnation aux Etats-Unis, offert par l\u2019ambassade am\u00e9ricaine \u00e0 Dakar. Il visite les institutions am\u00e9ricaines, dont le Pentagone et se rend \u00e0 la fronti\u00e8re avec le Mexique pour comprendre le ph\u00e9nom\u00e8ne des migrants irr\u00e9guliers qui esp\u00e8rent rejoindre les Etats-Unis.<\/p>\n\n\n\n<p>Il se rend ensuite en France, pr\u00e9cis\u00e9ment \u00e0 Toulouse et \u00e0 Bordeaux, pour suivre une formation en journalisme d\u2019investigation, en communication non violente et en m\u00e9diation.<\/p>\n\n\n\n<p><strong>Arr\u00eat\u00e9 et transf\u00e9r\u00e9 \u00e0 Dakar apr\u00e8s avoir interview\u00e9 Salif Sadio<\/strong><\/p>\n\n\n\n<p>Le journaliste a eu le privil\u00e8ge d\u2019avoir interview\u00e9 Salif Sadio, chef de guerre du MFDC, dans le maquis en 2005. Une interview qui lui a valu une arrestation par la police, \u2018\u2019pour atteinte \u00e0 la s\u00fbret\u00e9 de l\u2019Etat\u2019\u2019, et un transf\u00e8rement \u00e0 Dakar. Au final, il b\u00e9n\u00e9ficiera d\u2019un non-lieu apr\u00e8s son jugement devant un tribunal de la capitale s\u00e9n\u00e9galaise.<\/p>\n\n\n\n<p>En 2008, il est affect\u00e9 \u00e0 Saint-Louis comme chef de la station Sud FM. Une ville qu\u2019il conna\u00eet bien pour y avoir effectu\u00e9 ses \u00e9tudes secondaires, au lyc\u00e9e Charles De Gaulle. Mais c\u2019\u00e9tait sans compter avec le destin qui le liait \u00e0 Ziguinchor.<\/p>\n\n\n\n<p>Parti pour un week-end dans la principale m\u00e9tropole du Sud, Ibrahima Gassama ne reviendra plus \u00e0 Saint-Louis. Il d\u00e9pose sa lettre de d\u00e9mission du Groupe Sud communication en 2008 pour rentrer en Casamance.<\/p>\n\n\n\n<p>A son retour, il travaille avec l\u2019ONG World Education dans le cadre de la mise sur pied de radios communautaires, dans la r\u00e9gion naturelle de Casamance, form\u00e9e des&nbsp;r\u00e9gions&nbsp;administratives de Kolda, S\u00e9dhiou et Ziguinchor. Il fait \u00e9quipe avec le journaliste Ibrahima Soly Mandiang, rappel\u00e9 \u00e0 Dieu le 28 novembre 2023.<\/p>\n\n\n\n<p>En mars 2009, Ibrahima Gassama est nomm\u00e9 directeur g\u00e9n\u00e9ral de la radio Zig FM. Il initie une \u00e9mission phare \u2018\u2019Carrefour de la paix\u2019\u2019. Une \u00e9mission \u00e0 travers laquelle il dit vouloir lib\u00e9rer la parole et permettre aux acteurs et aux communaut\u00e9s de se parler et d\u2019aborder des sujets que l\u2019on consid\u00e9rait \u2018\u2019tabous\u2019\u2019 ou qu\u2019on avait peur d\u2019\u00e9voquer.<\/p>\n\n\n\n<p>Cette \u00e9mission avait comme slogan \u00ab&nbsp;La force de l\u2019argument \u00e0 la place de l\u2019argument de la force&nbsp;\u00bb. Par la force des choses et, devant l\u2019absence de dialogue direct entre les bellig\u00e9rants, \u00ab&nbsp;Au Carrefour de la Paix&nbsp;\u00bb \u00e9tait devenu le seul espace o\u00f9 tous les dimanches, sur Zig Fm, les diff\u00e9rents acteurs autour du conflit se retrouvaient, lance-t-il fi\u00e8rement.<\/p>\n\n\n\n<p>Avec plus de 30 ans d\u2019exp\u00e9rience de journalisme, Gassama est aujourd\u2019hui consid\u00e9r\u00e9 comme un expert de la crise casaman\u00e7aise. Mieux, il est devenu un maillon cl\u00e9 du programme \u2018\u2019Education \u00e0 la paix\u2019\u2019, gr\u00e2ce \u00e0 la cr\u00e9dibilit\u00e9 et \u00e0 la confiance que lui accordent les acteurs sur le terrain, y compris les combattants du MFDC.<\/p>\n\n\n\n<p>A ce jour, il est l\u2019un des rares journalistes \u00e0 pouvoir se rendre dans toutes les parties du maquis et de toute la Casamance, afin de donner la voix aux acteurs du conflit et aux populations jusque dans des zones jug\u00e9es&nbsp;\u2018\u2019rouges\u2019\u2019 \u00e0 tort, selon lui.<\/p>\n\n\n\n<p>Actuellement, Ibrahima Gassama est sollicit\u00e9 par des \u00e9tudiants, journalistes, universitaires. Bref, par tous ceux qui veulent comprendre le conflit en Casamance.<\/p>\n\n\n\n<p>Le journaliste dit avoir sillonn\u00e9 le monde, Etats-Unis, France, Espagne, Allemagne, Portugal Tunisie, C\u00f4te d\u2019ivoire, etc., pour partager son exp\u00e9rience lors de &nbsp;conf\u00e9rences internationales ou autres rencontres.<\/p>\n\n\n\n<p>Il a tour \u00e0 tour \u00e9t\u00e9 distingu\u00e9 comme ambassadeur de la Paix en 2012 de la F\u00e9d\u00e9ration Universelle de la Paix bas\u00e9e \u00e0 New-York, meilleur journaliste Alouwas information 2017 \u00e0 Daniel Sorano, un Prix remis par le G\u00e9n\u00e9ral Mamadou Mansour Seck, \u00e0 Dakar, laur\u00e9at du Prix Personnalit\u00e9 \u00e9minente (Casa Film Production) en 2018, initi\u00e9 par l\u2019actrice de cin\u00e9ma Binta Goudiaby (USA).<\/p>\n\n\n\n<p>Gassama a \u00e9galement remport\u00e9 le \u2018\u2019Prix du Joola\u2019\u2019, d\u00e9cern\u00e9 par l\u2019Association des familles des victimes du naufrage du bateau le Joola et remis par Aliou Sow, ministre de la Culture et du Patrimoine historique.<\/p>\n\n\n\n<p>\u2018\u2019Aujourd\u2019hui, on ne peut pas parler de journaliste en Casamance sans penser \u00e0 Ibrahima Gassama. C\u2019est un grand Monsieur de la Casamance. Il a une tr\u00e8s bonne r\u00e9putation ici. C\u2019est l\u2019un des rares journalistes qui a une parfaite ma\u00eetrise de la crise casaman\u00e7aise\u2019\u2019, t\u00e9moigne Gaustin Diatta, correspondant du quotidien national le Soleil \u00e0 Ziguinchor,<\/p>\n\n\n\n<p>Il reconna\u00eet que Gassama a particip\u00e9 \u2018\u2019activement\u2019\u2019 \u00e0 la formation des journalistes de la r\u00e9gion naturelle de la Casamance.<\/p>\n\n\n\n<p>MNF\/ASB\/ASG\/SBS\/OID<\/p>\n\n\n\n<ul class=\"wp-block-list\">\n<li><a href=\"http:\/\/www.facebook.com\/sharer.php?u=https:\/\/aps.sn\/ibrahima-gassama-un-journaliste-chevronne-au-service-de-leducation-a-la-paix-en-casamance\/\"><\/a><\/li>\n<\/ul>\n","protected":false},"excerpt":{"rendered":"<p>Ziguinchor, (APS) \u2013 Ibrahima Gassama, le Directeur de la radio locale Zig Fm, a une parfaite ma\u00eetrise de la crise<\/p>\n","protected":false},"author":1,"featured_media":26745,"comment_status":"open","ping_status":"open","sticky":false,"template":"","format":"standard","meta":{"footnotes":""},"categories":[21],"tags":[],"class_list":["post-26744","post","type-post","status-publish","format-standard","has-post-thumbnail","hentry","category-societe"],"_links":{"self":[{"href":"https:\/\/dekkbi.com\/index.php?rest_route=\/wp\/v2\/posts\/26744","targetHints":{"allow":["GET"]}}],"collection":[{"href":"https:\/\/dekkbi.com\/index.php?rest_route=\/wp\/v2\/posts"}],"about":[{"href":"https:\/\/dekkbi.com\/index.php?rest_route=\/wp\/v2\/types\/post"}],"author":[{"embeddable":true,"href":"https:\/\/dekkbi.com\/index.php?rest_route=\/wp\/v2\/users\/1"}],"replies":[{"embeddable":true,"href":"https:\/\/dekkbi.com\/index.php?rest_route=%2Fwp%2Fv2%2Fcomments&post=26744"}],"version-history":[{"count":2,"href":"https:\/\/dekkbi.com\/index.php?rest_route=\/wp\/v2\/posts\/26744\/revisions"}],"predecessor-version":[{"id":26789,"href":"https:\/\/dekkbi.com\/index.php?rest_route=\/wp\/v2\/posts\/26744\/revisions\/26789"}],"wp:featuredmedia":[{"embeddable":true,"href":"https:\/\/dekkbi.com\/index.php?rest_route=\/wp\/v2\/media\/26745"}],"wp:attachment":[{"href":"https:\/\/dekkbi.com\/index.php?rest_route=%2Fwp%2Fv2%2Fmedia&parent=26744"}],"wp:term":[{"taxonomy":"category","embeddable":true,"href":"https:\/\/dekkbi.com\/index.php?rest_route=%2Fwp%2Fv2%2Fcategories&post=26744"},{"taxonomy":"post_tag","embeddable":true,"href":"https:\/\/dekkbi.com\/index.php?rest_route=%2Fwp%2Fv2%2Ftags&post=26744"}],"curies":[{"name":"wp","href":"https:\/\/api.w.org\/{rel}","templated":true}]}}