{"id":26741,"date":"2023-12-08T09:57:09","date_gmt":"2023-12-08T09:57:09","guid":{"rendered":"https:\/\/dekkbi.com\/?p=26741"},"modified":"2023-12-08T11:01:30","modified_gmt":"2023-12-08T11:01:30","slug":"cooperation-decentralisee-franco-senegalaise-un-cofinancement-de-plus-de-25-milliards-de-francs","status":"publish","type":"post","link":"https:\/\/dekkbi.com\/?p=26741","title":{"rendered":"Coop\u00e9ration d\u00e9centralis\u00e9e franco-s\u00e9n\u00e9galaise : un cofinancement de plus de 2.500.000.000 milliards de francs"},"content":{"rendered":"\n<p>Dakar, 8 d\u00e9c (APS) \u2013 Le ministre des Collectivit\u00e9s territoriales, de l\u2019Am\u00e9nagement et du D\u00e9veloppement des territoires, Modou Diagne Fada, a annonc\u00e9 que&nbsp; quatre vingt dix huit (98) projets ont \u00e9t\u00e9 financ\u00e9s \u00e0 hauteur de 2.510.485.845 francs Cfa gr\u00e2ce au Dispositif conjoint d\u2019appui \u00e0 la coop\u00e9ration d\u00e9centralis\u00e9e franco-s\u00e9n\u00e9galaise.<\/p>\n\n\n\n<p>&nbsp;\u00bbLe dispositif conjoint qui va entrer dans sa deuxi\u00e8me ann\u00e9e de mise en \u0153uvre, contribue au renforcement des capacit\u00e9s de maitrise d\u2019ouvrage des collectivit\u00e9s territoriales s\u00e9n\u00e9galaises ou de leurs groupements, ainsi 98 projets ont \u00e9t\u00e9 soutenus durant les 9 ann\u00e9es de mise en \u0153uvre pour un financement de 2.510.485.845 Francs CFA &nbsp;pour les deux minist\u00e8res s\u00e9n\u00e9galais et fran\u00e7ais\u2019\u2019, a d\u00e9clar\u00e9 le ministre.<\/p>\n\n\n\n<figure class=\"wp-block-image\"><img decoding=\"async\" src=\"https:\/\/aps.sn\/wp-content\/uploads\/2023\/12\/xAW3.jpg.pagespeed.ic.dXTSuZzSuq.webp\" alt=\"\" class=\"wp-image-77895\"\/><\/figure>\n\n\n\n<p>Il co-pr\u00e9sidait, jeudi, avec Florian Blazy, ministre conseiller \u00e0 l\u2019Ambassade de France \u00e0 Dakar, la r\u00e9union du comit\u00e9 de pilotage du dispositif conjoint d\u2019appui \u00e0 la coop\u00e9ration d\u00e9centralis\u00e9e franco-s\u00e9n\u00e9galaise.<\/p>\n\n\n\n<p>M. Diagne a expliqu\u00e9 que \u2018\u2019le dispositif pose des th\u00e9matiques prioritaires \u00e9chang\u00e9es chaque ann\u00e9e au niveau du comit\u00e9 de pilotage afin de r\u00e9pondre aux enjeux de nos territoires. Il s\u2019agit du d\u00e9veloppement \u00e9conomique, du renforcement de capacit\u00e9, de la transition \u00e9cologique et de la s\u00e9curit\u00e9 alimentaire ou encore, de l\u2019insertion socio-professionnelle\u2019\u2019.<\/p>\n\n\n\n<p>Selon lui \u2018\u2019d\u2019autres th\u00e9matiques peuvent \u00eatre investies par les collectivit\u00e9s territoriales pour r\u00e9pondre au plus pr\u00e8s aux pr\u00e9occupations de nos territoires\u2019\u2019.<\/p>\n\n\n\n<p>Au total, le Dispositif conjoint d\u2019appui \u00e0 la coop\u00e9ration d\u00e9centralis\u00e9e franco-s\u00e9n\u00e9galaise a permis de soutenir 98 projets de d\u00e9veloppement territorial au profit de 31 communes et 11 d\u00e9partements du S\u00e9n\u00e9gal avec un cofinancement total de plus de 2,5 milliards de francs CFA par les deux minist\u00e8res, s\u00e9n\u00e9galais et fran\u00e7ais.<\/p>\n\n\n\n<p>Selon Florian Blazy, ministre conseiller \u00e0 l\u2019Ambassade de France \u00e0 Dakar, \u2018\u2019ce dispositif porte des projets concrets qui occuperaient les besoins des populations \u00e0 savoir la question de l\u2019eau, de l\u2019assainissement, des domaines d\u2019acc\u00e8s \u00e0 l\u2019eau, dans le domaine du sport et de d\u00e9veloppement en mati\u00e8re de capacit\u00e9 des collectivit\u00e9s locales\u2019\u2019.<\/p>\n\n\n\n<p>\u2018\u2019Nous disposons \u00e0 ce titre d\u2019un tr\u00e8s bel outil avec ce dispositif conjoint d\u2019appui \u00e0 la coop\u00e9ration d\u00e9centralis\u00e9e franco-s\u00e9n\u00e9galaise qui, par son fonctionnement avec parit\u00e9 de d\u00e9cision et de financement, s\u2019inscrit parfaitement dans l\u2019esprit du nouveau partenariat que nous souhaitons mettre en place avec nos partenaires africains\u2019\u2019, a-t-il salu\u00e9.<\/p>\n\n\n\n<figure class=\"wp-block-image\"><img decoding=\"async\" src=\"https:\/\/aps.sn\/wp-content\/uploads\/2023\/12\/xAW-2.jpg.pagespeed.ic.XYxmRQYIzh.webp\" alt=\"\" class=\"wp-image-77876\"\/><\/figure>\n\n\n\n<p>NAN\/SBS\/OID<\/p>\n\n\n\n<ul class=\"wp-block-list\">\n<li><a href=\"http:\/\/www.facebook.com\/sharer.php?u=https:\/\/aps.sn\/cooperation-decentralisee-franco-senegalaise-un-cofinancement-de-plus-de-25-milliards-de-francs\/\"><\/a><\/li>\n<\/ul>\n","protected":false},"excerpt":{"rendered":"<p>Dakar, 8 d\u00e9c (APS) \u2013 Le ministre des Collectivit\u00e9s territoriales, de l\u2019Am\u00e9nagement et du D\u00e9veloppement des territoires, Modou Diagne Fada,<\/p>\n","protected":false},"author":1,"featured_media":26742,"comment_status":"open","ping_status":"open","sticky":false,"template":"","format":"standard","meta":{"footnotes":""},"categories":[3],"tags":[],"class_list":["post-26741","post","type-post","status-publish","format-standard","has-post-thumbnail","hentry","category-event-more-news"],"_links":{"self":[{"href":"https:\/\/dekkbi.com\/index.php?rest_route=\/wp\/v2\/posts\/26741","targetHints":{"allow":["GET"]}}],"collection":[{"href":"https:\/\/dekkbi.com\/index.php?rest_route=\/wp\/v2\/posts"}],"about":[{"href":"https:\/\/dekkbi.com\/index.php?rest_route=\/wp\/v2\/types\/post"}],"author":[{"embeddable":true,"href":"https:\/\/dekkbi.com\/index.php?rest_route=\/wp\/v2\/users\/1"}],"replies":[{"embeddable":true,"href":"https:\/\/dekkbi.com\/index.php?rest_route=%2Fwp%2Fv2%2Fcomments&post=26741"}],"version-history":[{"count":2,"href":"https:\/\/dekkbi.com\/index.php?rest_route=\/wp\/v2\/posts\/26741\/revisions"}],"predecessor-version":[{"id":26781,"href":"https:\/\/dekkbi.com\/index.php?rest_route=\/wp\/v2\/posts\/26741\/revisions\/26781"}],"wp:featuredmedia":[{"embeddable":true,"href":"https:\/\/dekkbi.com\/index.php?rest_route=\/wp\/v2\/media\/26742"}],"wp:attachment":[{"href":"https:\/\/dekkbi.com\/index.php?rest_route=%2Fwp%2Fv2%2Fmedia&parent=26741"}],"wp:term":[{"taxonomy":"category","embeddable":true,"href":"https:\/\/dekkbi.com\/index.php?rest_route=%2Fwp%2Fv2%2Fcategories&post=26741"},{"taxonomy":"post_tag","embeddable":true,"href":"https:\/\/dekkbi.com\/index.php?rest_route=%2Fwp%2Fv2%2Ftags&post=26741"}],"curies":[{"name":"wp","href":"https:\/\/api.w.org\/{rel}","templated":true}]}}