{"id":2671,"date":"2022-11-03T15:39:25","date_gmt":"2022-11-03T15:39:25","guid":{"rendered":"https:\/\/dekkbi.com\/?p=2671"},"modified":"2022-11-03T15:39:26","modified_gmt":"2022-11-03T15:39:26","slug":"cherte-de-la-vie-macky-sall-fixe-le-prix-du-loyer","status":"publish","type":"post","link":"https:\/\/dekkbi.com\/?p=2671","title":{"rendered":"Chert\u00e9 de la vie: Macky Sall fixe le prix du loyer"},"content":{"rendered":"\n<p>Le chef de l\u2019Etat,\u00a0Macky Sall\u00a0avait demand\u00e9 au premier ministre, en relation avec les associations de consommateurs et les professionnels de l\u2019immobilier, de lui proposer d\u2019ici le 20 octobre, un plan sp\u00e9cial de renforcement de la r\u00e9gulation des\u00a0loyers, dans une dynamique de stabilisation et de baisse des prix.<\/p>\n\n\n\n<p>Le rapport final des concertations sur la vie ch\u00e8re lui a \u00e9t\u00e9 remis et d\u2019apr\u00e8s les conclusions des diff\u00e9rentes commissions, les prix de plusieurs produits et services vont baisser.<\/p>\n\n\n\n<p>Particuli\u00e8rement les prix du loyer, malgr\u00e9 l\u2019absence d\u2019accord sur la m\u00e9thodologie, vont subir une baisse, rapporte une source gouvernementale \u00e0 L\u2019OBS.<\/p>\n\n\n\n<p>Entre 1994 et 2014, les loyers ont augment\u00e9 de 256% l\u00e0 o\u00f9 seuls les mat\u00e9riaux de construction avaient \u00e9volu\u00e9 de 47%.<\/p>\n\n\n\n<p>Il est pr\u00e9vu une baisse imm\u00e9diate et dix mesures structurelles sont envisag\u00e9es pour faire baisser le prix du loyer.<\/p>\n\n\n\n<p>Il s\u2019agit de baisses segment\u00e9es par cat\u00e9gories de logement avec un bar\u00e8me plafonn\u00e9 \u00e0 150&nbsp;000 FCFA pour la cat\u00e9gorie 1, un tarif de 150&nbsp;000 \u00e0 500&nbsp;000 FCFA pour la cat\u00e9gorie 2 et 500&nbsp;000 FCFA et plus pour la cat\u00e9gorie 3.<\/p>\n\n\n\n<p>Cette d\u00e9cision devrait faire l\u2019objet d\u2019un d\u00e9cret pr\u00e9sidentiel qui serait applicable au 1<sup>er<\/sup>&nbsp;janvier 2023.<\/p>\n","protected":false},"excerpt":{"rendered":"<p>Le chef de l\u2019Etat,\u00a0Macky Sall\u00a0avait demand\u00e9 au premier ministre, en relation avec les associations de consommateurs et les professionnels de<\/p>\n","protected":false},"author":1,"featured_media":2672,"comment_status":"open","ping_status":"open","sticky":false,"template":"","format":"standard","meta":{"footnotes":""},"categories":[3],"tags":[],"class_list":["post-2671","post","type-post","status-publish","format-standard","has-post-thumbnail","hentry","category-event-more-news"],"_links":{"self":[{"href":"https:\/\/dekkbi.com\/index.php?rest_route=\/wp\/v2\/posts\/2671","targetHints":{"allow":["GET"]}}],"collection":[{"href":"https:\/\/dekkbi.com\/index.php?rest_route=\/wp\/v2\/posts"}],"about":[{"href":"https:\/\/dekkbi.com\/index.php?rest_route=\/wp\/v2\/types\/post"}],"author":[{"embeddable":true,"href":"https:\/\/dekkbi.com\/index.php?rest_route=\/wp\/v2\/users\/1"}],"replies":[{"embeddable":true,"href":"https:\/\/dekkbi.com\/index.php?rest_route=%2Fwp%2Fv2%2Fcomments&post=2671"}],"version-history":[{"count":1,"href":"https:\/\/dekkbi.com\/index.php?rest_route=\/wp\/v2\/posts\/2671\/revisions"}],"predecessor-version":[{"id":2673,"href":"https:\/\/dekkbi.com\/index.php?rest_route=\/wp\/v2\/posts\/2671\/revisions\/2673"}],"wp:featuredmedia":[{"embeddable":true,"href":"https:\/\/dekkbi.com\/index.php?rest_route=\/wp\/v2\/media\/2672"}],"wp:attachment":[{"href":"https:\/\/dekkbi.com\/index.php?rest_route=%2Fwp%2Fv2%2Fmedia&parent=2671"}],"wp:term":[{"taxonomy":"category","embeddable":true,"href":"https:\/\/dekkbi.com\/index.php?rest_route=%2Fwp%2Fv2%2Fcategories&post=2671"},{"taxonomy":"post_tag","embeddable":true,"href":"https:\/\/dekkbi.com\/index.php?rest_route=%2Fwp%2Fv2%2Ftags&post=2671"}],"curies":[{"name":"wp","href":"https:\/\/api.w.org\/{rel}","templated":true}]}}