{"id":26709,"date":"2023-12-07T11:29:43","date_gmt":"2023-12-07T11:29:43","guid":{"rendered":"https:\/\/dekkbi.com\/?p=26709"},"modified":"2023-12-07T11:29:45","modified_gmt":"2023-12-07T11:29:45","slug":"sommet-chine-ue-pekin-et-bruxelles-reprennent-langue-dans-un-contexte-mondial-difficile","status":"publish","type":"post","link":"https:\/\/dekkbi.com\/?p=26709","title":{"rendered":"Sommet Chine-UE: P\u00e9kin et Bruxelles reprennent langue dans un contexte mondial difficile"},"content":{"rendered":"\n<p>Depuis quatre ans, l\u2019eau a coul\u00e9 sous le pont sino-europ\u00e9en. Covid-19, guerre en Ukraine, d\u00e9ficit commercial abyssal&#8230; \u00e0 P\u00e9kin comme \u00e0 Bruxelles, les diplomates ont adopt\u00e9 un r\u00e9alisme de circonstance. Personne ne parle plus de\u00a0<strong>\u00ab\u00a0<em>d\u00e9claration commune<\/em>\u00a0\u00bb<\/strong>\u00a0comme lors du \u00ab\u00a0sommet des sourires\u00a0\u00bb de 2019 \u2013\u00a0cela n\u2019a d\u2019ailleurs m\u00eame pas \u00e9t\u00e9 propos\u00e9e. Cette fois, il s\u2019agit surtout d\u2019\u00e9viter le\u00a0<strong>\u00ab dialogue de sourds<\/strong>\u00a0<strong><a href=\"https:\/\/www.lemonde.fr\/international\/article\/2022\/04\/01\/guerre-en-ukraine-dialogue-de-sourds-entre-l-union-europeenne-et-la-chine_6120210_3210.html\" target=\"_blank\" rel=\"noreferrer noopener\">\u00bb<\/a>\u00a0<\/strong>du sommet virtuel \u00e0 la \u00ab\u00a0grimace\u00a0\u00bb d\u2019avril dernier et de reconstruire la confiance. L\u2019Europe entend se faire entendre sur des questions existentielles comme la\u00a0<strong>guerre d\u2019agression russe<\/strong>\u00a0en Ukraine, dont jusqu\u2019\u00e0 pr\u00e9sent, la Chine alli\u00e9e de Moscou ne voulait pas entendre parler. A tel point que les prises de paroles des Europ\u00e9ens sur le sujet \u00e9taient parfois\u00a0<strong>censur\u00e9es<\/strong>\u00a0lors de la \u00ab\u00a0traduction simultan\u00e9e\u00a0\u00bb des \u00e9v\u00e9nements organis\u00e9s par la Chine. Une journ\u00e9e de n\u00e9gociations, c\u2019est d\u00e9j\u00e0 court\u00a0! C\u00f4t\u00e9 Europ\u00e9ens, lors du d\u00e9jeuner de travail entre Charles Michel, Ursula Von Der Leyen et Xi Jinping ce midi, puis tout \u00e0 l\u2019heure en fin de journ\u00e9e lors du d\u00eener avec le Premier ministre chinois, Li Qiang, les pourparlers sont recentr\u00e9s sur les questions g\u00e9opolitiques en plus des tensions commerciales bilat\u00e9rales.<\/p>\n\n\n\n<h2 class=\"wp-block-heading\">Offensive de charme<\/h2>\n\n\n\n<p>Celle des investisseurs \u00e9trangers en g\u00e9n\u00e9ral d\u2019ailleurs, vu les difficult\u00e9s auxquelles est confront\u00e9e la deuxi\u00e8me \u00e9conomie du monde. Mais pour l\u2019Europe effectivement, il y a eu d\u2019abord l\u2019acceptation de toute une s\u00e9rie de\u00a0<strong>dialogues<\/strong>, suite \u00e0 la visite du pr\u00e9sident du Conseil europ\u00e9en, Charles Michel, au d\u00e9but de l\u2019ann\u00e9e.\u00a0<strong>Dialogue<\/strong>\u00a0sur les droits humains, l\u2019environnement, le num\u00e9rique, le\u00a0<strong>commerce<\/strong>, le dialogue strat\u00e9gique aussi. Au total, huit commissaires europ\u00e9ens ont fait le d\u00e9placement \u00e0 P\u00e9kin cette ann\u00e9e, avec quelques r\u00e9sultats concrets, notamment la volont\u00e9 affich\u00e9e par le gouvernement chinois de mieux\u00a0<strong>prot\u00e9ger<\/strong>\u00a0les entreprises \u00e9trang\u00e8res. Et puis il y a eu ces gestes faits par P\u00e9kin ces derni\u00e8res semaines : la lev\u00e9e des visas courts s\u00e9jours pour des pays comme l\u2019Allemagne, l\u2019Espagne, la France, l\u2019Italie, les Pays Bas &#8211;\u00a0bon \u00e9videmment les pays membres qui ne font pas partie de la short liste ne sont pas contents. La Chine a aussi lev\u00e9 ses sanctions contre la Lituanie. Et \u00e0 Bruxelles, selon le\u00a0<em>South China Morning Post<\/em>\u00a0on a parl\u00e9 de\u00a0<strong>\u00ab\u00a0<em>pr\u00e9paratifs constructifs<\/em>\u00a0\u00bb<\/strong>. On attend maintenant les points presse des deux parties en fin de journ\u00e9e, pour savoir ce qu\u2019auront donn\u00e9 concr\u00e8tement ces nouvelles n\u00e9gociations.<\/p>\n\n\n\n<h2 class=\"wp-block-heading\">V\u00e9hicules \u00e9lectriques et \u00ab&nbsp;derisking&nbsp;\u00bb<\/h2>\n\n\n\n<p>Le principal objectif des Chinois \u00e0 ce sommet est de tenter de d\u00e9samorcer la col\u00e8re et le r\u00e9veil des europ\u00e9ens sur certains dossiers. Le tandem Charles Michel et Ursula Von der Leyen c\u2019est un peu \u00ab<em>\u00a0bon flic, mauvais flic\u00a0<\/em>\u00bb. Il y a aussi bien entendu Josep Borrell le vice-pr\u00e9sident de la Commission europ\u00e9enne qui est l\u00e0 lui aussi. Les Europ\u00e9ens jouent tous la m\u00eame partition avec P\u00e9kin, mais l\u2019annonce de l\u2019ouverture d\u2019une enqu\u00eate antisubventions de l\u2019UE sur les importations de v\u00e9hicules \u00e9lectriques en provenance de Chine a ici \u00e9t\u00e9 ressenti comme un coup de tonnerre. Plus de 200 milliards de yuans (26 milliards d\u2019euros) ont \u00e9t\u00e9 d\u00e9pens\u00e9s en aides et all\u00e9gements fiscaux \u00e0 la production de v\u00e9hicules \u00e9lectriques en Chine entre 2009 et 2022. Soutien aussi aux fabricants de batteries en 2015. Les Europ\u00e9ens ne souhaitent pas qu\u2019on le refasse le coup des panneaux solaires. Ils font savoir que la notion de \u00ab\u00a0derisking\u00a0\u00bb (ou \u00ab\u00a0d\u00e9risquage\u00a0\u00bb) formul\u00e9e par Von der Leyen et reprise par le G7 et les Am\u00e9ricains ressemble \u00e0 s\u2019y m\u00e9prendre \u00e0 la \u00ab\u00a0<em>strat\u00e9gie d\u2019autosuffisance\u00a0<\/em>\u00bb lanc\u00e9e par P\u00e9kin avec des quotas de productions locales dans des secteurs cl\u00e9s. C\u00f4t\u00e9 Chinois, on a d\u2019abord tonn\u00e9 contre un acte qualifi\u00e9 de \u00ab\u00a0<em>purement protectionniste<\/em>\u00a0\u00bb risquant, selon P\u00e9kin, de d\u00e9stabiliser les cha\u00eenes d\u2019approvisionnement et d\u2019aller \u00e0 l\u2019encontre de la lutte commune contre le r\u00e9chauffement. Et puis, selon les experts que nous avons appel\u00e9s ici, P\u00e9kin comme cela \u00e9t\u00e9 le cas pour les batteries, pourrait tenter d\u2019am\u00e9liorer les relations avec Bruxelles en incitant les constructeurs chinois de voitures \u00e9lectriques \u00e0 ouvrir des usines en Europe contre une exemption de droits de douanes.<\/p>\n\n\n\n<p>SOURCE RFI<\/p>\n\n\n\n<p><\/p>\n\n\n\n<p><\/p>\n\n\n\n<p><\/p>\n\n\n\n<p><\/p>\n\n\n\n<p><\/p>\n\n\n\n<p><\/p>\n\n\n\n<p><\/p>\n","protected":false},"excerpt":{"rendered":"<p>Depuis quatre ans, l\u2019eau a coul\u00e9 sous le pont sino-europ\u00e9en. Covid-19, guerre en Ukraine, d\u00e9ficit commercial abyssal&#8230; \u00e0 P\u00e9kin comme<\/p>\n","protected":false},"author":1,"featured_media":26710,"comment_status":"open","ping_status":"open","sticky":false,"template":"","format":"standard","meta":{"footnotes":""},"categories":[51],"tags":[],"class_list":["post-26709","post","type-post","status-publish","format-standard","has-post-thumbnail","hentry","category-general"],"_links":{"self":[{"href":"https:\/\/dekkbi.com\/index.php?rest_route=\/wp\/v2\/posts\/26709","targetHints":{"allow":["GET"]}}],"collection":[{"href":"https:\/\/dekkbi.com\/index.php?rest_route=\/wp\/v2\/posts"}],"about":[{"href":"https:\/\/dekkbi.com\/index.php?rest_route=\/wp\/v2\/types\/post"}],"author":[{"embeddable":true,"href":"https:\/\/dekkbi.com\/index.php?rest_route=\/wp\/v2\/users\/1"}],"replies":[{"embeddable":true,"href":"https:\/\/dekkbi.com\/index.php?rest_route=%2Fwp%2Fv2%2Fcomments&post=26709"}],"version-history":[{"count":1,"href":"https:\/\/dekkbi.com\/index.php?rest_route=\/wp\/v2\/posts\/26709\/revisions"}],"predecessor-version":[{"id":26711,"href":"https:\/\/dekkbi.com\/index.php?rest_route=\/wp\/v2\/posts\/26709\/revisions\/26711"}],"wp:featuredmedia":[{"embeddable":true,"href":"https:\/\/dekkbi.com\/index.php?rest_route=\/wp\/v2\/media\/26710"}],"wp:attachment":[{"href":"https:\/\/dekkbi.com\/index.php?rest_route=%2Fwp%2Fv2%2Fmedia&parent=26709"}],"wp:term":[{"taxonomy":"category","embeddable":true,"href":"https:\/\/dekkbi.com\/index.php?rest_route=%2Fwp%2Fv2%2Fcategories&post=26709"},{"taxonomy":"post_tag","embeddable":true,"href":"https:\/\/dekkbi.com\/index.php?rest_route=%2Fwp%2Fv2%2Ftags&post=26709"}],"curies":[{"name":"wp","href":"https:\/\/api.w.org\/{rel}","templated":true}]}}