{"id":26704,"date":"2023-12-07T11:17:33","date_gmt":"2023-12-07T11:17:33","guid":{"rendered":"https:\/\/dekkbi.com\/?p=26704"},"modified":"2023-12-07T11:17:34","modified_gmt":"2023-12-07T11:17:34","slug":"kaolack-incendies-des-marches-publics-un-phenomene-recurrent-aux-origines-multiples","status":"publish","type":"post","link":"https:\/\/dekkbi.com\/?p=26704","title":{"rendered":"Kaolack \u2013 incendies des march\u00e9s publics : un ph\u00e9nom\u00e8ne r\u00e9current, aux origines multiples"},"content":{"rendered":"\n<p><strong>Depuis plusieurs ann\u00e9es, le ph\u00e9nom\u00e8ne des incendies dans les march\u00e9s publics gagne de plus en plus du terrain dans le centre du pays et particuli\u00e8rement dans la r\u00e9gion de Kaolack. Si, par \u00e9vidence, cette probl\u00e9matique est moins visible au niveau des march\u00e9s p\u00e9riph\u00e9riques, dans les lieux de sp\u00e9culations \u00e0 grande affluence, elle s\u2019amplifie chaque ann\u00e9e et les \u00e9normes d\u00e9g\u00e2ts qu\u2019elle g\u00e9n\u00e8re en termes de pertes de marchandises, mat\u00e9riel et autres destruction d\u2019infrastructures sont souvent estim\u00e9es \u00e0 des centaines de millions voire m\u00eame des milliards de francs CFA en valeur marchande.<\/strong><\/p>\n\n\n\n<p>En l\u2019espace de deux ans, pas moins de dix incendies se sont d\u00e9clar\u00e9s entre le march\u00e9 central et le march\u00e9 \u00ab&nbsp;Zinc&nbsp;\u00bb, \u00e0 Kaolack. Une situation inqui\u00e9tante qui ne cesse de provoquer beaucoup d\u2019\u00e9motions, d\u2019interrogations, mais surtout de d\u00e9solation chez les acteurs du commerce et les populations qui s\u2019y rendent tous les jours pour s\u2019approvisionner. Compte tenu de l\u2019occupation anarchique constat\u00e9e au niveau de ces march\u00e9s, et leurs alentours, des ruelles souvent obstru\u00e9es par des commer\u00e7ants, l\u2019absence de bouches d\u2019incendie dans certains points strat\u00e9giques, ces feux se montrent toujours ravageurs, car \u00e0 chaque fois qu\u2019ils sont provoqu\u00e9s, les secouristes peinent \u00e0 avoir acc\u00e8s ou parfois perdent beaucoup de temps pour trouver un angle propice o\u00f9 se positionner pour \u00e9teindre le sinistre.<\/p>\n\n\n\n<p><strong>CONTROVERSES AUTOUR DE L\u2019ORIGINE DES FEUX, LES CONSTATS DIFF\u00c8RENT<\/strong><\/p>\n\n\n\n<p>A chaque fois qu\u2019un feu se d\u00e9clare quelque part dans un march\u00e9 du pays, les installations \u00e9lectriques sont point\u00e9es du doigt par rapport aux branchements clandestins op\u00e9r\u00e9s dans les march\u00e9s qui foisonnent. Et dans la plupart des cas, on fait allusion aux courts circuits comme \u00e9tant \u00e0 l\u2019origine de ces nombreux feux en r\u00e9p\u00e9tition dans ces lieux de vente. Mais, d\u2019apr\u00e8s certaines \u00e9tudes men\u00e9es au pr\u00e9alable, il se trouve aujourd\u2019hui que la douleur est plus profonde que cela. Car m\u00eame si l\u2019\u00e9lectricit\u00e9 est incrimin\u00e9e, parfois \u00e0 tort, dans beaucoup de cas, ces feux seraient commandit\u00e9s et provoqu\u00e9s sciemment par des commer\u00e7ants eux-m\u00eames.<\/p>\n\n\n\n<p>Selon nos sources, les incendies dans les march\u00e9s n\u2019ont jamais eu lieu pendant la journ\u00e9e, ou du moins rarement, mais souvent la nuit. Comme si un court-circuit choisit des heures bien d\u00e9termin\u00e9es pour se manifester. Et, par pr\u00e9f\u00e9rence, il attend la tomb\u00e9e de la nuit pour d\u00e9clencher un feu. En effets, expliquent nos sources, la raison est que beaucoup de commer\u00e7ants (notamment en difficult\u00e9 financi\u00e8re ou tr\u00e8s endett\u00e9s) mettent express\u00e9ment le feu sur leurs biens, pour esp\u00e9rer \u00eatre indemnis\u00e9s plus tard par une compagnie d\u2019assurance avec qui ils avaient contract\u00e9e auparavant ou recevoir le soutien de l\u2019Etat pour se sortir d\u2019affaire. Surtout lorsque ces marchandises ont connu une m\u00e9vente telle qu\u2019elles ne sont plus dans une posture d\u2019\u00eatre \u00e9coul\u00e9es. Dans d\u2019autres cas aussi, un commer\u00e7ant peut s\u2019aventurer dans ce genre d\u2019op\u00e9ration simplement parce qu\u2019il a subi des pertes telles qu\u2019il n\u2019est pas en mesure de rembourser ses dettes ou de peur que son associ\u00e9 le traduise en justice.<\/p>\n\n\n\n<p><strong>RECONSTRUCTION DES MARCH\u00c9S, UN PROGRAMME A MULTIPLES D\u00c9FIS<\/strong><\/p>\n\n\n\n<p>La reconstruction des march\u00e9s est un programme, mieux une&nbsp;<em>\u00abpriorit\u00e9\u00bb<\/em>&nbsp;pour le pouvoir public. M\u00eame si son objectif est de moderniser ces lieux publics et leur apporter surtout s\u00e9curit\u00e9 et confort, ce programme \u00e9galement butte souvent sur un parterre de blocages venant directement des commer\u00e7ants et sp\u00e9culateurs. Comme c\u2019est le cas dans la commune de Kaolack o\u00f9 les occupants des march\u00e9s refusent de quitter leurs souks et cantines, pour \u00eatre log\u00e9s ailleurs, le temps de la reconstruction. Quelle que soit l\u2019offre qui leur est soumise, cette opposition est toujours cat\u00e9gorique et ces personnes brandissent toujours la th\u00e8se du manque \u00e0 gagner au niveau des nouveaux sites propos\u00e9s.<\/p>\n\n\n\n<p>Sur une autre version, ces commer\u00e7ants craignent de perdre leurs souks ou cantines, mais doutent aussi des nouveaux tarifs de location qui leur seront propos\u00e9s, une fois le march\u00e9 reconstruit. Et ceci sous pr\u00e9texte d\u2019\u00eatre d\u00e9guerpis, s\u2019ils ne sont plus en mesure de payer leurs locations. Il faut cependant souligner qu\u2019\u00e0 chaque fois qu\u2019un march\u00e9 br\u00fble, ces personnes pr\u00e9f\u00e8rent se livrer \u00e0 des op\u00e9rations de reconstruction partielles, qu\u2019elles financent elles-m\u00eames, sans un quelconque apport financier venant de l\u2019ext\u00e9rieur. C\u2019est le paradoxe&nbsp;!<\/p>\n\n\n\n<p><strong>Abdoulaye FALL<\/strong><\/p>\n","protected":false},"excerpt":{"rendered":"<p>Depuis plusieurs ann\u00e9es, le ph\u00e9nom\u00e8ne des incendies dans les march\u00e9s publics gagne de plus en plus du terrain dans le<\/p>\n","protected":false},"author":1,"featured_media":26705,"comment_status":"open","ping_status":"open","sticky":false,"template":"","format":"standard","meta":{"footnotes":""},"categories":[26],"tags":[],"class_list":["post-26704","post","type-post","status-publish","format-standard","has-post-thumbnail","hentry","category-fait-divers"],"_links":{"self":[{"href":"https:\/\/dekkbi.com\/index.php?rest_route=\/wp\/v2\/posts\/26704","targetHints":{"allow":["GET"]}}],"collection":[{"href":"https:\/\/dekkbi.com\/index.php?rest_route=\/wp\/v2\/posts"}],"about":[{"href":"https:\/\/dekkbi.com\/index.php?rest_route=\/wp\/v2\/types\/post"}],"author":[{"embeddable":true,"href":"https:\/\/dekkbi.com\/index.php?rest_route=\/wp\/v2\/users\/1"}],"replies":[{"embeddable":true,"href":"https:\/\/dekkbi.com\/index.php?rest_route=%2Fwp%2Fv2%2Fcomments&post=26704"}],"version-history":[{"count":1,"href":"https:\/\/dekkbi.com\/index.php?rest_route=\/wp\/v2\/posts\/26704\/revisions"}],"predecessor-version":[{"id":26706,"href":"https:\/\/dekkbi.com\/index.php?rest_route=\/wp\/v2\/posts\/26704\/revisions\/26706"}],"wp:featuredmedia":[{"embeddable":true,"href":"https:\/\/dekkbi.com\/index.php?rest_route=\/wp\/v2\/media\/26705"}],"wp:attachment":[{"href":"https:\/\/dekkbi.com\/index.php?rest_route=%2Fwp%2Fv2%2Fmedia&parent=26704"}],"wp:term":[{"taxonomy":"category","embeddable":true,"href":"https:\/\/dekkbi.com\/index.php?rest_route=%2Fwp%2Fv2%2Fcategories&post=26704"},{"taxonomy":"post_tag","embeddable":true,"href":"https:\/\/dekkbi.com\/index.php?rest_route=%2Fwp%2Fv2%2Ftags&post=26704"}],"curies":[{"name":"wp","href":"https:\/\/api.w.org\/{rel}","templated":true}]}}