{"id":2668,"date":"2022-11-03T15:33:49","date_gmt":"2022-11-03T15:33:49","guid":{"rendered":"https:\/\/dekkbi.com\/?p=2668"},"modified":"2022-11-03T15:33:51","modified_gmt":"2022-11-03T15:33:51","slug":"legislatives-en-israel-qui-sont-les-allies-dextreme-droite-de-benyamin-netanyahou-possibles-faiseurs-de-rois-du-prochain-gouvernement","status":"publish","type":"post","link":"https:\/\/dekkbi.com\/?p=2668","title":{"rendered":"<strong>L\u00e9gislatives en Isra\u00ebl : qui sont les alli\u00e9s d&rsquo;extr\u00eame droite de Benyamin N\u00e9tanyahou, possibles faiseurs de rois du prochain gouvernement ?<\/strong>"},"content":{"rendered":"\n<p>Le Parti sioniste\u00a0religieux est arriv\u00e9 en troisi\u00e8me position des \u00e9lections, mardi, selon des r\u00e9sultats provisoires.<\/p>\n\n\n\n<p>FRANCEINFO<\/p>\n\n\n\n<p>S&rsquo;il revient au pouvoir, ce sera en partie gr\u00e2ce \u00e0 eux. L&rsquo;ancien Premier ministre isra\u00e9lien,\u00a0Benyamin N\u00e9tanyahou, s&rsquo;est dit\u00a0<em>\u00ab\u00a0pr\u00e8s d&rsquo;une grande victoire\u00a0\u00bb<\/em>, mercredi 2\u00a0novembre, apr\u00e8s l&rsquo;annonce des premiers r\u00e9sultats des \u00e9lections l\u00e9gislatives, marqu\u00e9s par la perc\u00e9e d&rsquo;une formation d&rsquo;extr\u00eame droite. Le chef du Likoud a vu ses alli\u00e9s de la liste\u00a0Sionisme religieux\u00a0(ou Parti sioniste religieux) arriver en troisi\u00e8me position, avec 14\u00a0si\u00e8ges, doublant leur pr\u00e9c\u00e9dent nombre d&rsquo;\u00e9lus, apr\u00e8s le d\u00e9pouillement de 87% des bulletins. Emmen\u00e9 par Bezalel Smotrich, le Parti sioniste religieux est \u00e9galement incarn\u00e9 par Itamar Ben Gvir, chef du parti anti-arabe Force juive, qui a fait campagne sous cette banni\u00e8re commune.\u00a0<em>\u00ab\u00a0Isra\u00ebl est sur le point d&rsquo;entamer une r\u00e9volution de droite, religieuse et autoritaire\u00a0\u00bb<\/em>, redoute le grand quotidien de gauche\u00a0<em>Haaretz<\/em>.<\/p>\n\n\n\n<p>Franceinfo vous pr\u00e9sente les deux hommes qui d\u00e9tiennent peut-\u00eatre les cl\u00e9s du prochain gouvernement isra\u00e9lien.<\/p>\n\n\n\n<h2 class=\"wp-block-heading\">Itamar Ben Gvir, l&rsquo;agitateur<\/h2>\n\n\n\n<p>Longtemps cantonn\u00e9 au r\u00f4le de trublion infr\u00e9quentable de l&rsquo;extr\u00eame droite, Itamar Ben Gvir est devenu une figure incontournable de la politique en Isra\u00ebl. Sa ligne id\u00e9ologique est inspir\u00e9e d&rsquo;un des rabbins les plus radicaux de l&rsquo;histoire, Me\u00efr Kahane, fondateur d&rsquo;une formation supr\u00e9maciste juive bannie du pays pour \u00ab\u00a0terrorisme\u00a0\u00bb apr\u00e8s un attentat en 1994. Itamar Ben Gvir est lui-m\u00eame connu, depuis son adolescence, pour avoir \u00e9t\u00e9 inculp\u00e9 des dizaines de fois pour incitation \u00e0 la haine ou pour des violences et se vante d&rsquo;avoir \u00e9t\u00e9 innocent\u00e9 dans 46&nbsp;cas sur 53.<\/p>\n\n\n\n<p>En 1995, dans un climat tendu apr\u00e8s les accords d&rsquo;Oslo conclus entre Isra\u00ebl et les Palestiniens, il s&rsquo;\u00e9tait fait remarquer en arrachant le symbole Cadillac de la voiture du Premier ministre Yitzhak Rabin.&nbsp;<em>\u00ab\u00a0On est arriv\u00e9 jusqu&rsquo;\u00e0 ce symbole. On arrivera jusqu&rsquo;\u00e0 lui\u00a0\u00bb<\/em>, avait alors lanc\u00e9 le jeune homme. Quelques semaines plus tard, le dirigeant isra\u00e9lien \u00e9tait assassin\u00e9 par un autre militant d&rsquo;extr\u00eame droite.<\/p>\n\n\n\n<p>Apr\u00e8s des ann\u00e9es de militantisme, Itamar Ben Gvir, avocat de formation, est devenu d\u00e9put\u00e9 en avril 2021. Soucieux de se rendre plus respectable, le leader du parti Force juive (Otzma Yehudit) a assur\u00e9, quelques mois plus tard, avoir&nbsp;<em>\u00ab\u00a0chang\u00e9\u00a0\u00bb<\/em>&nbsp;depuis ses d\u00e9buts.<\/p>\n\n\n\n<blockquote class=\"wp-block-quote is-layout-flow wp-block-quote-is-layout-flow\">\n<p>\u00ab\u00a0Je disais il y a vingt ans qu&rsquo;il fallait expulser tous les Arabes, je ne le pense plus, mais je ne vais pas m&rsquo;excuser.\u00a0\u00bbItamar Ben Gvir, leader de Force juive<\/p>\n\n\n\n<p>\u00e0 l&rsquo;AFP<\/p>\n<\/blockquote>\n\n\n\n<p>Itamar Ben Gvir pr\u00f4ne quand m\u00eame l&rsquo;expulsion vers des pays voisins d&rsquo;une partie des Arabes d&rsquo;Isra\u00ebl, en ciblant&nbsp;<em>\u00ab\u00a0ceux qui agissent pour saper l&rsquo;existence\u00a0\u00bb<\/em>&nbsp;de l&rsquo;Etat h\u00e9breu. Il affirme n&rsquo;avoir&nbsp;<em>\u00ab\u00a0pas de probl\u00e8me\u00a0\u00bb<\/em>&nbsp;avec la population arabe&nbsp;<em>\u00ab\u00a0loyale\u00a0\u00bb<\/em>&nbsp;\u00e0 l&rsquo;Etat d&rsquo;Isra\u00ebl. Install\u00e9 dans une colonie parmi les plus radicales de Cisjordanie occup\u00e9e, il d\u00e9fend aussi l&rsquo;annexion de ce territoire, o\u00f9 vivent 2,9&nbsp;millions de Palestiniens et 475&nbsp;000 colons isra\u00e9liens. A 46&nbsp;ans, ce p\u00e8re de six enfants est \u00e9galement connu pour ses positions LGBTphobes.<\/p>\n\n\n\n<figure class=\"wp-block-image\"><img decoding=\"async\" src=\"https:\/\/www.francetvinfo.fr\/pictures\/mI6Ac8JuBkv_mp7x5KvQUG1Bupo\/fit-in\/720x\/2022\/11\/03\/phptEu5vf.jpg\" alt=\"Itamar Ben Gvir salue ses partisans, le 2 novembre 2022, \u00e0 J\u00e9rusalem, apr\u00e8s les l\u00e9gislatives en Isra\u00ebl. (MATAN GOLAN\/SIPA USA\/SIPA)\"\/><figcaption class=\"wp-element-caption\">Itamar Ben Gvir salue ses partisans, le 2 novembre 2022, \u00e0 J\u00e9rusalem, apr\u00e8s les l\u00e9gislatives en Isra\u00ebl.&nbsp;(MATAN GOLAN\/SIPA USA\/SIPA)<\/figcaption><\/figure>\n\n\n\n<p>Quel pourrait \u00eatre son r\u00f4le dans le futur gouvernement\u00a0? Itamar Ben Gvir a fait savoir mardi qu&rsquo;il briguait le minist\u00e8re cl\u00e9 de la S\u00e9curit\u00e9 int\u00e9rieure, ce que Benyamin N\u00e9tanyahou n&rsquo;a pas exclu.\u00a0<em>\u00ab\u00a0C&rsquo;est un paradoxe quand on sait qu&rsquo;il n&rsquo;a pas effectu\u00e9 son service militaire, l&rsquo;arm\u00e9e le consid\u00e9rant comme trop radical\u00a0\u00bb<\/em>, souligne Fr\u00e9d\u00e9rique Schillo, historienne sp\u00e9cialiste d&rsquo;Isra\u00ebl, dans\u00a0<em>La Croix<\/em>. Cette figure montante n&rsquo;a jamais cach\u00e9 son go\u00fbt pour les armes \u2013 il avait r\u00e9cemment brandi un pistolet lors de heurts \u00e0 J\u00e9rusalem-Est. Une telle nomination pourrait donner lieu \u00e0 un tour de vis s\u00e9curitaire, Itamar Ben Gvir d\u00e9plorant qu&rsquo;Isra\u00ebl fasse jusqu&rsquo;ici un usage trop limit\u00e9 de la force face aux Palestiniens.<\/p>\n\n\n\n<h2 class=\"wp-block-heading\">Bezalel Smotrich, le chef de file radical<\/h2>\n\n\n\n<p>Plus discret et pacifiste que son colistier, Bezalel Smotrich est le pr\u00e9sident du Parti sioniste religieux (HaTzionut HaDatit), nouveau nom, depuis 2021, du parti R\u00e9surrection (Tkuma). Ce fils de rabbin a fr\u00e9quent\u00e9 l&rsquo;une des \u00e9coles talmudiques les plus prestigieuses de J\u00e9rusalem. Dans un Etat qui compte 20% d&rsquo;habitants arabes, il d\u00e9fend une vision radicale d&rsquo;Isra\u00ebl. Ce colon affirm\u00e9 consid\u00e8re le pays comme une terre juive pour les juifs, qui devrait \u00eatre davantage r\u00e9gie par la Torah, et s&rsquo;oppose \u00e0 la solution \u00e0 deux Etats que Benyamin N\u00e9tanyahou a soutenu par le pass\u00e9.<\/p>\n\n\n\n<p>Lui aussi avocat, Bezalel Smotrich s&rsquo;est frott\u00e9 \u00e0 la vie militante et politique lors de manifestations pour\u00a0<em>\u00ab\u00a0d\u00e9fendre la pr\u00e9sence juive\u00a0\u00bb<\/em>\u00a0dans les territoires palestiniens, comme le relevait\u00a0<em>Lib\u00e9ration\u00a0<\/em>en 2017. L&rsquo;une de ses mobilisations lui a valu une arrestation, en 2005, en marge d&rsquo;incidents contre le d\u00e9mant\u00e8lement des colonies de Gaza, projet port\u00e9 \u00e0 l&rsquo;\u00e9poque par le Premier ministre Ariel Sharon.<\/p>\n\n\n\n<p>Elu d\u00e9put\u00e9 en 2015, Bezalel Smotrich s&rsquo;est fait remarquer \u00e0 la Knesset comme l&rsquo;un des \u00e9lus les plus pauvres et les plus studieux du Parlement, ne voyant ses enfants que pour Shabbat, selon un r\u00e9cent article de\u00a0<em>Lib\u00e9ration<\/em>. A la m\u00eame p\u00e9riode, ce p\u00e8re de sept enfants s&rsquo;est dit\u00a0<em>\u00ab\u00a0fier d&rsquo;\u00eatre homophobe\u00a0\u00bb<\/em>\u00a0et ne cache pas son racisme. Il s&rsquo;est notamment indign\u00e9 que son \u00e9pouse ait eu \u00e0 croiser des femmes arabes \u00e0 l&rsquo;h\u00f4pital apr\u00e8s un accouchement. Entre 2019 et 2020, il a \u00e9t\u00e9 promu au poste de ministre des Transports dans le gouvernement de Benyamin N\u00e9tanyahou.<\/p>\n\n\n\n<figure class=\"wp-block-image\"><img decoding=\"async\" src=\"https:\/\/www.francetvinfo.fr\/pictures\/4TTvFkKDZeTUtSbNsp0DAjR5ux4\/fit-in\/720x\/2022\/11\/03\/php2q6oqs.jpg\" alt=\"Betzalel Smotrich est \u00e9vacu\u00e9 de la Knesset, le 13 juin 2021, \u00e0 J\u00e9rusalem, apr\u00e8s avoir perturb\u00e9 un discours du futur Premier ministre Naftali Bennett. (ARIEL SCHALIT\/AP\/SIPA)\"\/><figcaption class=\"wp-element-caption\">Betzalel Smotrich est \u00e9vacu\u00e9 de la Knesset, le 13 juin 2021, \u00e0 J\u00e9rusalem, apr\u00e8s avoir perturb\u00e9 un discours du futur Premier ministre Naftali Bennett.&nbsp;(ARIEL SCHALIT\/AP\/SIPA)<\/figcaption><\/figure>\n\n\n\n<p>L&rsquo;un de ses chevaux de bataille est d\u00e9sormais la r\u00e9forme du syst\u00e8me judiciaire isra\u00e9lien, qu&rsquo;il veut soumettre davantage \u00e0 ses aspirations politico-religieuses, notamment par la nomination gouvernementale des juges de la Cour supr\u00eame et par la restriction de la possibilit\u00e9 de censurer des lois vot\u00e9es \u00e0 la Knesset. Certaines poursuites contre des parlementaires seraient rendues impossibles, ce qui pourrait mettre fin au proc\u00e8s visant Benyamin N\u00e9tanyahou, rel\u00e8ve\u00a0<em>Le Monde<\/em>.<\/p>\n\n\n\n<p>La garantie d&rsquo;une telle r\u00e9forme a \u00e9t\u00e9 pr\u00e9sent\u00e9e comme un pr\u00e9alable n\u00e9cessaire \u00e0 toute alliance avec le parti de Benyamin N\u00e9tanyahou \u00e0 l&rsquo;issue des l\u00e9gislatives, rapporte\u00a0<em>The Times of Isra\u00ebl<\/em>. Le Parti sioniste religieux a fait savoir qu&rsquo;il r\u00e9clamerait le minist\u00e8re de la Justice en cas d&rsquo;accord de coalition. Son chef, Bezalel Smotrich, viserait, lui, le poste de la D\u00e9fense, selon\u00a0<em>Le Monde<\/em>.<\/p>\n","protected":false},"excerpt":{"rendered":"<p>Le Parti sioniste\u00a0religieux est arriv\u00e9 en troisi\u00e8me position des \u00e9lections, mardi, selon des r\u00e9sultats provisoires. FRANCEINFO S&rsquo;il revient au pouvoir,<\/p>\n","protected":false},"author":1,"featured_media":2669,"comment_status":"open","ping_status":"open","sticky":false,"template":"","format":"standard","meta":{"footnotes":""},"categories":[6],"tags":[],"class_list":["post-2668","post","type-post","status-publish","format-standard","has-post-thumbnail","hentry","category-politics"],"_links":{"self":[{"href":"https:\/\/dekkbi.com\/index.php?rest_route=\/wp\/v2\/posts\/2668","targetHints":{"allow":["GET"]}}],"collection":[{"href":"https:\/\/dekkbi.com\/index.php?rest_route=\/wp\/v2\/posts"}],"about":[{"href":"https:\/\/dekkbi.com\/index.php?rest_route=\/wp\/v2\/types\/post"}],"author":[{"embeddable":true,"href":"https:\/\/dekkbi.com\/index.php?rest_route=\/wp\/v2\/users\/1"}],"replies":[{"embeddable":true,"href":"https:\/\/dekkbi.com\/index.php?rest_route=%2Fwp%2Fv2%2Fcomments&post=2668"}],"version-history":[{"count":1,"href":"https:\/\/dekkbi.com\/index.php?rest_route=\/wp\/v2\/posts\/2668\/revisions"}],"predecessor-version":[{"id":2670,"href":"https:\/\/dekkbi.com\/index.php?rest_route=\/wp\/v2\/posts\/2668\/revisions\/2670"}],"wp:featuredmedia":[{"embeddable":true,"href":"https:\/\/dekkbi.com\/index.php?rest_route=\/wp\/v2\/media\/2669"}],"wp:attachment":[{"href":"https:\/\/dekkbi.com\/index.php?rest_route=%2Fwp%2Fv2%2Fmedia&parent=2668"}],"wp:term":[{"taxonomy":"category","embeddable":true,"href":"https:\/\/dekkbi.com\/index.php?rest_route=%2Fwp%2Fv2%2Fcategories&post=2668"},{"taxonomy":"post_tag","embeddable":true,"href":"https:\/\/dekkbi.com\/index.php?rest_route=%2Fwp%2Fv2%2Ftags&post=2668"}],"curies":[{"name":"wp","href":"https:\/\/api.w.org\/{rel}","templated":true}]}}