{"id":2665,"date":"2022-11-03T15:24:35","date_gmt":"2022-11-03T15:24:35","guid":{"rendered":"https:\/\/dekkbi.com\/?p=2665"},"modified":"2022-11-03T15:24:36","modified_gmt":"2022-11-03T15:24:36","slug":"insuffisance-des-laboratoires-au-senegal-lautre-virus-de-la-sante","status":"publish","type":"post","link":"https:\/\/dekkbi.com\/?p=2665","title":{"rendered":"Insuffisance des laboratoires au S\u00e9n\u00e9gal : L\u2019autre virus de la sant\u00e9"},"content":{"rendered":"\n<p><strong>La pr\u00e9vention des pand\u00e9mies passe aussi par des infrastructures et \u00e9quipements de qualit\u00e9. Hier, lors des discussions dans le cadre des Journ\u00e9es scientifiques Sida, Pr Amadou Mactar Di\u00e8ye a plaid\u00e9 pour l\u2019installation de laboratoires d\u2019excellence dans toutes les r\u00e9gions du pays.<\/strong><\/p>\n\n\n\n<p><strong>Par Justin GOMIS \u2013&nbsp;<\/strong>Les acteurs de la sant\u00e9 reconnaissent que la pand\u00e9mie du Covid-19 a pouss\u00e9 les autorit\u00e9s \u00e0 agir sur le syst\u00e8me de sant\u00e9. Mais, il reste encore des efforts \u00e0 faire. En tout cas, c\u2019est l\u2019avis du directeur des Laboratoires. Lors de l\u2019ouverture des Journ\u00e9es scientifiques sur le Sida, qui prennent fin ce jeudi, Pr Amadou Mactar Di\u00e8ye a plaid\u00e9 pour l\u2019installation de laboratoires d\u2019excellence dans toutes les capitales r\u00e9gionales du pays. Selon Pr Di\u00e8ye, en dehors des ressources humaines, nous devons avoir des infrastructures et \u00e9quipements, mais surtout des laboratoires.&nbsp; Et d\u2019expliquer : \u00abQuand j\u2019ai \u00e9t\u00e9 nomm\u00e9 directeur des La\u00adboratoires, j\u2019ai pens\u00e9 \u00e0 ce que les r\u00e9sultats des laboratoires, d\u2019o\u00f9 qu\u2019ils viennent, ne soient pas&nbsp; contestables, qu\u2019ils soient fiables. Si un laboratoire donne des r\u00e9sultats mauvais, c\u2019est la catastrophe. La m\u00e9decine se base sur les r\u00e9sultats du laboratoire pour pouvoir traiter les patients. Le laboratoire est important. Sans le laboratoire, le m\u00e9decin est aveugle. Le diagnostic permet de suivre l\u2019efficacit\u00e9 du traitement, la charge virale et m\u00eame de certifier la gu\u00e9rison.\u00bb Il a dans la m\u00eame veine insist\u00e9 sur le fait que \u00abnous devons penser \u00e0 un syst\u00e8me de laboratoire efficace\u00bb, car \u00absans laboratoire, pas de diagnostic, et sans diagnostic, il n\u2019y a pas de traitement\u00bb. Et le Pr Di\u00e8ye de lancer un appel : \u00abIl faut mettre partout des laboratoires capables de faire des analyses dont les populations ont besoin.\u00bb&nbsp;Lors de son intervention, le directeur des Laboratoires a rappel\u00e9 qu\u2019au d\u00e9but de la pand\u00e9mie du Covid-19, \u00abl\u2019essentiel des tests se faisaient \u00e0 Dakar\u00bb. D\u2019apr\u00e8s lui, \u00abc\u2019est apr\u00e8s 3 mois qu\u2019il y a eu une d\u00e9centralisation dans ce sens\u00bb. Et de plaider : \u00abNous souhaitons qu\u2019on travaille dans cette direction en \u00e9laborant un programme sp\u00e9cial de d\u00e9veloppement des laboratoires. Nous souhaitons avoir dans chaque capitale r\u00e9gionale, un laboratoire d\u2019excellence. Ainsi, personne ne quittera une r\u00e9gion pour aller vers une autre, qu\u2019il s\u2019agisse d\u2019\u00e9pid\u00e9mie ou de prise en charge de routine.\u00bb<br>En outre, pour une meilleure lutte contre les pand\u00e9mies, Pr Amadou Mactar Di\u00e8ye pense qu\u2019il faut aussi disposer de fonds d\u2019intervention rapide facilement mobilisables.<\/p>\n\n\n\n<p>Par ailleurs, la Secr\u00e9taire ex\u00e9cutive du Cnls a fait remarquer que la pand\u00e9mie du Covid-19 a pouss\u00e9 les autorit\u00e9s \u00e0 agir sur le syst\u00e8me sanitaire. De l\u2019avis de Dr Safi\u00e9tou Thiam, maintenant \u00abil faut identifier et renforcer le syst\u00e8me sanitaire\u00bb car, pr\u00e9vient-elle, \u00abnous n\u2019en avons pas encore fini avec les pand\u00e9mies\u00bb. C\u2019est dans ce sens, poursuit-elle, que les experts ont d\u00e9cid\u00e9 de travailler ensemble pour identifier les besoins en mettant en place un comit\u00e9 qui a servi de cadre de r\u00e9flexion. La question aujourd\u2019hui est de savoir \u00abcomment \u00eatre pr\u00eat pour ne pas \u00eatre surpris par d\u2019autres pand\u00e9mies\u00bb. D\u2019apr\u00e8s professeur Amadou Mactar Di\u00e8ye,&nbsp;\u00abtous les pays doivent disposer d\u2019un syst\u00e8me de sant\u00e9 solide qu\u2019il y ait ou pas de pand\u00e9mie\u00bb. Le Directeur g\u00e9n\u00e9ral des laboratoires du S\u00e9n\u00e9gal pense qu\u2019il faut d\u00e9j\u00e0 se pr\u00e9parer.&nbsp;\u00abIl est vrai que nous disposons au S\u00e9n\u00e9gal, d\u2019un syst\u00e8me de sant\u00e9 de qualit\u00e9 pour une bonne prise en charge de la sant\u00e9 des populations. Mais, nous avons besoin aussi de ressources humaines de qualit\u00e9 dans le domaine de la surveillance, de la d\u00e9tection et de la prise en charge\u00bb, a-t-il insist\u00e9.<br><strong>justin@lequotidien.sn<\/strong><\/p>\n","protected":false},"excerpt":{"rendered":"<p>La pr\u00e9vention des pand\u00e9mies passe aussi par des infrastructures et \u00e9quipements de qualit\u00e9. Hier, lors des discussions dans le cadre<\/p>\n","protected":false},"author":1,"featured_media":2666,"comment_status":"open","ping_status":"open","sticky":false,"template":"","format":"standard","meta":{"footnotes":""},"categories":[21],"tags":[],"class_list":["post-2665","post","type-post","status-publish","format-standard","has-post-thumbnail","hentry","category-societe"],"_links":{"self":[{"href":"https:\/\/dekkbi.com\/index.php?rest_route=\/wp\/v2\/posts\/2665","targetHints":{"allow":["GET"]}}],"collection":[{"href":"https:\/\/dekkbi.com\/index.php?rest_route=\/wp\/v2\/posts"}],"about":[{"href":"https:\/\/dekkbi.com\/index.php?rest_route=\/wp\/v2\/types\/post"}],"author":[{"embeddable":true,"href":"https:\/\/dekkbi.com\/index.php?rest_route=\/wp\/v2\/users\/1"}],"replies":[{"embeddable":true,"href":"https:\/\/dekkbi.com\/index.php?rest_route=%2Fwp%2Fv2%2Fcomments&post=2665"}],"version-history":[{"count":1,"href":"https:\/\/dekkbi.com\/index.php?rest_route=\/wp\/v2\/posts\/2665\/revisions"}],"predecessor-version":[{"id":2667,"href":"https:\/\/dekkbi.com\/index.php?rest_route=\/wp\/v2\/posts\/2665\/revisions\/2667"}],"wp:featuredmedia":[{"embeddable":true,"href":"https:\/\/dekkbi.com\/index.php?rest_route=\/wp\/v2\/media\/2666"}],"wp:attachment":[{"href":"https:\/\/dekkbi.com\/index.php?rest_route=%2Fwp%2Fv2%2Fmedia&parent=2665"}],"wp:term":[{"taxonomy":"category","embeddable":true,"href":"https:\/\/dekkbi.com\/index.php?rest_route=%2Fwp%2Fv2%2Fcategories&post=2665"},{"taxonomy":"post_tag","embeddable":true,"href":"https:\/\/dekkbi.com\/index.php?rest_route=%2Fwp%2Fv2%2Ftags&post=2665"}],"curies":[{"name":"wp","href":"https:\/\/api.w.org\/{rel}","templated":true}]}}