{"id":26644,"date":"2023-12-05T11:33:28","date_gmt":"2023-12-05T11:33:28","guid":{"rendered":"https:\/\/dekkbi.com\/?p=26644"},"modified":"2023-12-05T11:33:29","modified_gmt":"2023-12-05T11:33:29","slug":"rafael-nadal-prudent-avant-son-grand-retour-sur-le-circuit-je-suis-en-terre-inconnue","status":"publish","type":"post","link":"https:\/\/dekkbi.com\/?p=26644","title":{"rendered":"Rafael Nadal prudent avant son grand retour sur le circuit: \u201cJe suis en terre inconnue\u201d"},"content":{"rendered":"\n<p>\u201cJ\u2019attends de moi de ne rien attendre en particulier\u201d: Rafael Nadal, dans une vid\u00e9o publi\u00e9e lundi sur les r\u00e9seaux sociaux, s\u2019est employ\u00e9 \u00e0 mod\u00e9rer les attentes n\u00e9es de l\u2019annonce de son retour \u00e0 la comp\u00e9tition, pr\u00e8s d\u2019un an apr\u00e8s avoir disput\u00e9 son dernier match.<\/p>\n\n\n\n<p>L\u2019ex-N.1 mondial, retomb\u00e9 au 664e rang mondial dans le dernier classement ATP publi\u00e9 lundi, a cr\u00e9\u00e9 la sensation en annon\u00e7ant vendredi qu\u2019il allait retrouver les courts de tennis d\u00e9but janvier \u00e0 Brisbane (31 d\u00e9cembre au 7 janvier), pour une probable derni\u00e8re saison avant de prendre sa retraite. Le retour de l\u2019Espagnol a suscit\u00e9 de l\u2019effervescence. Mais, \u00e0 37 ans, Nadal pr\u00e9vient: il ne veut plus exiger de lui-m\u00eame ce qu\u2019il s\u2019est impos\u00e9 tout au long de sa carri\u00e8re.<\/p>\n\n\n\n<p>\u201cCela fait longtemps que je n\u2019ai pas jou\u00e9, donc j\u2019esp\u00e8re avant tout ressentir \u00e0 nouveau cette pression, cette excitation, ces peurs, ces doutes\u201d, d\u00e9clare-t-il face cam\u00e9ra dans une vid\u00e9o diffus\u00e9e sur les r\u00e9seaux sociaux. \u201cJ\u2019attends de moi de ne rien attendre en particulier. C\u2019est la v\u00e9rit\u00e9. Avoir la capacit\u00e9 de ne plus exiger de moi-m\u00eame ce que j\u2019ai exig\u00e9 de moi pendant toute ma carri\u00e8re\u201d, poursuit-il. Nadal n\u2019a plus jou\u00e9 en comp\u00e9tition depuis le 18 janvier dernier, quand, diminu\u00e9 par une blessure \u00e0 la hanche, il avait c\u00e9d\u00e9 en trois sets face \u00e0 l\u2019Am\u00e9ricain Mackenzie McDonald au deuxi\u00e8me tour de l\u2019Open d\u2019Australie.<\/p>\n\n\n\n<h2 class=\"wp-block-heading\">\u201cAccepter que les choses seront tr\u00e8s difficiles au d\u00e9but\u201d<\/h2>\n\n\n\n<p>Le joueur, op\u00e9r\u00e9 depuis, a indiqu\u00e9 \u00e0 plusieurs reprises ces derniers mois que la saison 2024 serait sa derni\u00e8re. Avec un double rendez-vous possible sur la terre battue de Roland-Garros qui l\u2019a fait roi, puisque le tournoi de tennis des Jeux de Paris 2024 aura lieu au stade de la Porte d\u2019Auteuil o\u00f9 il a remport\u00e9 14 des 22 titres en Grand Chelem de sa prolifique carri\u00e8re.<\/p>\n\n\n\n<p>\u201cJe suis dans un moment diff\u00e9rent, dans une situation diff\u00e9rente et en terre inconnue\u201d, poursuit-il, expliquant qu\u2019il va devoir modifier son approche du sport. \u201cJ\u2019ai int\u00e9rioris\u00e9, dit-il, ce que je me suis impos\u00e9 toute ma vie, exiger de moi le maximum. \u00c0 pr\u00e9sent, j\u2019esp\u00e8re vraiment \u00eatre en mesure de ne plus le faire, de ne plus exiger de moi le maximum, d\u2019accepter que les choses seront tr\u00e8s difficiles au d\u00e9but, de me donner le temps n\u00e9cessaire, de me pardonner si les choses tournent mal au d\u00e9but, ce qui est une tr\u00e8s forte possibilit\u00e9.\u201d<\/p>\n\n\n\n<p>Mais le comp\u00e9titeur reste \u00e0 l\u2019aff\u00fbt. \u201cIl y aura peut-\u00eatre un avenir pas trop lointain o\u00f9 les choses pourront changer si je garde l\u2019enthousiasme, l\u2019esprit de travail et si le physique r\u00e9pond\u201d, conclut-il.<\/p>\n","protected":false},"excerpt":{"rendered":"<p>\u201cJ\u2019attends de moi de ne rien attendre en particulier\u201d: Rafael Nadal, dans une vid\u00e9o publi\u00e9e lundi sur les r\u00e9seaux sociaux,<\/p>\n","protected":false},"author":1,"featured_media":21811,"comment_status":"open","ping_status":"open","sticky":false,"template":"","format":"standard","meta":{"footnotes":""},"categories":[9],"tags":[],"class_list":["post-26644","post","type-post","status-publish","format-standard","has-post-thumbnail","hentry","category-sports"],"_links":{"self":[{"href":"https:\/\/dekkbi.com\/index.php?rest_route=\/wp\/v2\/posts\/26644","targetHints":{"allow":["GET"]}}],"collection":[{"href":"https:\/\/dekkbi.com\/index.php?rest_route=\/wp\/v2\/posts"}],"about":[{"href":"https:\/\/dekkbi.com\/index.php?rest_route=\/wp\/v2\/types\/post"}],"author":[{"embeddable":true,"href":"https:\/\/dekkbi.com\/index.php?rest_route=\/wp\/v2\/users\/1"}],"replies":[{"embeddable":true,"href":"https:\/\/dekkbi.com\/index.php?rest_route=%2Fwp%2Fv2%2Fcomments&post=26644"}],"version-history":[{"count":1,"href":"https:\/\/dekkbi.com\/index.php?rest_route=\/wp\/v2\/posts\/26644\/revisions"}],"predecessor-version":[{"id":26645,"href":"https:\/\/dekkbi.com\/index.php?rest_route=\/wp\/v2\/posts\/26644\/revisions\/26645"}],"wp:featuredmedia":[{"embeddable":true,"href":"https:\/\/dekkbi.com\/index.php?rest_route=\/wp\/v2\/media\/21811"}],"wp:attachment":[{"href":"https:\/\/dekkbi.com\/index.php?rest_route=%2Fwp%2Fv2%2Fmedia&parent=26644"}],"wp:term":[{"taxonomy":"category","embeddable":true,"href":"https:\/\/dekkbi.com\/index.php?rest_route=%2Fwp%2Fv2%2Fcategories&post=26644"},{"taxonomy":"post_tag","embeddable":true,"href":"https:\/\/dekkbi.com\/index.php?rest_route=%2Fwp%2Fv2%2Ftags&post=26644"}],"curies":[{"name":"wp","href":"https:\/\/api.w.org\/{rel}","templated":true}]}}