{"id":26622,"date":"2023-12-05T10:44:27","date_gmt":"2023-12-05T10:44:27","guid":{"rendered":"https:\/\/dekkbi.com\/?p=26622"},"modified":"2023-12-05T11:29:18","modified_gmt":"2023-12-05T11:29:18","slug":"ismael-sacko-homme-politique-malien-goita-a-fait-pire-que-les-civils","status":"publish","type":"post","link":"https:\/\/dekkbi.com\/?p=26622","title":{"rendered":"\u00abGoita a fait pire que&#8230;\u00bb"},"content":{"rendered":"\n<p><strong>Loin de l\u2019image de l\u2019homme fort qui aurait permis au Mali de recouvrer son int\u00e9grit\u00e9 territoriale en reprenant Kidal, Assimi Goita est d\u00e9peint par Isma\u00ebl Sacko, pr\u00e9sident du Parti social d\u00e9mocratique africain (Psda), comme un \u00abdespote\u00bb qui utilise la guerre pour peaufiner son image en vue de se pr\u00e9senter \u00e0 la Pr\u00e9sidentielle malienne. L\u2019alli\u00e9 et ancien conseiller du Pr\u00e9sident Ibrahim Boubacar Ke\u00efta, membre de la plateforme du 20 f\u00e9vrier pour sauver le Mali, et membre du cabinet Bah Ndaw, ancien pr\u00e9sident de la Transition du Mali, m\u00e8ne une croisade contre la junte au pouvoir \u00e0 Bamako. De passage \u00e0 Dakar, Isma\u00ebl Sacko est largement revenu sur les conditions de son exil, la reprise de Kidal qu\u2019il consid\u00e8re comme une \u00abarnaque\u00bb et surtout, a dress\u00e9 le bilan de 3 ans au pouvoir des militaires.<\/strong><\/p>\n\n\n\n<p><strong>Il n\u2019a fallu que 3 ans \u00e0 la junte militaire pour reprendre Kidal l\u00e0 o\u00f9 la Communaut\u00e9 internationale, dirig\u00e9e par la France, a mis 10 ans sans produire des r\u00e9sultats. Saluez-vous cette prouesse\u00a0?<\/strong><\/p>\n\n\n\n<p><br>La France n\u2019avait pas la mission de prendre Kidal. Ce n\u2019\u00e9tait ni sa mission ni celle de la Minusma. Est-ce que Kidal n\u2019est pas une r\u00e9gion malienne ? Qui nomme son Gouverneur ? Il n\u2019est pas nomm\u00e9 par les groupes terroristes, mais bien par l\u2019Etat du Mali. Partant de l\u00e0, peut-on dire que cette r\u00e9gion n\u2019appartient pas au Mali ? Kidal est rest\u00e9e toujours dans le giron malien. Est-ce qu\u2019en 2023, la Csp, la Cma ont demand\u00e9 la partition du Mali ? Ont-ils exig\u00e9 d\u2019appliquer la charia ? Non !\u00a0 Pourquoi cette guerre ? Pourquoi tuer des gens ? Pour donner l\u2019impression qu\u2019on a repris Kidal ? Kidal n\u2019a jamais \u00e9t\u00e9 perdue. C\u2019est de la poudre aux yeux. C\u2019est une farce. L\u2019Arm\u00e9e est rentr\u00e9e dans Kidal car elle voulait montrer \u00e0 l\u2019opinion qu\u2019il y a un accord sign\u00e9 en 2015 qui parle de la gestion des r\u00e9gions du nord, qui conf\u00e8re une pleine participation des populations locales dont les groupes arm\u00e9s. Il donne un certain nombre de pr\u00e9rogatives aux groupes arm\u00e9s de Kidal. Pour des militaires qui connaissent les cons\u00e9quences de la guerre, ils ne devaient pas engager l\u2019Etat dans un conflit arm\u00e9. Ils l\u2019ont fait parce qu\u2019ils veulent rester au pouvoir. Ils n\u2019ont pas battu les groupes terroristes. C\u2019est de l\u2019arnaque. Ils ont sign\u00e9 un accord avec Iyad al Ghali, un chef terroriste. C\u2019est lui qui a facilit\u00e9 l\u2019entr\u00e9e de Wagner \u00e0 Kidal. Ce n\u2019est pas l\u2019Arm\u00e9e malienne qui contr\u00f4le le camp militaire laiss\u00e9 par la Minusma. C\u2019est bien Wagner. Il n\u2019y a pas un seul militaire malien dans le camp de Kidal. C\u2019est Wagner qui a tu\u00e9 des militaires maliens et qui a \u00e9ventr\u00e9 des femmes maliennes pour avoir un salaire plus important, car c\u2019est un deal. Et c\u2019est \u00e7a la junte ? C\u2019est \u00e7a \u00eatre patriote ? C\u2019est \u00e7a la souverainet\u00e9 ? C\u2019est \u00e7a l\u2019int\u00e9grit\u00e9 nationale ? C\u2019est de l\u2019assassinat. Des crimes organis\u00e9s. Des crimes contre l\u2019humanit\u00e9. Assimi et ses camarades doivent r\u00e9pondre de leurs actes devant la Cpi. Est-ce le moment de tisser des liens avec Wagner alors que le Sahel est en d\u00e9tresse ? De petits voyous qui g\u00e8rent un Etat, c\u2019est \u00e7a l\u2019intelligence africaine ? C\u2019est \u00e7a que les gens applaudissent ? Sur la base de l\u2019or exploit\u00e9, vendu \u00e0 Duba\u00ef et en Turquie, des vid\u00e9astes sont pay\u00e9s \u00e0 coups de millions pour diffuser leur propagande. Ce n\u2019est pas l\u2019h\u00e9ritage de Soundiata Ke\u00efta. Ce n\u2019est pas \u00e7a la fiert\u00e9 africaine. L\u2019entr\u00e9e \u00e0 Kidal a \u00e9t\u00e9 l\u2019affront et l\u2019humiliation d\u2019une junte contre sa population. \u00c7a ne doit pas \u00eatre impuni.<\/p>\n\n\n\n<p><strong>C\u2019est un tableau bien sombre que vous dressez de la junte. Selon vous, ce \u00abdeal\u00bb est-il fait pour peaufiner l\u2019image de Assimi en vue de se pr\u00e9senter \u00e0 une \u00e9lection pr\u00e9sidentielle ou c\u2019est \u00e0 d\u2019autres fins ?\u00a0<\/strong><\/p>\n\n\n\n<p><br>L\u2019app\u00e9tit vient en mangeant. Assimi, c\u2019\u00e9tait le gars qui \u00e9tait au Nord et qui a \u00e9t\u00e9 arr\u00eat\u00e9 et prisonnier de Iyad Ag Ghali. Il a fallu une m\u00e9diation de l\u2019imam Dicko pour qu\u2019il soit lib\u00e9r\u00e9. Assimi que l\u2019on appelle l\u2019homme fort n\u2019a jamais gagn\u00e9 ni combat ni guerre. Il cherche \u00e0 se faire \u00e9lire au Mali. S\u2019il est r\u00e9ellement populaire, pourquoi a-t-il report\u00e9 l\u2019\u00e9lection pr\u00e9sidentielle de f\u00e9vrier 2024 ? Il sait que les Maliens ne veulent pas de lui. Il profite du package et du soutien des Brics. La Russie de Poutine n\u2019est pas l\u2019Urss. Elle n\u2019a pas ramen\u00e9 la paix en Libye ni en Centrafrique\u00a0; ce n\u2019est pas au Mali qu\u2019elle va r\u00e9ussir.<\/p>\n\n\n\n<p><strong>Du c\u00f4t\u00e9 de l\u2019opposition, \u00eates-vous dans une logique de pr\u00e9senter une candidature unique pour la Pr\u00e9sidentielle, ou vous voulez y aller en ordre dispers\u00e9 ?<\/strong><\/p>\n\n\n\n<p><br>Nous voulons que les \u00e9lections se tiennent le plus rapidement possible. Car la junte a fait faire un retour en arri\u00e8re de 40 ans. Si cette situation perdure, elle va continuer \u00e0 b\u00e2illonner la presse, \u00e0 mater les voix dissidentes et surtout, elle va continuer \u00e0 d\u00e9tourner l\u2019argent des Maliens. On a des opposants morts en prison. Des opposants emprisonn\u00e9s juste parce qu\u2019ils ont donn\u00e9 leur point de vue. Si Assimi devait respecter sa propre charte au lieu de nous envoyer une constitution tripatouill\u00e9e, il ne devrait jamais \u00eatre candidat. Il se croit au-dessus des lois. Les hommes politiques ont des ambitions. Il y aura des p\u00f4les qui vont s\u2019organiser. Chaque p\u00f4le aura son candidat. Il y aura un deal pour un second tour. J\u2019ai espoir que Assimi et ses camarades ne seront pas candidats.<\/p>\n\n\n\n<p>A un moment donn\u00e9, les hommes politiques ont failli. Il faut l\u2019avouer. Faisons un diagnostic clair. Assumons nos torts, notre part de responsabilit\u00e9. C\u2019est ce qui explique les coups d\u2019Etat. Mais cela ne les justifie pas. Les militaires ont une mission r\u00e9galienne.<\/p>\n\n\n\n<p>Mais quand ils cassent la Constitution par deux fois et qu\u2019ils ne respectent pas leur parole, c\u2019est une haute trahison. Ils vont prendre des lois pour s\u2019amnistier. Ils ont fait pire que les hommes politiques. Assimi est un despote. Il est pire qu\u2019un dictateur. Il n\u2019a rien am\u00e9lior\u00e9. Il y a 12 heures de coupures d\u2019\u00e9lectricit\u00e9 par jour \u00e0 Bamako.<\/p>\n\n\n\n<p><strong>Comment une \u00e9conomie peut-elle fonctionner avec \u00e7a ? On ne peut rester comme \u00e7a. C\u2019est bien de critiquer les pays de l\u2019Otan, mais quand le V\u00e9rificateur sort et pointe du doigt un d\u00e9tournement de 700 milliards en 2022, ce n\u2019est pas la France. Quand on charge les avions d\u2019or pour aller le vendre \u00e0 Duba\u00ef, ce n\u2019est pas encore la faute de la France ?<\/strong><\/p>\n\n\n\n<p><br>Oui, la Minusma et Barkhane n\u2019ont pas eu les r\u00e9sultats escompt\u00e9s. Mais Serval a servi les Maliens. Il faut le reconna\u00eetre. Il faut savoir dire non \u00e0 ses alli\u00e9s. Il faut savoir aller dans un d\u00e9bat pour changer les paradigmes. Macron avait annonc\u00e9 le retrait des forces fran\u00e7aises en 2019 \u00e0 Pau. La junte communique pour dire qu\u2019elle a chass\u00e9 la France. Elle oublie que Macron l\u2019avait d\u00e9j\u00e0 annonc\u00e9. Ne d\u00e9formons pas l\u2019histoire.<\/p>\n\n\n\n<p><strong>Avec tout ce que vous venez dire, j\u2019imagine que vous devez \u00eatre surpris de la fa\u00e7on dont Assimi Goita est per\u00e7u par la jeunesse africaine<\/strong><\/p>\n\n\n\n<p><br>Je ne suis pas surpris car nous avons une jeunesse qui vit sur les r\u00e9seaux sociaux. Quand les infos sont d\u00e9vers\u00e9es sur les r\u00e9seaux, elle n\u2019a pas le temps de les distiller. En plus, dans nos Etats, plus de 60% de la population n\u2019ont pas fait des \u00e9tudes pouss\u00e9es. C\u2019est une jeunesse perdue, en qu\u00eate de r\u00e9ponse. Qui veut voir un homme fort. C\u2019est comme \u00e7a que Assimi est pr\u00e9sent\u00e9. Comment peut-il \u00eatre un homme fort et sous-traiter une partie de sa s\u00e9curit\u00e9 \u00e0 Wagner ? O\u00f9 est la souverainet\u00e9 ? Qu\u2019est-ce qui a chang\u00e9 ? Il y a moins d\u2019une semaine, des localit\u00e9s au Centre ont sign\u00e9 avec les groupes terroristes pour avoir la paix. C\u2019est \u00e7a la r\u00e9alit\u00e9.<\/p>\n\n\n\n<p><strong>Pourquoi avez vous d\u00e9cid\u00e9 de quitter le Mali et d\u2019aller en exil ?\u00a0<\/strong><\/p>\n\n\n\n<p><br>Je suis sorti du Mali pour continuer mon combat politique, comme Mandela, Ouattara et d\u2019autres l\u2019ont fait. Et je ne suis pas le seul. Coulibaly, Dr Thiemoko Bakoyoko et d\u2019autres sont en exil. Nous avons d\u00e9cid\u00e9 de maintenir le cap, m\u00eame si des jeunes sont pay\u00e9s pour nous lyncher sur les r\u00e9seaux. D\u2019autres ont pr\u00e9f\u00e9r\u00e9 se taire. J\u2019\u00e9tais \u00e0 Bamako quand j\u2019ai demand\u00e9 \u00e0 la Cedeao de sanctionner la junte pour non-respect de ses engagements. J\u2019\u00e9tais au pays quand j\u2019ai dit que je n\u2019irai pas aux assises organis\u00e9es pour soutenir une junte ill\u00e9gale. J\u2019\u00e9tais au Mali quand je disais que nous n\u2019allons pas reconna\u00eetre Assimi s\u2019il ne respecte pas ses engagements. Ses soutiens ont commenc\u00e9 \u00e0 me menacer en disant que Sako doit \u00eatre arr\u00eat\u00e9 et tu\u00e9. A partir de ce moment, tu te poses des questions. Ils ont essay\u00e9 de m\u2019arr\u00eater pour m\u2019humilier. Je d\u00e9cide de sortir, non pas pour fuir, mais pour continuer mon combat. Si on m\u2019enferme, je ne pourrais plus continuer mon combat.<\/p>\n","protected":false},"excerpt":{"rendered":"<p>Loin de l\u2019image de l\u2019homme fort qui aurait permis au Mali de recouvrer son int\u00e9grit\u00e9 territoriale en reprenant Kidal, Assimi<\/p>\n","protected":false},"author":1,"featured_media":26623,"comment_status":"open","ping_status":"open","sticky":false,"template":"","format":"standard","meta":{"footnotes":""},"categories":[51],"tags":[],"class_list":["post-26622","post","type-post","status-publish","format-standard","has-post-thumbnail","hentry","category-general"],"_links":{"self":[{"href":"https:\/\/dekkbi.com\/index.php?rest_route=\/wp\/v2\/posts\/26622","targetHints":{"allow":["GET"]}}],"collection":[{"href":"https:\/\/dekkbi.com\/index.php?rest_route=\/wp\/v2\/posts"}],"about":[{"href":"https:\/\/dekkbi.com\/index.php?rest_route=\/wp\/v2\/types\/post"}],"author":[{"embeddable":true,"href":"https:\/\/dekkbi.com\/index.php?rest_route=\/wp\/v2\/users\/1"}],"replies":[{"embeddable":true,"href":"https:\/\/dekkbi.com\/index.php?rest_route=%2Fwp%2Fv2%2Fcomments&post=26622"}],"version-history":[{"count":4,"href":"https:\/\/dekkbi.com\/index.php?rest_route=\/wp\/v2\/posts\/26622\/revisions"}],"predecessor-version":[{"id":26643,"href":"https:\/\/dekkbi.com\/index.php?rest_route=\/wp\/v2\/posts\/26622\/revisions\/26643"}],"wp:featuredmedia":[{"embeddable":true,"href":"https:\/\/dekkbi.com\/index.php?rest_route=\/wp\/v2\/media\/26623"}],"wp:attachment":[{"href":"https:\/\/dekkbi.com\/index.php?rest_route=%2Fwp%2Fv2%2Fmedia&parent=26622"}],"wp:term":[{"taxonomy":"category","embeddable":true,"href":"https:\/\/dekkbi.com\/index.php?rest_route=%2Fwp%2Fv2%2Fcategories&post=26622"},{"taxonomy":"post_tag","embeddable":true,"href":"https:\/\/dekkbi.com\/index.php?rest_route=%2Fwp%2Fv2%2Ftags&post=26622"}],"curies":[{"name":"wp","href":"https:\/\/api.w.org\/{rel}","templated":true}]}}