{"id":2660,"date":"2022-11-03T15:17:43","date_gmt":"2022-11-03T15:17:43","guid":{"rendered":"https:\/\/dekkbi.com\/?p=2660"},"modified":"2022-11-03T15:17:45","modified_gmt":"2022-11-03T15:17:45","slug":"amelioration-de-lenvironnement-des-medias-cap-sur-les-priorites","status":"publish","type":"post","link":"https:\/\/dekkbi.com\/?p=2660","title":{"rendered":"Am\u00e9lioration de l\u2019environnement des m\u00e9dias : Cap sur les priorit\u00e9s !"},"content":{"rendered":"\n<p><strong>La Coordination des associations de presse au S\u00e9n\u00e9gal (Cap), qui annonce la tenue prochaine des Assises de la presse, veut sortir le secteur de sa situation \u00e9conomique actuelle.<\/strong><\/p>\n\n\n\n<p><strong>Par Ousmane SOW&nbsp; \u2013<\/strong>&nbsp;Quel est l\u2019avenir de la presse&nbsp;? Pour des m\u00e9dias professionnels, libres et responsables, la Coordination des associations de presse (Cap) a tenu un atelier de deux jours (les 29 et 30 octobre 2022) \u00e0 Toubab Dialaw pour mener de profondes r\u00e9flexions sur&nbsp;les enjeux et d\u00e9fis du secteur. Regroupant l\u2019Asso\u00adciation des \u00e9diteurs et professionnels de la presse en ligne (Appel), le Conseil des diffuseurs et des \u00e9diteurs de la presse du S\u00e9n\u00e9gal (Cdepes), la Convention des jeunes reporters du S\u00e9n\u00e9gal (Cjrs), le Conseil pour l\u2019observation des r\u00e8gles d\u2019\u00e9thique et de d\u00e9ontologie dans les m\u00e9dias (Cored), le Syndicat des professionnels de l\u2019information et de la communication du S\u00e9n\u00e9gal (Synpics) et l\u2019Union des radios communautaires du S\u00e9n\u00e9gal (Urac), ce cadre a d\u00e9cid\u00e9 de tenir prochainement les Assises de la presse. Ce sera le moment de discuter des contraintes qui p\u00e8sent sur le secteur, de proposer des solutions structurelles et conjoncturelles pour sortir le secteur du marasme \u00e9conomique actuel. \u00abCes assises de la presse vont permettre d\u2019asseoir une presse professionnelle, responsable et libre et faire \u00e9merger des entreprises de presse fortes pour des m\u00e9dias cr\u00e9dibles et respect\u00e9s\u00bb, esp\u00e8re Mamadou Thior.<br>En tout cas, la Cap va adopter une d\u00e9marche inclusive, en invitant \u00e0 participer \u00e0 la r\u00e9flexion \u00abla Soci\u00e9t\u00e9 civile, le secteur priv\u00e9, les cercles religieux, les bailleurs de fonds et les organismes de soutien aux m\u00e9dias\u00bb. C\u2019est un pari qui va permettre d\u2019avoir des entreprises de presse prosp\u00e8res&nbsp;: exit les mauvaises conditions de travail, la fin des attaques r\u00e9p\u00e9t\u00e9es contre les journalistes et les techniciens des m\u00e9dias, le non-respect des r\u00e8gles d\u2019\u00e9thique et de d\u00e9ontologie.&nbsp;\u00abLa retraite \u00e0 Toubab Dialaw a \u00e9t\u00e9 un moment privil\u00e9gi\u00e9 de r\u00e9flexions et de partage&nbsp;qui a permis de passer en revue les contraintes et menaces sur les entreprises de presse et sur les journalistes et professionnels des m\u00e9dias au S\u00e9n\u00e9gal\u00bb, indique le pr\u00e9sident du Cored.<\/p>\n\n\n\n<p>Evaluant le niveau \u00abalarmant\u00bb de la situation de la presse s\u00e9n\u00e9galaise, les membres de la Cap appellent les autorit\u00e9s publiques \u00e0 mettre en place un environnement plus favorable aux entreprises de presse, publiques comme priv\u00e9es. Pour Mamadou Thior, il est urgent de trouver des solutions \u00abpertinentes et durables par une prise en charge efficiente et partag\u00e9e par les acteurs de la presse et les autorit\u00e9s publiques\u00bb. Ces pr\u00e9occupations concernent \u00abla n\u00e9cessaire r\u00e9gulation du secteur par les autorit\u00e9s publiques, l\u2019\u00e9valuation et la r\u00e9forme du Code de la presse, le financement ad\u00e9quat des entreprises de presse, l\u2019adoption d\u2019un Code de conduite pour les m\u00e9dias, la prise en charge de la formation dans les m\u00e9tiers des m\u00e9dias, l\u2019arr\u00eat et la condamnation sans appel des agressions physiques et verbales subies par les entreprises et acteurs de la presse, agressions par des Forces de d\u00e9fense et de s\u00e9curit\u00e9, des militants politiques et une meilleure solidarit\u00e9 entre les acteurs de la presse\u00bb, a list\u00e9 Mamadou Thior, le pr\u00e9sident du Cored, lors de la conf\u00e9rence de presse tenue hier par la Cap.<\/p>\n\n\n\n<p>Par ailleurs, la Cap insiste sur la sensibilisation des pouvoirs publics sur la n\u00e9cessaire augmentation des appuis financiers aux entreprises de presse, publiques comme priv\u00e9es, l\u2019\u00e9tablissement d\u2019un plan de formation initiale et continue des travailleurs des m\u00e9dias, l\u2019assainissement du secteur de la formation des journalistes, notamment \u00e0 travers les \u00a0\u00e9coles priv\u00e9es qui essaiment au S\u00e9n\u00e9gal.<\/p>\n\n\n\n<p>SOURCE LEQUOTIDIEN<\/p>\n","protected":false},"excerpt":{"rendered":"<p>La Coordination des associations de presse au S\u00e9n\u00e9gal (Cap), qui annonce la tenue prochaine des Assises de la presse, veut<\/p>\n","protected":false},"author":1,"featured_media":2576,"comment_status":"open","ping_status":"open","sticky":false,"template":"","format":"standard","meta":{"footnotes":""},"categories":[21],"tags":[],"class_list":["post-2660","post","type-post","status-publish","format-standard","has-post-thumbnail","hentry","category-societe"],"_links":{"self":[{"href":"https:\/\/dekkbi.com\/index.php?rest_route=\/wp\/v2\/posts\/2660","targetHints":{"allow":["GET"]}}],"collection":[{"href":"https:\/\/dekkbi.com\/index.php?rest_route=\/wp\/v2\/posts"}],"about":[{"href":"https:\/\/dekkbi.com\/index.php?rest_route=\/wp\/v2\/types\/post"}],"author":[{"embeddable":true,"href":"https:\/\/dekkbi.com\/index.php?rest_route=\/wp\/v2\/users\/1"}],"replies":[{"embeddable":true,"href":"https:\/\/dekkbi.com\/index.php?rest_route=%2Fwp%2Fv2%2Fcomments&post=2660"}],"version-history":[{"count":1,"href":"https:\/\/dekkbi.com\/index.php?rest_route=\/wp\/v2\/posts\/2660\/revisions"}],"predecessor-version":[{"id":2661,"href":"https:\/\/dekkbi.com\/index.php?rest_route=\/wp\/v2\/posts\/2660\/revisions\/2661"}],"wp:featuredmedia":[{"embeddable":true,"href":"https:\/\/dekkbi.com\/index.php?rest_route=\/wp\/v2\/media\/2576"}],"wp:attachment":[{"href":"https:\/\/dekkbi.com\/index.php?rest_route=%2Fwp%2Fv2%2Fmedia&parent=2660"}],"wp:term":[{"taxonomy":"category","embeddable":true,"href":"https:\/\/dekkbi.com\/index.php?rest_route=%2Fwp%2Fv2%2Fcategories&post=2660"},{"taxonomy":"post_tag","embeddable":true,"href":"https:\/\/dekkbi.com\/index.php?rest_route=%2Fwp%2Fv2%2Ftags&post=2660"}],"curies":[{"name":"wp","href":"https:\/\/api.w.org\/{rel}","templated":true}]}}