{"id":26580,"date":"2023-12-05T09:22:50","date_gmt":"2023-12-05T09:22:50","guid":{"rendered":"https:\/\/dekkbi.com\/?p=26580"},"modified":"2023-12-05T09:22:51","modified_gmt":"2023-12-05T09:22:51","slug":"sedhiou-les-boutiques-de-droits-sollicitees-par-4133-personnes-dont-826-victimes-de-violences","status":"publish","type":"post","link":"https:\/\/dekkbi.com\/?p=26580","title":{"rendered":"S\u00e9dhiou : les boutiques de droits sollicit\u00e9es par 4133 personnes, dont 826 victimes de violences"},"content":{"rendered":"\n<p>S\u00e9dhiou, 5 d\u00e9c (APS) \u2013 Quatre mille cent trente-trois personnes ont sollicit\u00e9 les services des boutiques de droits de l\u2019Association des juristes s\u00e9n\u00e9galaises (AJS) install\u00e9es dans la r\u00e9gion de S\u00e9dhiou (sud), au cours de l\u2019ann\u00e9e 2023, dont 826 victimes de violences, a indiqu\u00e9, lundi, la pr\u00e9sidente de la commission droits des femmes de l\u2019AJS, Seynabou Dieng<\/p>\n\n\n\n<p>\u00ab&nbsp;Au courant de l\u2019ann\u00e9e 2023, les neuf boutiques de droits de l\u2019AJS ont eu \u00e0 recevoir 4132 personnes sollicitant des services d\u2019assistance et d\u2019orientation juridique, parmi lesquelles 826 sont victimes de violences. La plupart d\u2019entre elles sont pass\u00e9es par la ligne d\u2019appel 116 mise en place par le Projet d\u2019appui \u00e0 la strat\u00e9gie nationale pour l\u2019\u00e9quit\u00e9 et l\u2019\u00e9galit\u00e9 de genre (PASNEEG) pour faciliter l\u2019orientation des victimes de violences&nbsp;\u00bb, a-t-elle d\u00e9clar\u00e9.<\/p>\n\n\n\n<figure class=\"wp-block-image\"><img decoding=\"async\" src=\"https:\/\/aps.sn\/wp-content\/uploads\/2023\/12\/xVio-2.jpg.pagespeed.ic.6mYx8GdzXp.webp\" alt=\"\" class=\"wp-image-76470\"\/><\/figure>\n\n\n\n<p>Elle s\u2019exprimait \u00e0 l\u2019occasion de la journ\u00e9e de consultations juridiques gratuites organis\u00e9e conjointement avec le groupe th\u00e9matique genre de l\u2019Agence italienne de d\u00e9veloppement, dans le cadre de la campagne des 16 jours d\u2019activisme contre les violences bas\u00e9es sur le genre (VBG).<\/p>\n\n\n\n<figure class=\"wp-block-image\"><img decoding=\"async\" src=\"https:\/\/aps.sn\/wp-content\/uploads\/2023\/12\/xVio-1.jpg.pagespeed.ic.6TZTZ_6b2o.webp\" alt=\"\" class=\"wp-image-76464\"\/><\/figure>\n\n\n\n<p>L\u2019objectif de cette rencontre, a-t-elle rappel\u00e9, est de rapprocher les justiciables de la justice. \u00ab&nbsp;C\u2019est pour nous une occasion de sortir le droit de la technicit\u00e9 pr\u00e9toire et des amphith\u00e9\u00e2tres, pour le mettre \u00e0 la port\u00e9e des populations&nbsp;\u00bb, a-t-elle expliqu\u00e9.<\/p>\n\n\n\n<p>Elle a rappel\u00e9 que les victimes de violences \u00e0 S\u00e9dhiou sont orient\u00e9es au niveau de la boutique de droits de la r\u00e9gion, pour une prise en charge int\u00e9gr\u00e9e et holistique.<\/p>\n\n\n\n<p>\u00ab&nbsp;Les boutiques de droits ont pour objectif de contribuer \u00e0 l\u2019\u00e9radication de tous les blocages juridiques et les pesanteurs socioculturelles, qui emp\u00eachent les femmes de jouir d\u2019une pleine citoyennet\u00e9 et de lib\u00e9rer leurs potentialit\u00e9s&nbsp;\u00bb, a-t-elle ajout\u00e9.<\/p>\n\n\n\n<p>Selon elle, les sollicitations des justiciables \u00e0 l\u2019occasion de cette journ\u00e9e de consultations juridiques tournent autour de la violence, notamment les violences \u00e9conomique et sexuelle. \u00ab&nbsp;Pour cette derni\u00e8re cat\u00e9gorie de violence, les filles de moins de quinze ans sont les plus touch\u00e9es&nbsp;\u00bb, a-t-elle r\u00e9v\u00e9l\u00e9.<\/p>\n\n\n\n<p>Elle pense que ce ph\u00e9nom\u00e8ne social m\u00e9rite une r\u00e9ponse sociale, soulignant que tout le monde est interpell\u00e9 pour \u00ab&nbsp;y mettre du sien&nbsp;\u00bb,&nbsp; afin de faire face aux violences faites aux femmes et aux filles.<\/p>\n\n\n\n<p>MS\/ASG<\/p>\n","protected":false},"excerpt":{"rendered":"<p>S\u00e9dhiou, 5 d\u00e9c (APS) \u2013 Quatre mille cent trente-trois personnes ont sollicit\u00e9 les services des boutiques de droits de l\u2019Association<\/p>\n","protected":false},"author":1,"featured_media":26581,"comment_status":"open","ping_status":"open","sticky":false,"template":"","format":"standard","meta":{"footnotes":""},"categories":[21],"tags":[],"class_list":["post-26580","post","type-post","status-publish","format-standard","has-post-thumbnail","hentry","category-societe"],"_links":{"self":[{"href":"https:\/\/dekkbi.com\/index.php?rest_route=\/wp\/v2\/posts\/26580","targetHints":{"allow":["GET"]}}],"collection":[{"href":"https:\/\/dekkbi.com\/index.php?rest_route=\/wp\/v2\/posts"}],"about":[{"href":"https:\/\/dekkbi.com\/index.php?rest_route=\/wp\/v2\/types\/post"}],"author":[{"embeddable":true,"href":"https:\/\/dekkbi.com\/index.php?rest_route=\/wp\/v2\/users\/1"}],"replies":[{"embeddable":true,"href":"https:\/\/dekkbi.com\/index.php?rest_route=%2Fwp%2Fv2%2Fcomments&post=26580"}],"version-history":[{"count":1,"href":"https:\/\/dekkbi.com\/index.php?rest_route=\/wp\/v2\/posts\/26580\/revisions"}],"predecessor-version":[{"id":26582,"href":"https:\/\/dekkbi.com\/index.php?rest_route=\/wp\/v2\/posts\/26580\/revisions\/26582"}],"wp:featuredmedia":[{"embeddable":true,"href":"https:\/\/dekkbi.com\/index.php?rest_route=\/wp\/v2\/media\/26581"}],"wp:attachment":[{"href":"https:\/\/dekkbi.com\/index.php?rest_route=%2Fwp%2Fv2%2Fmedia&parent=26580"}],"wp:term":[{"taxonomy":"category","embeddable":true,"href":"https:\/\/dekkbi.com\/index.php?rest_route=%2Fwp%2Fv2%2Fcategories&post=26580"},{"taxonomy":"post_tag","embeddable":true,"href":"https:\/\/dekkbi.com\/index.php?rest_route=%2Fwp%2Fv2%2Ftags&post=26580"}],"curies":[{"name":"wp","href":"https:\/\/api.w.org\/{rel}","templated":true}]}}