{"id":26552,"date":"2023-12-04T16:18:39","date_gmt":"2023-12-04T16:18:39","guid":{"rendered":"https:\/\/dekkbi.com\/?p=26552"},"modified":"2023-12-04T16:18:41","modified_gmt":"2023-12-04T16:18:41","slug":"le-regime-iranien-multiplie-les-intimidations-contre-les-familles-des-victimes-du-vol-ps752","status":"publish","type":"post","link":"https:\/\/dekkbi.com\/?p=26552","title":{"rendered":"Le r\u00e9gime iranien multiplie les intimidations contre les familles des victimes du vol PS752"},"content":{"rendered":"\n<p><em>De notre correspondant au Canada,<\/em> RFI<\/p>\n\n\n\n<p>Le 8 janvier 2020, un Boeing de la compagnie Ukraine International Airlines est abattu par deux missiles iraniens peu de temps apr\u00e8s son d\u00e9collage de l&rsquo;a\u00e9roport de T\u00e9h\u00e9ran. Les 176 personnes \u00e0 bord, dont 85 ressortissants canadiens, sont d\u00e9c\u00e9d\u00e9es dans la trag\u00e9die.\u00a0Apr\u00e8s avoir ni\u00e9 pendant plusieurs jours, les autorit\u00e9s iraniennes, face aux preuves irr\u00e9futables, ont reconnu leur responsabilit\u00e9 dans le crash.<\/p>\n\n\n\n<p>Depuis lors, une association des familles des victimes a vu le jour pour obtenir justice sur les actions du r\u00e9gime iranien. Alors que les informations de la bo\u00eete noire ont \u00e9t\u00e9 r\u00e9cup\u00e9r\u00e9es par le Bureau d\u2019enqu\u00eates et d\u2019analyses pour la s\u00e9curit\u00e9 de l\u2019aviation civile de Paris, l&rsquo;enqu\u00eate a \u00e9t\u00e9 men\u00e9e par l&rsquo;\u00c9tat iranien lui-m\u00eame. Un rapport de l\u2019aviation civile iranienne (CAO), publi\u00e9 le samedi 11 juillet 2020, pointait \u00ab\u00a0<em>un manquement d\u00fb \u00e0 une erreur humaine dans le suivi de la proc\u00e9dure<\/em>\u00a0\u00bb, dans un contexte militaire tendu avec les \u00c9tats-Unis apr\u00e8s l&rsquo;assassinat du g\u00e9n\u00e9ral\u00a0<strong>Qassem Soleimani<\/strong>.<\/p>\n\n\n\n<h2 class=\"wp-block-heading\">Recrudescence du harc\u00e8lement<\/h2>\n\n\n\n<p>Les familles des victimes ne cessent, depuis, de lutter au sein de l&rsquo;<strong>Association des familles des victimes du vol PS752<\/strong>. Navaz Ebrahim s&rsquo;est engag\u00e9e tr\u00e8s rapidement dans l&rsquo;association et en est d\u00e9sormais la pr\u00e9sidente : \u00ab\u00a0<em>J&rsquo;ai perdu ma s\u0153ur et mon beau-fr\u00e8re sur ce vol. Ils se rendaient \u00e0 Londres, au Royaume-Uni, ce soir-l\u00e0. Ils faisaient partie des quelques passagers britanniques pr\u00e9sents. Dans les deux mois qui ont suivi la trag\u00e9die, nous nous sommes r\u00e9unis, et nous avons travaill\u00e9, depuis, en faisant notre deuil en m\u00eame temps<\/em>. \u00bb<\/p>\n\n\n\n<p>Le Canada fait partie des pays impliqu\u00e9s pour obtenir un proc\u00e8s \u00e0 la Cour internationale de justice et une enqu\u00eate ind\u00e9pendante. Fin novembre 2023, sur X (ex-Twitter), Affaires mondiales Canada a d\u00e9nonc\u00e9 une \u00ab\u00a0<em>campagne de harc\u00e8lement et d&rsquo;intimidation<\/em>\u00a0\u00bb \u00e0 l&rsquo;encontre des familles des victimes du vol PS752.<\/p>\n\n\n\n<p>Dans un \u00e9change de mails avec RFI, le minist\u00e8re canadien des Affaires \u00e9trang\u00e8res pr\u00e9cise que \u00ab&nbsp;<em>la priorit\u00e9 du Canada est toujours de faire la lumi\u00e8re sur cette trag\u00e9die et de r\u00e9clamer justice en demandant des comptes \u00e0 l&rsquo;Iran et en exigeant r\u00e9paration, tout en continuant \u00e0 apporter aux familles et aux proches des victimes le soutien dont ils ont besoin.&nbsp;<\/em>\u00bb<\/p>\n\n\n\n<p>En effet, outre une recrudescence des coups de t\u00e9l\u00e9phone incessants de la part du r\u00e9gime iranien pour intimider directement les familles endeuill\u00e9es, Navaz Ebrahim d\u00e9crit des actions r\u00e9pressives contre des proches des familles encore sur le territoire iranien, comme Manzar Zarrabi. Elle a perdu son fils, sa belle-fille, sa fille et sa petite-fille de cinq ans dans la destruction de l&rsquo;avion.<\/p>\n\n\n\n<p>Manzar assistait aux fun\u00e9railles de la lyc\u00e9enne Armita Garavand \u2013 tomb\u00e9e dans le coma dans des circonstances controvers\u00e9es dans le m\u00e9tro de T\u00e9h\u00e9ran et morte fin octobre \u2013 quand elle a \u00e9t\u00e9 battue et emprisonn\u00e9e pendant deux jours. \u00ab\u00a0<em>Elle tenait des photos de ses proches morts dans le crash de l&rsquo;avion lors des fun\u00e9railles. Ils lui ont pris les pancartes des mains et ont commenc\u00e9 \u00e0 la battre, \u00e0 la tra\u00eener par terre et \u00e0 la pousser dans la voiture pour l&#8217;emmener en prison<\/em>\u00a0\u00bb, d\u00e9nonce Navaz Ebrahim.<\/p>\n\n\n\n<p>Des proches des familles des victimes du vol PS752 ont \u00e9galement \u00e9t\u00e9 emp\u00each\u00e9s de rejoindre le Canada au d\u00e9part de l&rsquo;Iran pour comm\u00e9morer les quatre ans du drame. Leurs passeports ont \u00e9t\u00e9 confisqu\u00e9s et des poursuites ont \u00e9t\u00e9 engag\u00e9es devant le tribunal r\u00e9volutionnaire. D&rsquo;autres cas sont r\u00e9f\u00e9renc\u00e9s par l&rsquo;association, mais pr\u00e9f\u00e8rent rester anonymes de peur des repr\u00e9sailles.<\/p>\n\n\n\n<h2 class=\"wp-block-heading\">Un long processus judiciaire<\/h2>\n\n\n\n<p>Comment expliquer une telle recrudescence des attaques envers les familles des victimes ? Pour Navaz Ebrahim, il y a plusieurs facteurs. D&rsquo;abord, le r\u00e9cent succ\u00e8s de l&rsquo;ouverture d&rsquo;un proc\u00e8s \u00e0 la\u00a0<strong>Cour internationale de justice\u00a0<\/strong>: \u00ab\u00a0<em>En juillet dernier, notre affaire a \u00e9t\u00e9 port\u00e9e devant la Cour internationale de justice par les quatre pays concern\u00e9s<\/em>\u00a0[Canada, Ukraine, Royaume-Uni et Su\u00e8de, dont les ressortissants ont perdu la vie dans ce crash, NDLR]<em>.\u00a0M\u00eame avant cette \u00e9tape majeure, il y a eu beaucoup de harc\u00e8lements syst\u00e9matiques contre les familles. Mais, depuis, nous remarquons un harc\u00e8lement beaucoup plus fr\u00e9quent, plus audacieux.<\/em>\u00a0\u00bb Les familles des victimes esp\u00e8rent obtenir des mesures conservatoires \u00e0 la Cour internationale de justice pour que l&rsquo;Iran arr\u00eate ses campagnes de harc\u00e8lement.<\/p>\n\n\n\n<p>Dans un contexte de contestation du r\u00e9gime iranien dans le pays, la volont\u00e9 de pr\u00e9venir toute manifestation \u00e0&nbsp;la date anniversaire peut aussi \u00eatre une des raisons de cette augmentation, affirme la pr\u00e9sidente de l&rsquo;association. Pour autant, elle esp\u00e8re que les familles continueront \u00e0 d\u00e9noncer les actes de r\u00e9pression, ouvertement. \u00ab&nbsp;<em>Nous esp\u00e9rons que les autres personnes harcel\u00e9es, qui souhaitent rester anonymes, se manifesteront et nous permettront de parler ouvertement de leur identit\u00e9 et de leur cas de harc\u00e8lement. Nous pourrons ainsi renforcer notre premi\u00e8re demande, des mesures conservatoires, \u00e0 la Cour internationale de justice<\/em>&nbsp;\u00bb, esp\u00e8re Navaz.<\/p>\n\n\n\n<p>Malgr\u00e9 la peur, les risques de repr\u00e9sailles, les familles des victimes du vol PS752 ne pr\u00e9voient pas d&rsquo;arr\u00eater leur lutte en Iran, comme au Canada ou au Royaume-Uni. \u00ab<em>&nbsp;Ils pensent qu&rsquo;ils peuvent nous faire peur, mais ils provoquent le r\u00e9sultat inverse. Cela nous pousse \u00e0 nous battre encore plus fort, parce que nous n&rsquo;avons rien \u00e0 perdre. Nous sommes arriv\u00e9s jusqu&rsquo;ici, nous allons continuer notre combat et rien ne nous arr\u00eatera&nbsp;<\/em>\u00bb, assure Navaz Ebrahim.&nbsp;<\/p>\n\n\n\n<p>La proc\u00e9dure judiciaire \u00e0 la Cour internationale sera encore longue : les quatre pays concern\u00e9s (Canada, Ukraine, Su\u00e8de et Royaume-Uni) ont un an pour pr\u00e9parer leurs arguments contre le r\u00e9gime iranien, qui disposera ensuite \u00e0 son tour d&rsquo;un an pour pr\u00e9senter sa d\u00e9fense.<\/p>\n","protected":false},"excerpt":{"rendered":"<p>De notre correspondant au Canada, RFI Le 8 janvier 2020, un Boeing de la compagnie Ukraine International Airlines est abattu<\/p>\n","protected":false},"author":1,"featured_media":26553,"comment_status":"open","ping_status":"open","sticky":false,"template":"","format":"standard","meta":{"footnotes":""},"categories":[51],"tags":[],"class_list":["post-26552","post","type-post","status-publish","format-standard","has-post-thumbnail","hentry","category-general"],"_links":{"self":[{"href":"https:\/\/dekkbi.com\/index.php?rest_route=\/wp\/v2\/posts\/26552","targetHints":{"allow":["GET"]}}],"collection":[{"href":"https:\/\/dekkbi.com\/index.php?rest_route=\/wp\/v2\/posts"}],"about":[{"href":"https:\/\/dekkbi.com\/index.php?rest_route=\/wp\/v2\/types\/post"}],"author":[{"embeddable":true,"href":"https:\/\/dekkbi.com\/index.php?rest_route=\/wp\/v2\/users\/1"}],"replies":[{"embeddable":true,"href":"https:\/\/dekkbi.com\/index.php?rest_route=%2Fwp%2Fv2%2Fcomments&post=26552"}],"version-history":[{"count":1,"href":"https:\/\/dekkbi.com\/index.php?rest_route=\/wp\/v2\/posts\/26552\/revisions"}],"predecessor-version":[{"id":26554,"href":"https:\/\/dekkbi.com\/index.php?rest_route=\/wp\/v2\/posts\/26552\/revisions\/26554"}],"wp:featuredmedia":[{"embeddable":true,"href":"https:\/\/dekkbi.com\/index.php?rest_route=\/wp\/v2\/media\/26553"}],"wp:attachment":[{"href":"https:\/\/dekkbi.com\/index.php?rest_route=%2Fwp%2Fv2%2Fmedia&parent=26552"}],"wp:term":[{"taxonomy":"category","embeddable":true,"href":"https:\/\/dekkbi.com\/index.php?rest_route=%2Fwp%2Fv2%2Fcategories&post=26552"},{"taxonomy":"post_tag","embeddable":true,"href":"https:\/\/dekkbi.com\/index.php?rest_route=%2Fwp%2Fv2%2Ftags&post=26552"}],"curies":[{"name":"wp","href":"https:\/\/api.w.org\/{rel}","templated":true}]}}