{"id":26549,"date":"2023-12-04T16:14:03","date_gmt":"2023-12-04T16:14:03","guid":{"rendered":"https:\/\/dekkbi.com\/?p=26549"},"modified":"2023-12-04T16:14:06","modified_gmt":"2023-12-04T16:14:06","slug":"referendum-au-venezuela-victoire-ecrasante-du-oui-au-rattachement-de-lessequibo","status":"publish","type":"post","link":"https:\/\/dekkbi.com\/?p=26549","title":{"rendered":"R\u00e9f\u00e9rendum au Venezuela : victoire \u00e9crasante du \u00ab\u00a0oui\u00a0\u00bb au rattachement de l&rsquo;Essequibo"},"content":{"rendered":"\n<p>Les \u00e9lecteurs du Venezuela ont pl\u00e9biscit\u00e9 dimanche une int\u00e9gration \u00e0 leur pays de la r\u00e9gion riche en p\u00e9trole de l&rsquo;Essequibo, lors d&rsquo;une r\u00e9f\u00e9rendum consultatif organis\u00e9 par Caracas pour l\u00e9gitimer ses pr\u00e9tentions sur ce territoire qu&rsquo;il dispute au Guyana. Le vote s&rsquo;est conclu par une victoire \u00e9crasante du\u00a0<em>\u00ab\u00a0oui\u00a0\u00bb.<\/em><br>\u00a0Le vote s&rsquo;est conclu par une victoire du oui, avec plus de 95% de suffrages en ce sens aux cinq questions pos\u00e9es, a indiqu\u00e9 le Conseil national \u00e9lectoral (CNE), qui n&rsquo;a pas fourni de chiffre de participation.<\/p>\n\n\n\n<p>Le pr\u00e9sident v\u00e9n\u00e9zu\u00e9lien Nicolas Maduro s&rsquo;est f\u00e9licit\u00e9 d&rsquo;une victoire\u00a0<em>\u00ab\u00a0\u00e9crasante\u00a0\u00bb.<\/em>\u00a0<em>\u00ab\u00a0Nous avons r\u00e9alis\u00e9 les premiers pas d&rsquo;une nouvelle \u00e9tape historique dans la lutte pour ce qui nous appartient, pour r\u00e9cup\u00e9rer ce que les lib\u00e9rateurs nous ont laiss\u00e9\u00a0\u00bb<\/em>, a-t-il estim\u00e9.<\/p>\n\n\n\n<p>Au cours de la journ\u00e9e, des journalistes de l&rsquo;AFP \u00e0 Caracas, Ciudad Guayana, capitale de la r\u00e9gion v\u00e9n\u00e9zu\u00e9lienne limitrophe de l&rsquo;Essequibo, ou \u00e0 San Cristobal (sud-ouest), n&rsquo;avaient constat\u00e9 qu&rsquo;une affluence mod\u00e9r\u00e9e dans les bureaux de vote.<\/p>\n\n\n\n<p>Le CNE a indiqu\u00e9 que le scrutin a recueilli pr\u00e8s de 10,5 millions de<em>&nbsp;\u00ab\u00a0votes\u00a0\u00bb.<\/em>&nbsp;Quelque 20,7 millions de V\u00e9n\u00e9zu\u00e9liens \u00e9taient appel\u00e9s aux urnes.<\/p>\n\n\n\n<p>Ce chiffre du nombre de votes, sans annonce officielle de la participation, a g\u00e9n\u00e9r\u00e9 une pol\u00e9mique, l&rsquo;opposition accusant le pouvoir tenter de masquer un fort taux d&rsquo;abstention et soulignant que 10,5 millions<em>&nbsp;\u00ab\u00a0de votes\u00a0\u00bb&nbsp;<\/em>ne signifient pas 10,5 millions de votants.<\/p>\n\n\n\n<p>Henrique Capriles, deux fois candidat de l&rsquo;opposition \u00e0 la pr\u00e9sidentielle a relay\u00e9 sur X un chiffre de\u00a0<em>\u00ab\u00a02.110.864\u00a0\u00bb\u00a0<\/em>votants, chacun ayant droit \u00e0 jusqu&rsquo;\u00e0 cinq votes, un\u00a0<em>\u00ab\u00a0\u00e9chec retentissant\u00a0\u00bb\u00a0<\/em>selon lui.<br><em>\u00ab\u00a0Il est tr\u00e8s difficile de comprendre de tels r\u00e9sultats\u00a0\u00bb<\/em>, a quant \u00e0 lui d\u00e9clar\u00e9 Luis Vicente Le\u00f3n, directeur de l&rsquo;institut de sondage Datanalisis.<\/p>\n\n\n\n<p>Contact\u00e9 par l&rsquo;AFP, le CNE n&rsquo;a pas imm\u00e9diatement fourni de nombre de votants.<br>Le r\u00e9f\u00e9rendum, en cinq questions, demandait notamment aux V\u00e9n\u00e9zu\u00e9liens s&rsquo;ils sont d&rsquo;accord pour ne pas reconna\u00eetre la comp\u00e9tence de la Cour internationale de Justice (CIJ), saisi par le Guyana, et pour int\u00e9grer le territoire au Venezuela.<\/p>\n\n\n\n<p>Ce r\u00e9sultat n&rsquo;aura toutefois pas de cons\u00e9quences concr\u00e8tes \u00e0 court terme : le territoire se trouve au Guyana et il ne s&rsquo;agit pas d&rsquo;un vote d&rsquo;autod\u00e9termination. Le scrutin a suscit\u00e9 des inqui\u00e9tudes \u00e0 Georgetown, la capitale du Guyana, et sur la sc\u00e8ne internationale.<br>L&rsquo;opposition, qui dans son ensemble revendique l&rsquo;Essequibo, s&rsquo;est montr\u00e9e r\u00e9serv\u00e9e, tiraill\u00e9e entre ses convictions et sa volont\u00e9 de ne pas soutenir le pouvoir avant la pr\u00e9sidentielle de 2024. La principale opposante Maria Corina Machado a qualifi\u00e9 le r\u00e9f\u00e9rendum de<em>\u00ab\u00a0distraction\u00a0\u00bb<\/em>&nbsp;dans un contexte de crise.<\/p>\n\n\n\n<h2 class=\"wp-block-heading\">\u00ab\u00a0Rien \u00e0 craindre\u00a0\u00bb&nbsp;<\/h2>\n\n\n\n<p>Caracas a assur\u00e9 qu&rsquo;il ne cherchait pas un motif pour envahir la zone, comme le craint \u00e0 terme le Guyana, o\u00f9 des milliers de personnes ont form\u00e9 des cha\u00eenes humaines pour montrer leur attachement au territoire.<\/p>\n\n\n\n<p>Dimanche, le pr\u00e9sident guyanien Irfaan Ali a assur\u00e9 \u00e0 ses compatriotes qu&rsquo;<em>\u00ab\u00a0il n&rsquo;y a rien \u00e0 craindre dans les heures, les jours et les mois \u00e0 venir\u00a0\u00bb.<\/em><br><em>\u00ab\u00a0Notre premi\u00e8re ligne de d\u00e9fense est la diplomatie et nous sommes dans une position tr\u00e8s, tr\u00e8s forte\u00a0\u00bb<\/em>, a-t-il ajout\u00e9, soulignant que le pays dispose d&rsquo;un vaste soutien international et appelant Caracas \u00e0\u00a0<em>\u00ab\u00a0la maturit\u00e9 et la responsabilit\u00e9\u00a0\u00bb.<\/em><\/p>\n\n\n\n<p>Apr\u00e8s des appels d&rsquo;offres p\u00e9troliers guyaniens et une nouvelle d\u00e9couverte d&rsquo;or noir en octobre, la tension est mont\u00e9e ces derniers mois.<\/p>\n\n\n\n<h2 class=\"wp-block-heading\">\u00ab\u00a0Bon sens\u00a0\u00bb&nbsp;<\/h2>\n\n\n\n<p>Le Venezuela revendique depuis des d\u00e9cennies ce territoire (parfois appel\u00e9 Guayana Esequiba) de 160.000 km2 repr\u00e9sentant plus des deux tiers du Guyana et o\u00f9 vivent 125.000 personnes, soit un cinqui\u00e8me de sa population.<br>Caracas soutient que le fleuve Essequibo doit \u00eatre la fronti\u00e8re naturelle, comme en 1777 \u00e0 l&rsquo;\u00e9poque de l&#8217;empire espagnol.<\/p>\n\n\n\n<p>Le Guyana, qui dispose de r\u00e9serves de p\u00e9trole per capita parmi les plus grandes du monde, estime que la fronti\u00e8re date de l&rsquo;\u00e9poque coloniale anglaise et que celle-ci a \u00e9t\u00e9 ent\u00e9rin\u00e9e en 1899 par une Cour d&rsquo;arbitrage. Le pays a saisi la CIJ, plus haute instance judiciaire de l&rsquo;ONU, pour la faire valider.<br>Georgetown avait par ailleurs aussi saisi en vain la CIJ pour tenter de faire stopper le r\u00e9f\u00e9rendum.<\/p>\n\n\n\n<figure class=\"wp-block-image\"><img decoding=\"async\" src=\"https:\/\/information.tv5monde.com\/sites\/tv5-info\/files\/styles\/entete\/public\/2023-12\/AP23324705335711.jpg?itok=F5-1KQrU\" alt=\"guyana\" title=\"guyana\"\/><\/figure>\n\n\n\n<p>Illustration. Le Venezuela revendique depuis longtemps la r\u00e9gion d&rsquo;Essequibo&nbsp;au Guyana, un territoire riche en p\u00e9trole. @Photo AP\/Juan Pablo Arraez.<\/p>\n\n\n\n<p>Depuis la COP28 \u00e0 Duba\u00ef, Luiz Inacio Lula da Silva, le pr\u00e9sident du Br\u00e9sil, voisin des deux pays, a&nbsp;<em>\u00ab\u00a0esp\u00e9r\u00e9 que le bon sens va pr\u00e9valoir\u00a0\u00bb.<\/em><br><em>\u00ab\u00a0S&rsquo;il y a une chose dont le monde n&rsquo;a pas besoin, dont l&rsquo;Am\u00e9rique du Sud n&rsquo;a pas besoin, c&rsquo;est de troubles\u00a0\u00bb<\/em>, avait-t-il soulign\u00e9 avant les r\u00e9sultats.<\/p>\n\n\n\n<p>En marge du scrutin, des figures du pouvoir v\u00e9n\u00e9zu\u00e9lien ont diffus\u00e9 une vid\u00e9o montrant des Am\u00e9rindiens du territoire rempla\u00e7ant un drapeau guyanien par un v\u00e9n\u00e9zu\u00e9lien. Vid\u00e9o qualifi\u00e9e de&nbsp;<em>\u00ab\u00a0faux\u00a0\u00bb&nbsp;<\/em>et de&nbsp;<em>\u00ab\u00a0propagande de guerre\u00a0\u00bb&nbsp;<\/em>par Georgetown.<\/p>\n","protected":false},"excerpt":{"rendered":"<p>Les \u00e9lecteurs du Venezuela ont pl\u00e9biscit\u00e9 dimanche une int\u00e9gration \u00e0 leur pays de la r\u00e9gion riche en p\u00e9trole de l&rsquo;Essequibo,<\/p>\n","protected":false},"author":1,"featured_media":26550,"comment_status":"open","ping_status":"open","sticky":false,"template":"","format":"standard","meta":{"footnotes":""},"categories":[51],"tags":[],"class_list":["post-26549","post","type-post","status-publish","format-standard","has-post-thumbnail","hentry","category-general"],"_links":{"self":[{"href":"https:\/\/dekkbi.com\/index.php?rest_route=\/wp\/v2\/posts\/26549","targetHints":{"allow":["GET"]}}],"collection":[{"href":"https:\/\/dekkbi.com\/index.php?rest_route=\/wp\/v2\/posts"}],"about":[{"href":"https:\/\/dekkbi.com\/index.php?rest_route=\/wp\/v2\/types\/post"}],"author":[{"embeddable":true,"href":"https:\/\/dekkbi.com\/index.php?rest_route=\/wp\/v2\/users\/1"}],"replies":[{"embeddable":true,"href":"https:\/\/dekkbi.com\/index.php?rest_route=%2Fwp%2Fv2%2Fcomments&post=26549"}],"version-history":[{"count":1,"href":"https:\/\/dekkbi.com\/index.php?rest_route=\/wp\/v2\/posts\/26549\/revisions"}],"predecessor-version":[{"id":26551,"href":"https:\/\/dekkbi.com\/index.php?rest_route=\/wp\/v2\/posts\/26549\/revisions\/26551"}],"wp:featuredmedia":[{"embeddable":true,"href":"https:\/\/dekkbi.com\/index.php?rest_route=\/wp\/v2\/media\/26550"}],"wp:attachment":[{"href":"https:\/\/dekkbi.com\/index.php?rest_route=%2Fwp%2Fv2%2Fmedia&parent=26549"}],"wp:term":[{"taxonomy":"category","embeddable":true,"href":"https:\/\/dekkbi.com\/index.php?rest_route=%2Fwp%2Fv2%2Fcategories&post=26549"},{"taxonomy":"post_tag","embeddable":true,"href":"https:\/\/dekkbi.com\/index.php?rest_route=%2Fwp%2Fv2%2Ftags&post=26549"}],"curies":[{"name":"wp","href":"https:\/\/api.w.org\/{rel}","templated":true}]}}