{"id":26546,"date":"2023-12-04T16:08:51","date_gmt":"2023-12-04T16:08:51","guid":{"rendered":"https:\/\/dekkbi.com\/?p=26546"},"modified":"2023-12-04T16:21:50","modified_gmt":"2023-12-04T16:21:50","slug":"guinee-bissau-le-president-embalo-dissout-le-parlement-apres-la-tentative-de-coup-detat","status":"publish","type":"post","link":"https:\/\/dekkbi.com\/?p=26546","title":{"rendered":"\u00abtentative de coup d&rsquo;\u00c9tat\u00bb: Embalo dissout le Parlement"},"content":{"rendered":"\n<p>Une r\u00e9union du Conseil d&rsquo;\u00c9tat a \u00e9t\u00e9 convoqu\u00e9e au palais pr\u00e9sidentiel, \u00e0 l&rsquo;initiative du pr\u00e9sident Umaro Sissoco Embalo, ce lundi matin.&nbsp;Parmi les membres de ce Conseil, tous les repr\u00e9sentants des grands corps de l&rsquo;\u00c9tat, le pr\u00e9sident de la Cour supr\u00eame, le pr\u00e9sident de l&rsquo;Assembl\u00e9e nationale, Domingos Simoes Pereira, et le Premier ministre Geraldo Martins, ainsi que les leaders des partis politiques.<\/p>\n\n\n\n<p>\u00c0 l&rsquo;ordre du jour : la dissolution de l&rsquo;Assembl\u00e9e nationale, annonc\u00e9e ce lundi par le pr\u00e9sident Embalo, trois jours apr\u00e8s des \u00e9v\u00e9nements qu&rsquo;il a qualifi\u00e9s de\u00a0<strong>\u00ab\u00a0<em>tentative de coup d&rsquo;\u00c9tat<\/em>\u00a0\u00bb<\/strong>, qui entra\u00eene m\u00e9caniquement une dissolution du gouvernement de cohabitation.\u00a0<\/p>\n\n\n\n<p>Cette option \u00e9tait plus qu&rsquo;envisag\u00e9e tant il est vrai que, depuis les \u00e9lections l\u00e9gislatives de l&rsquo;\u00e9t\u00e9 dernier, la cohabitation est des plus dures et complexes entre le chef de l&rsquo;\u00c9tat et le Parlement d&rsquo;opposition victorieux au sein de la plate-forme de l&rsquo;Alliance inclusive-Terra Ranka. La tentative de coup d&rsquo;\u00c9tat\u00a0<strong>de la semaine derni\u00e8re<\/strong>, provoqu\u00e9e par un interrogatoire de police \u00e0 l&rsquo;encontre de deux ministres de cette opposition, en est l&rsquo;illustration.<\/p>\n\n\n\n<h2 class=\"wp-block-heading\">Nouveau scrutin l\u00e9gislatif<\/h2>\n\n\n\n<p>Tandis qu&rsquo;ils \u00e9taient interrog\u00e9s, des\u00a0<strong>\u00e9l\u00e9ments de la Garde nationale<\/strong>\u00a0ont fait irruption dans les locaux de la police judiciaire, jeudi soir dernier, pour les lib\u00e9rer. Dans la nuit de jeudi \u00e0 vendredi, des affrontements avec les \u00e9l\u00e9ments de la Garde nationale, retranch\u00e9s dans une caserne du sud de la capitale Bissau, et les forces sp\u00e9ciales de la Garde pr\u00e9sidentielle ont \u00e9clat\u00e9, faisant au moins deux morts.<\/p>\n\n\n\n<p>Une ing\u00e9rence des forces de s\u00e9curit\u00e9 intol\u00e9rable pour le pr\u00e9sident Embalo, qui a donc d\u00e9cid\u00e9 de faire table rase du paysage politique actuel en provoquant un nouveau scrutin l\u00e9gislatif. Des \u00e9lections anticip\u00e9es pour tenter de ramener un peu de s\u00e9r\u00e9nit\u00e9 dans le pays et d&rsquo;\u00e9quilibre entre l\u00e9gislatif et ex\u00e9cutif.<\/p>\n\n\n\n<p>\u00ab&nbsp;<em>La date des prochaines \u00e9lections l\u00e9gislatives sera fix\u00e9e le moment opportun, conform\u00e9ment aux dispositions&nbsp;<\/em>[&#8230;]<em>&nbsp;de la Constitution&nbsp;<\/em>\u00bb, indique ce lundi un d\u00e9cret pr\u00e9sidentiel communiqu\u00e9 \u00e0 la presse. Le pr\u00e9sident Embalo invoque la \u00ab&nbsp;<em>complicit\u00e9<\/em>&nbsp;\u00bb entre la Garde nationale et \u00ab&nbsp;<em>certains int\u00e9r\u00eats politiques au sein m\u00eame de l&rsquo;appareil d&rsquo;\u00c9<\/em><em>tat<\/em>&nbsp;\u00bb.<\/p>\n\n\n\n<p>\u00ab\u00a0<em>Apr\u00e8s cette tentative de coup d&rsquo;\u00c9tat men\u00e9e par la Garde nationale et devant les preuves fortes de l&rsquo;existence de complicit\u00e9s politiques, le fonctionnement normal des institutions de la R\u00e9publique est devenu impossible. Ces faits confirment l&rsquo;existence d&rsquo;une grave crise politique<\/em>\u00a0\u00bb, a-t-il ajout\u00e9.<\/p>\n\n\n\n<p>(<em>Et avec<\/em>&nbsp;AFP)<\/p>\n","protected":false},"excerpt":{"rendered":"<p>Une r\u00e9union du Conseil d&rsquo;\u00c9tat a \u00e9t\u00e9 convoqu\u00e9e au palais pr\u00e9sidentiel, \u00e0 l&rsquo;initiative du pr\u00e9sident Umaro Sissoco Embalo, ce lundi<\/p>\n","protected":false},"author":1,"featured_media":26547,"comment_status":"open","ping_status":"open","sticky":false,"template":"","format":"standard","meta":{"footnotes":""},"categories":[51],"tags":[],"class_list":["post-26546","post","type-post","status-publish","format-standard","has-post-thumbnail","hentry","category-general"],"_links":{"self":[{"href":"https:\/\/dekkbi.com\/index.php?rest_route=\/wp\/v2\/posts\/26546","targetHints":{"allow":["GET"]}}],"collection":[{"href":"https:\/\/dekkbi.com\/index.php?rest_route=\/wp\/v2\/posts"}],"about":[{"href":"https:\/\/dekkbi.com\/index.php?rest_route=\/wp\/v2\/types\/post"}],"author":[{"embeddable":true,"href":"https:\/\/dekkbi.com\/index.php?rest_route=\/wp\/v2\/users\/1"}],"replies":[{"embeddable":true,"href":"https:\/\/dekkbi.com\/index.php?rest_route=%2Fwp%2Fv2%2Fcomments&post=26546"}],"version-history":[{"count":3,"href":"https:\/\/dekkbi.com\/index.php?rest_route=\/wp\/v2\/posts\/26546\/revisions"}],"predecessor-version":[{"id":26557,"href":"https:\/\/dekkbi.com\/index.php?rest_route=\/wp\/v2\/posts\/26546\/revisions\/26557"}],"wp:featuredmedia":[{"embeddable":true,"href":"https:\/\/dekkbi.com\/index.php?rest_route=\/wp\/v2\/media\/26547"}],"wp:attachment":[{"href":"https:\/\/dekkbi.com\/index.php?rest_route=%2Fwp%2Fv2%2Fmedia&parent=26546"}],"wp:term":[{"taxonomy":"category","embeddable":true,"href":"https:\/\/dekkbi.com\/index.php?rest_route=%2Fwp%2Fv2%2Fcategories&post=26546"},{"taxonomy":"post_tag","embeddable":true,"href":"https:\/\/dekkbi.com\/index.php?rest_route=%2Fwp%2Fv2%2Ftags&post=26546"}],"curies":[{"name":"wp","href":"https:\/\/api.w.org\/{rel}","templated":true}]}}