{"id":26543,"date":"2023-12-04T16:04:33","date_gmt":"2023-12-04T16:04:33","guid":{"rendered":"https:\/\/dekkbi.com\/?p=26543"},"modified":"2023-12-04T16:04:34","modified_gmt":"2023-12-04T16:04:34","slug":"france-apres-lagression-de-samedi-soir-lexecutif-dans-lembarras","status":"publish","type":"post","link":"https:\/\/dekkbi.com\/?p=26543","title":{"rendered":"France: apr\u00e8s l&rsquo;agression de samedi soir, l&rsquo;ex\u00e9cutif dans l&#8217;embarras"},"content":{"rendered":"\n<p>L&rsquo;enqu\u00eate se poursuit apr\u00e8s l&rsquo;attaque au couteau pr\u00e8s de la Tour Eiffel, samedi soir \u00e0 Paris. L&rsquo;auteur pr\u00e9sum\u00e9 de l&rsquo;agression qui a fait un mort et deux bless\u00e9s a \u00e9t\u00e9 interpell\u00e9. Il s&rsquo;agit d&rsquo;un Franco-Iranien de 26 ans, fich\u00e9 pour radicalisation islamiste et soumis \u00e0 une injonction de soins impliquant un suivi psychiatrique resserr\u00e9. Y a-t-il eu des manquements et \u00e0 quel niveau\u00a0? La question divise visiblement l&rsquo;ex\u00e9cutif.\u00a0<\/p>\n\n\n\n<p>Chez nos confr\u00e8res de RTL ce lundi matin, le porte-parole du gouvernement, prudent, affirme que toutes les proc\u00e9dures de suivi ont \u00e9t\u00e9 respect\u00e9es.<\/p>\n\n\n\n<p>Olivier V\u00e9ran, m\u00e9decin de profession, ne remet pas en cause le suivi m\u00e9dical de l&rsquo;auteur pr\u00e9sum\u00e9 de l&rsquo;attaque.&nbsp;\u00ab&nbsp;<em>Les \u00e9l\u00e9ments pr\u00e9liminaires, encore une fois, montrent que les parcours m\u00e9dical, administratif et p\u00e9nal pour cet individu ont \u00e9t\u00e9 conformes \u00e0 ce qui \u00e9tait possible avec l\u2019\u00e9tat du droit. Et toutes les d\u00e9cisions, que ce soient de justice ou m\u00e9dicales, c\u2019est-\u00e0-dire les quatre ans de prison, l\u2019obligation de suivi pendant trois ans, la surveillance au long cours, ces obligations-l\u00e0 ont \u00e9t\u00e9 remplies<\/em>.&nbsp;\u00bb<\/p>\n\n\n\n<p>Le porte-parole du gouvernement \u00e9voque la question d&rsquo;une prolongation de l&rsquo;injonction de soin en cas de radicalisation. Quelques minutes plus tard, sur BFMTV, le ministre de l&rsquo;Int\u00e9rieur est plus offensif.<\/p>\n\n\n\n<h2 class=\"wp-block-heading\">Un \u00ab&nbsp;<em>ratage<\/em>&nbsp;\u00bb pour Darmanin<\/h2>\n\n\n\n<p>G\u00e9rald Darmanin salue le travail des policiers, mais pointe clairement du doigt les m\u00e9decins charg\u00e9 de son suivi.&nbsp;\u00ab&nbsp;<em>Il y a manifestement eu un ratage, non pas dans le suivi des services de renseignements mais il y a manifestement eu un ratage psychiatrique puisque les m\u00e9decins, \u00e0 plusieurs reprises, ont consid\u00e9r\u00e9 qu\u2019il allait mieux, qu\u2019il \u00e9tait plus normal et qu\u2019il pouvait vivre, si j\u2019ose dire, librement<\/em>.&nbsp;\u00bb Et le ministre de l&rsquo;Int\u00e9rieur a rappel\u00e9 sa volont\u00e9 de cr\u00e9er une injonction administrative, qui permettrait \u00e0 un pr\u00e9fet d&rsquo;ordonner un suivi m\u00e9dical.<\/p>\n\n\n\n<p>Le Rassemblement national pr\u00e9f\u00e8re voir dans cette affaire une d\u00e9faillance politique. Son patron Jordan Bardella d\u00e9nonce \u00ab\u00a0<em>l&rsquo;inefficacit\u00e9<\/em>\u00a0\u00bb du ministre l&rsquo;Int\u00e9rieur et sa responsabilit\u00e9 morale, estimant que l&rsquo;agression n&rsquo;est pas la cons\u00e9quence d&rsquo;un probl\u00e8me li\u00e9 au suivi psychiatrique de l&rsquo;assaillant.\u00a0\u00ab<em>\u00a0Je pense qu\u2019il n\u2019y a pas une d\u00e9faillance psychiatrique, il y a une d\u00e9faillance politique de G\u00e9rald Darmanin et de l\u2019int\u00e9gralit\u00e9 du gouvernement qui accuse le pire bilan s\u00e9curitaire en la mati\u00e8re&#8230; il y a eu &#8211; me semble-t-il, une cinquantaine de projets qui ont \u00e9t\u00e9 d\u00e9jou\u00e9s depuis le d\u00e9but de l\u2019ann\u00e9e, des failles se multiplient avec, \u00e0 chaque fois, des individus qui sont suivis pour leur proximit\u00e9 avec la mouvance islamiste,\u00a0<\/em>assure Jordan Bardella au micro de\u00a0<strong>Charlotte Urien-Tomaka<\/strong>\u00a0du service politique de RFI<em>. Donc le ministre de l\u2019Int\u00e9rieur a une responsabilit\u00e9 morale et politique dans l\u2019ins\u00e9curit\u00e9 aujourd\u2019hui qui touche nos concitoyens, qu\u2019elle soit de nature d\u00e9linquante, criminelle ou terroriste. Je pense que ces d\u00e9bats sont des d\u00e9bats de diversion, voil\u00e0. Le sujet, ce n\u2019est pas la psychiatrie, le sujet, c\u2019est l\u2019islam radical.<\/em>\u00a0\u00bb<\/p>\n\n\n\n<p>Hier dimanche, en fin de journ\u00e9e, \u00e0 la demande du pr\u00e9sident de la R\u00e9publique, Elisabeth Borne a tenu une r\u00e9union s\u00e9curitaire \u00e0 laquelle \u00e9taient&nbsp;convoqu\u00e9s le garde des sceaux, le ministre de la sant\u00e9 Aur\u00e9lien Rousseau, le porte-parole du gouvernement Olivier V\u00e9ran et le ministre de l\u2019Int\u00e9rieur. \u00c0 quelques mois des Jeux olympiques, cette agression met le gouvernement sous pression.<\/p>\n","protected":false},"excerpt":{"rendered":"<p>L&rsquo;enqu\u00eate se poursuit apr\u00e8s l&rsquo;attaque au couteau pr\u00e8s de la Tour Eiffel, samedi soir \u00e0 Paris. L&rsquo;auteur pr\u00e9sum\u00e9 de l&rsquo;agression<\/p>\n","protected":false},"author":1,"featured_media":26544,"comment_status":"open","ping_status":"open","sticky":false,"template":"","format":"standard","meta":{"footnotes":""},"categories":[51],"tags":[],"class_list":["post-26543","post","type-post","status-publish","format-standard","has-post-thumbnail","hentry","category-general"],"_links":{"self":[{"href":"https:\/\/dekkbi.com\/index.php?rest_route=\/wp\/v2\/posts\/26543","targetHints":{"allow":["GET"]}}],"collection":[{"href":"https:\/\/dekkbi.com\/index.php?rest_route=\/wp\/v2\/posts"}],"about":[{"href":"https:\/\/dekkbi.com\/index.php?rest_route=\/wp\/v2\/types\/post"}],"author":[{"embeddable":true,"href":"https:\/\/dekkbi.com\/index.php?rest_route=\/wp\/v2\/users\/1"}],"replies":[{"embeddable":true,"href":"https:\/\/dekkbi.com\/index.php?rest_route=%2Fwp%2Fv2%2Fcomments&post=26543"}],"version-history":[{"count":1,"href":"https:\/\/dekkbi.com\/index.php?rest_route=\/wp\/v2\/posts\/26543\/revisions"}],"predecessor-version":[{"id":26545,"href":"https:\/\/dekkbi.com\/index.php?rest_route=\/wp\/v2\/posts\/26543\/revisions\/26545"}],"wp:featuredmedia":[{"embeddable":true,"href":"https:\/\/dekkbi.com\/index.php?rest_route=\/wp\/v2\/media\/26544"}],"wp:attachment":[{"href":"https:\/\/dekkbi.com\/index.php?rest_route=%2Fwp%2Fv2%2Fmedia&parent=26543"}],"wp:term":[{"taxonomy":"category","embeddable":true,"href":"https:\/\/dekkbi.com\/index.php?rest_route=%2Fwp%2Fv2%2Fcategories&post=26543"},{"taxonomy":"post_tag","embeddable":true,"href":"https:\/\/dekkbi.com\/index.php?rest_route=%2Fwp%2Fv2%2Ftags&post=26543"}],"curies":[{"name":"wp","href":"https:\/\/api.w.org\/{rel}","templated":true}]}}