{"id":26533,"date":"2023-12-04T15:52:52","date_gmt":"2023-12-04T15:52:52","guid":{"rendered":"https:\/\/dekkbi.com\/?p=26533"},"modified":"2023-12-04T15:55:44","modified_gmt":"2023-12-04T15:55:44","slug":"macky-sall-souligne-la-necessite-de-repenser-et-de-revitaliser-les-relations-entre-lafrique-et-leurope","status":"publish","type":"post","link":"https:\/\/dekkbi.com\/?p=26533","title":{"rendered":"Afrique-Europe: repenser et revitaliser les relations\u00a0\u00bb"},"content":{"rendered":"\n<p>Dakar, 4 d\u00e9c (APS) \u2013 Le pr\u00e9sident de la R\u00e9publique du S\u00e9n\u00e9gal, Macky Sall, a estim\u00e9, lundi, \u00e0 Dakar, qu\u2019il est n\u00e9cessaire de refonder, de repenser et de revitaliser les relations entre l\u2019Europe et l\u2019Afrique au regard des nombreuses mutations observ\u00e9es de part et d\u2019autres, a constat\u00e9 l\u2019APS.<\/p>\n\n\n\n<p>&nbsp;\u00bbA mon sens, il faut de part et d\u2019autre prendre conscience de toutes les mutations comme marqueurs du pressent et futur, et sur cette base refonder, repenser et revitaliser nos relations&nbsp;\u00bb, a-t-il- d\u00e9clar\u00e9.<\/p>\n\n\n\n<p>Le pr\u00e9sident de la R\u00e9publique Macky Sall, a pr\u00e9sid\u00e9, lundi \u00e0 Dakar, le sommet Renewpac, une r\u00e9union des dirigeants lib\u00e9raux d\u2019Europe et d\u2019Afrique, qui se tient du 3 au 5 d\u00e9cembre dans la capitale S\u00e9n\u00e9galaise sur le th\u00e8me \u201cAfrique- Europe, comment favoriser le d\u00e9veloppent durable\u201c en pr\u00e9sence de la vice-pr\u00e9sidente du parlement Europ\u00e9en, Nicolas Beer et Gilbert Noel Ouedraogo, pr\u00e9sident du r\u00e9seau africain lib\u00e9ral.<\/p>\n\n\n\n<p>&nbsp;\u00bbEn langage informatique, je dirai plus qu\u2019une mise \u00e0 jour, nous avons besoin d\u2019un nouveau logiciel pour ajouter \u00e0 nos vieux param\u00e8tres les nouvelles donn\u00e9es de notre temps&nbsp;\u00bb, a-t-il-ajout\u00e9.<\/p>\n\n\n\n<p>Ce faisant, Macky Sall indique que l\u2019Europe et l\u2019Afrique resteront \u201cfid\u00e8les \u00e0 nos vielles amiti\u00e9s en nous adaptant aux exigences d\u2019un monde plus ouvert alors que le cours de l\u2019histoire s\u2019acc\u00e9l\u00e8re sous nos yeux bousculant les certitudes, les pr\u00e9jug\u00e9s et les habitudes\u201c.<\/p>\n\n\n\n<p>Le chef de l\u2019Etat a invit\u00e9 les deux contient \u00e0 collaborer pour face aux d\u00e9fis communs \u00e0 savoir les d\u00e9fis de la paix, de la s\u00e9curit\u00e9, aux vuln\u00e9rabilit\u00e9s qui affectent les Etats, aux d\u00e9fis environnementaux, d\u00e9fis du num\u00e9riques et de la migration irr\u00e9guli\u00e8re.<\/p>\n\n\n\n<p>\u201cEn plus des valeurs de libert\u00e9 et d\u00e9mocratie que nous partageons, nous avons bien d\u2019autres raisons de nous unir et de nous concerter dans un monde malmen\u00e9 par la guerre et la violence, un monde agit\u00e9 par les crises \u00e9conomiques profondes et les turbulences g\u00e9ologiques tous azimuts&nbsp;\u00bb, a-t-il- soulign\u00e9.<\/p>\n\n\n\n<p>Macky Sall a \u00e9galement rappel\u00e9 la proximit\u00e9 g\u00e9ographique entre l\u2019Europe et l\u2019Afrique, la coop\u00e9ration ancienne et multiforme mais \u00e9galement le brassage humain qui f\u00e9conde de multiples affinit\u00e9s culturels et sociolinguistiques.<\/p>\n\n\n\n<p>\u201cIl faut renouer au dialogue, \u00e0 la concertation et d\u2019une certaine fa\u00e7on \u00e0 vivre ensemble dans le respect de nos diversit\u00e9s voir de nos diff\u00e9rences. Notre accompagnage multi s\u00e9culaire \u00e9volue dans un contexte international en pleine mutations ou les veilles amiti\u00e9s c\u00f4toient les nouvelles toutes d\u2019\u00e9gales dignit\u00e9&nbsp;\u00bb, a-t-il-indiqu\u00e9.<\/p>\n\n\n\n<p>&nbsp;\u00bbA l\u2019image de nouveau monde, l\u2019Afrique a aussi beaucoup chang\u00e9, plus de 60 apr\u00e8s les premi\u00e8res ind\u00e9pendances. Comme partout, les peuples africains voient le monde en instantan\u00e9it\u00e9, ils aspirent l\u00e9gitiment au mieux-\u00eatre et \u00e0 la prosp\u00e9rit\u00e9, l\u2019Europe a aussi \u00e9volu\u00e9, sur les d\u00e9bris de la guerre, elle s\u2019est reconstruite, a reconduit ses valeurs de libert\u00e9 et d\u00e9mocratie&nbsp;\u00bb, a-t-il-encore rappel\u00e9.<\/p>\n\n\n\n<p>ABD\/BB\/OID<\/p>\n\n\n\n<p><\/p>\n","protected":false},"excerpt":{"rendered":"<p>Dakar, 4 d\u00e9c (APS) \u2013 Le pr\u00e9sident de la R\u00e9publique du S\u00e9n\u00e9gal, Macky Sall, a estim\u00e9, lundi, \u00e0 Dakar, qu\u2019il<\/p>\n","protected":false},"author":1,"featured_media":26534,"comment_status":"open","ping_status":"open","sticky":false,"template":"","format":"standard","meta":{"footnotes":""},"categories":[3],"tags":[],"class_list":["post-26533","post","type-post","status-publish","format-standard","has-post-thumbnail","hentry","category-event-more-news"],"_links":{"self":[{"href":"https:\/\/dekkbi.com\/index.php?rest_route=\/wp\/v2\/posts\/26533","targetHints":{"allow":["GET"]}}],"collection":[{"href":"https:\/\/dekkbi.com\/index.php?rest_route=\/wp\/v2\/posts"}],"about":[{"href":"https:\/\/dekkbi.com\/index.php?rest_route=\/wp\/v2\/types\/post"}],"author":[{"embeddable":true,"href":"https:\/\/dekkbi.com\/index.php?rest_route=\/wp\/v2\/users\/1"}],"replies":[{"embeddable":true,"href":"https:\/\/dekkbi.com\/index.php?rest_route=%2Fwp%2Fv2%2Fcomments&post=26533"}],"version-history":[{"count":5,"href":"https:\/\/dekkbi.com\/index.php?rest_route=\/wp\/v2\/posts\/26533\/revisions"}],"predecessor-version":[{"id":26539,"href":"https:\/\/dekkbi.com\/index.php?rest_route=\/wp\/v2\/posts\/26533\/revisions\/26539"}],"wp:featuredmedia":[{"embeddable":true,"href":"https:\/\/dekkbi.com\/index.php?rest_route=\/wp\/v2\/media\/26534"}],"wp:attachment":[{"href":"https:\/\/dekkbi.com\/index.php?rest_route=%2Fwp%2Fv2%2Fmedia&parent=26533"}],"wp:term":[{"taxonomy":"category","embeddable":true,"href":"https:\/\/dekkbi.com\/index.php?rest_route=%2Fwp%2Fv2%2Fcategories&post=26533"},{"taxonomy":"post_tag","embeddable":true,"href":"https:\/\/dekkbi.com\/index.php?rest_route=%2Fwp%2Fv2%2Ftags&post=26533"}],"curies":[{"name":"wp","href":"https:\/\/api.w.org\/{rel}","templated":true}]}}