{"id":26530,"date":"2023-12-04T15:26:41","date_gmt":"2023-12-04T15:26:41","guid":{"rendered":"https:\/\/dekkbi.com\/?p=26530"},"modified":"2023-12-04T15:26:42","modified_gmt":"2023-12-04T15:26:42","slug":"acces-universel-a-leau-les-priorites-pour-mobiliser-30-milliards-de-dollars-selon-alioune-ndoye","status":"publish","type":"post","link":"https:\/\/dekkbi.com\/?p=26530","title":{"rendered":"Acc\u00e8s universel \u00e0 l\u2019eau : les priorit\u00e9s pour mobiliser 30 milliards de dollars, selon Alioune Ndoye"},"content":{"rendered":"\n<p>(APS) \u2013 Le ministre s\u00e9n\u00e9galais de l\u2019Environnement, du D\u00e9veloppement durable et de la Transition \u00e9cologique, Alioune Ndoye, a d\u00e9clin\u00e9 des priorit\u00e9s n\u00e9cessaires au plan d\u2019action mis en \u0153uvre pour mobiliser chaque ann\u00e9e 30 milliards de dollars, soit 18 073 milliards de francs CFA, pour l\u2019acc\u00e8s universel \u00e0 l\u2019eau et \u00e0 l\u2019assainissement sur le continent africain.<\/p>\n\n\n\n<p>\u2018\u2019Il s\u2019agit d\u2019abord de promouvoir des plateformes continentales et nationales qui mettent en relation les sources de financement avec des progr\u00e8s porteurs d\u2019investissement dans l\u2019eau\u2019\u2019, a-t-il dit samedi lors du lancement du plan d\u2019action du Panel international sur les investissements pour l\u2019eau en Afrique.<\/p>\n\n\n\n<p>La deuxi\u00e8me priorit\u00e9 consiste \u00e0 \u2018\u2019renforcer le cadre juridique et r\u00e9glementaire de fa\u00e7on \u00e0 faciliter l\u2019investissement dans l\u2019eau mais aussi promouvoir davantage l\u2019acc\u00e8s aux ressources publiques et financi\u00e8res des projets d\u2019eau et assainissement souvent tr\u00e8s co\u00fbteux\u2019\u2019, a-t-il indiqu\u00e9.<\/p>\n\n\n\n<p>Alioune Ndoye sugg\u00e8re aussi de \u2018\u2019renforcer les syst\u00e8mes de donn\u00e9es et d\u2019informations afin que le progr\u00e8s d\u2019investissement puissent \u00eatre suivis et \u00e9valu\u00e9s\u2019\u2019.<\/p>\n\n\n\n<p>La prise en charge de ces priorit\u00e9s n\u00e9cessite \u2018\u2019la collaboration de tous les partenaires, publics comme priv\u00e9s\u2019\u2019, a-t-il pr\u00e9cis\u00e9, en d\u00e9livrant le message du pr\u00e9sident de la R\u00e9publique, Macky Sall, du lancement du plan d\u2019action du Panel international sur les investissements pour l\u2019eau en Afrique.<\/p>\n\n\n\n<p>\u2018\u2019Nous avons besoin de la collaboration de tous afin de r\u00e9aliser notre objectif ultime, l\u2019acc\u00e8s universel \u00e0 l\u2019eau et \u00e0 l\u2019assainissement\u2019\u2019, a-t-il d\u00e9clar\u00e9.<\/p>\n\n\n\n<p>L\u2019objectif vis\u00e9 \u00e0 travers ce plan d\u2019action, a-t-il rappel\u00e9, est de doubler les investissements actuels dans le secteur de l\u2019eau sur le continent, afin de r\u00e9unir les 30 milliards de dollars am\u00e9ricains n\u00e9cessaire chaque ann\u00e9e \u00e0 l\u2019atteinte de l\u2019objectif de d\u00e9veloppement durable dans ce secteur.<\/p>\n\n\n\n<p>Il a rappel\u00e9 que lors de l\u2019Assembl\u00e9e g\u00e9n\u00e9rale des Nations unies, tenue en septembre dernier, le panel a lanc\u00e9 la campagne de mobilisation des ressources financi\u00e8res destin\u00e9es au secteur de l\u2019eau en Afrique.<\/p>\n\n\n\n<p>\u2018\u2019C\u2019est dans la m\u00eame dynamique que nous lan\u00e7ons ici, \u00e0 Duba\u00ef, le plan d\u2019action pour l\u2019investissement du panel de haut niveau, qui pr\u00e9sente des mesures concr\u00e8tes pour mobiliser les investissements concrets en faveur de la s\u00e9curit\u00e9 de l\u2019eau en Afrique\u2019\u2019, a-t-il pr\u00e9cis\u00e9.<\/p>\n\n\n\n<p>Il a soulign\u00e9 que l\u2019eau est aujourd\u2019hui plus que jamais un indicateur essentiel du r\u00e9chauffement climatique.<\/p>\n\n\n\n<p>\u2018\u2019Les s\u00e9cheresses, les inondations et les p\u00e9nuries d\u2019eau r\u00e9currentes dans nos villes et campagnes nous rappellent au quotidien la n\u00e9cessit\u00e9 absolue d\u2019agir pour sa sauvegarde\u2019\u2019, a-t-il affirm\u00e9.<\/p>\n\n\n\n<p>Le pr\u00e9sident du Botswana, Dr Mokgweetsi Masisi, le commissaire \u00e0 l\u2019agriculture, au d\u00e9veloppement rural de la commission de l\u2019Union africaine, Josefa Sacko, ont pris part \u00e0 cette rencontre organis\u00e9e dans le cadre de la 28e Conf\u00e9rence des Nations unies sur le climat.<\/p>\n\n\n\n<p>Des ministres africains charg\u00e9s de l\u2019eau et de pays europ\u00e9ens ainsi que des partenaires au d\u00e9veloppement y ont \u00e9galement asssist\u00e9.<\/p>\n\n\n\n<p>Le Panel international de haut niveau sur les investissements pour l\u2019eau en Afrique a \u00e9t\u00e9 officiellement lanc\u00e9 par le pr\u00e9sident de la R\u00e9publique Macky Sall, le 25 mars 2022, lors du 9\u00e8me Forum mondial de l\u2019eau \u00e0 Dakar.<\/p>\n","protected":false},"excerpt":{"rendered":"<p>(APS) \u2013 Le ministre s\u00e9n\u00e9galais de l\u2019Environnement, du D\u00e9veloppement durable et de la Transition \u00e9cologique, Alioune Ndoye, a d\u00e9clin\u00e9 des<\/p>\n","protected":false},"author":1,"featured_media":26531,"comment_status":"open","ping_status":"open","sticky":false,"template":"","format":"standard","meta":{"footnotes":""},"categories":[3],"tags":[],"class_list":["post-26530","post","type-post","status-publish","format-standard","has-post-thumbnail","hentry","category-event-more-news"],"_links":{"self":[{"href":"https:\/\/dekkbi.com\/index.php?rest_route=\/wp\/v2\/posts\/26530","targetHints":{"allow":["GET"]}}],"collection":[{"href":"https:\/\/dekkbi.com\/index.php?rest_route=\/wp\/v2\/posts"}],"about":[{"href":"https:\/\/dekkbi.com\/index.php?rest_route=\/wp\/v2\/types\/post"}],"author":[{"embeddable":true,"href":"https:\/\/dekkbi.com\/index.php?rest_route=\/wp\/v2\/users\/1"}],"replies":[{"embeddable":true,"href":"https:\/\/dekkbi.com\/index.php?rest_route=%2Fwp%2Fv2%2Fcomments&post=26530"}],"version-history":[{"count":1,"href":"https:\/\/dekkbi.com\/index.php?rest_route=\/wp\/v2\/posts\/26530\/revisions"}],"predecessor-version":[{"id":26532,"href":"https:\/\/dekkbi.com\/index.php?rest_route=\/wp\/v2\/posts\/26530\/revisions\/26532"}],"wp:featuredmedia":[{"embeddable":true,"href":"https:\/\/dekkbi.com\/index.php?rest_route=\/wp\/v2\/media\/26531"}],"wp:attachment":[{"href":"https:\/\/dekkbi.com\/index.php?rest_route=%2Fwp%2Fv2%2Fmedia&parent=26530"}],"wp:term":[{"taxonomy":"category","embeddable":true,"href":"https:\/\/dekkbi.com\/index.php?rest_route=%2Fwp%2Fv2%2Fcategories&post=26530"},{"taxonomy":"post_tag","embeddable":true,"href":"https:\/\/dekkbi.com\/index.php?rest_route=%2Fwp%2Fv2%2Ftags&post=26530"}],"curies":[{"name":"wp","href":"https:\/\/api.w.org\/{rel}","templated":true}]}}