{"id":26528,"date":"2023-12-04T15:22:00","date_gmt":"2023-12-04T15:22:00","guid":{"rendered":"https:\/\/dekkbi.com\/?p=26528"},"modified":"2023-12-04T15:22:01","modified_gmt":"2023-12-04T15:22:01","slug":"mali-larmee-affirme-avoir-repousse-4-attaques-djihadistes","status":"publish","type":"post","link":"https:\/\/dekkbi.com\/?p=26528","title":{"rendered":"Mali: l\u2019arm\u00e9e affirme avoir repouss\u00e9 4 attaques djihadistes"},"content":{"rendered":"\n<p><strong>L\u2019arm\u00e9e malienne a affirm\u00e9 dimanche avoir repouss\u00e9 quatre attaques&nbsp;<em>\u00ab&nbsp;terroristes&nbsp;\u00bb<\/em>&nbsp;dans quatre localit\u00e9s du nord du pays, dont une dans la ville de M\u00e9naka, encercl\u00e9e par les djihadistes de l\u2019\u00c9tat islamique. (Source Africanews)<\/strong><\/p>\n\n\n\n<p><em>\u00ab&nbsp;Les Forces arm\u00e9es maliennes (Fama) ont repouss\u00e9 successivement des attaques terroristes contre quatre postes (militaires) dans les localit\u00e9s de Labbezagan, Gossi, Tessalit et M\u00e9naka&nbsp;\u00bb<\/em>, dit un communiqu\u00e9 publi\u00e9 dimanche soir.<\/p>\n\n\n\n<p>A&nbsp;<strong>M\u00e9naka<\/strong>, ville importante du nord-est du&nbsp;<strong>Mali<\/strong>&nbsp;proche de la fronti\u00e8re nig\u00e9rienne,&nbsp;<em>\u00ab&nbsp;malgr\u00e9 une concentration importante de combattants terroristes d\u00e9cid\u00e9s \u00e0 en d\u00e9coudre avec nos forces, les Fama leur ont inflig\u00e9 une sanglante d\u00e9faite avec la neutralisation de plusieurs dizaines de terroristes et l\u2019interpellation d\u2019une vingtaine&nbsp;\u00bb<\/em>, a assur\u00e9 l\u2019arm\u00e9e malienne.<\/p>\n\n\n\n<p>L\u2019antenne-relais de l\u2019op\u00e9rateur de t\u00e9l\u00e9phonie&nbsp;<strong>Orange-Mali<\/strong>&nbsp;dans la ville a \u00e9t\u00e9 endommag\u00e9e lors de l\u2019attaque, selon un fonctionnaire du gouvernorat, rendant les communications sur place tr\u00e8s difficiles.<\/p>\n\n\n\n<p>La collecte et la v\u00e9rification de l\u2019information est compliqu\u00e9e par la difficult\u00e9 d\u2019acc\u00e8s \u00e0 des sites \u00e9loign\u00e9s et \u00e0 des sources ind\u00e9pendantes dans un contexte globalement d\u00e9grad\u00e9.<\/p>\n\n\n\n<p>Le Mali est en proie depuis 2012 aux agissements des groupes affili\u00e9s \u00e0&nbsp;<strong>Al-Qa\u00efda<\/strong>&nbsp;et \u00e0 l\u2019organisation&nbsp;<strong>\u00c9tat islamique<\/strong>, aux violences des groupes proclam\u00e9s d\u2019autod\u00e9fense et au banditisme. La crise s\u00e9curitaire se double d\u2019une&nbsp;<strong>crise humanitaire<\/strong>&nbsp;et politique profonde.<\/p>\n\n\n\n<p>Le nord en particulier est en proie depuis ao\u00fbt \u00e0 une intensification des confrontations militaires. Le retrait de la mission de l\u2019ONU, pouss\u00e9e vers la sortie par la junte au pouvoir, a d\u00e9clench\u00e9 une course pour le contr\u00f4le du territoire entre l\u2019arm\u00e9e, les djihadistes et les&nbsp;<strong>s\u00e9paratistes<\/strong>&nbsp;qui ont repris les armes contre l\u2019\u00c9tat central.<\/p>\n\n\n\n<p>La crise s\u00e9curitaire dans ce pays dirig\u00e9 par une junte depuis 2020 s\u2019est propag\u00e9e au centre ainsi qu\u2019au&nbsp;<strong>Burkina Faso<\/strong>&nbsp;et au&nbsp;<strong>Niger<\/strong>&nbsp;voisins, deux pays \u00e9galement aux mains de r\u00e9gimes militaires depuis des coups d\u2019\u00c9tat respectivement en 2022 et 2023.<\/p>\n","protected":false},"excerpt":{"rendered":"<p>L\u2019arm\u00e9e malienne a affirm\u00e9 dimanche avoir repouss\u00e9 quatre attaques&nbsp;\u00ab&nbsp;terroristes&nbsp;\u00bb&nbsp;dans quatre localit\u00e9s du nord du pays, dont une dans la ville<\/p>\n","protected":false},"author":1,"featured_media":12848,"comment_status":"open","ping_status":"open","sticky":false,"template":"","format":"standard","meta":{"footnotes":""},"categories":[26],"tags":[],"class_list":["post-26528","post","type-post","status-publish","format-standard","has-post-thumbnail","hentry","category-fait-divers"],"_links":{"self":[{"href":"https:\/\/dekkbi.com\/index.php?rest_route=\/wp\/v2\/posts\/26528","targetHints":{"allow":["GET"]}}],"collection":[{"href":"https:\/\/dekkbi.com\/index.php?rest_route=\/wp\/v2\/posts"}],"about":[{"href":"https:\/\/dekkbi.com\/index.php?rest_route=\/wp\/v2\/types\/post"}],"author":[{"embeddable":true,"href":"https:\/\/dekkbi.com\/index.php?rest_route=\/wp\/v2\/users\/1"}],"replies":[{"embeddable":true,"href":"https:\/\/dekkbi.com\/index.php?rest_route=%2Fwp%2Fv2%2Fcomments&post=26528"}],"version-history":[{"count":1,"href":"https:\/\/dekkbi.com\/index.php?rest_route=\/wp\/v2\/posts\/26528\/revisions"}],"predecessor-version":[{"id":26529,"href":"https:\/\/dekkbi.com\/index.php?rest_route=\/wp\/v2\/posts\/26528\/revisions\/26529"}],"wp:featuredmedia":[{"embeddable":true,"href":"https:\/\/dekkbi.com\/index.php?rest_route=\/wp\/v2\/media\/12848"}],"wp:attachment":[{"href":"https:\/\/dekkbi.com\/index.php?rest_route=%2Fwp%2Fv2%2Fmedia&parent=26528"}],"wp:term":[{"taxonomy":"category","embeddable":true,"href":"https:\/\/dekkbi.com\/index.php?rest_route=%2Fwp%2Fv2%2Fcategories&post=26528"},{"taxonomy":"post_tag","embeddable":true,"href":"https:\/\/dekkbi.com\/index.php?rest_route=%2Fwp%2Fv2%2Ftags&post=26528"}],"curies":[{"name":"wp","href":"https:\/\/api.w.org\/{rel}","templated":true}]}}