{"id":26464,"date":"2023-12-02T11:19:08","date_gmt":"2023-12-02T11:19:08","guid":{"rendered":"https:\/\/dekkbi.com\/?p=26464"},"modified":"2023-12-02T11:28:55","modified_gmt":"2023-12-02T11:28:55","slug":"cop28-emmanuel-macron-appelle-les-pays-du-g7-a-montrer-lexemple-sur-la-question-du-charbon","status":"publish","type":"post","link":"https:\/\/dekkbi.com\/?p=26464","title":{"rendered":"COP28 &#8211; Emmanuel Macron appelle les pays du G7 \u00e0 \u00abmontrer l&rsquo;exemple\u00bb sur la question du charbon."},"content":{"rendered":"\n<p>Les chefs d\u2019\u00c9tats s\u2019exprimaient \u00e0 la tribune ce vendredi \u00e0 la COP 28 \u00e0 Duba\u00ef. Emmanuel a, lui aussi, pris la parole. La France comme l\u2019Union europ\u00e9enne plaide pour une sortie des \u00e9nergies fossiles pour limiter le r\u00e9chauffement climatique. Une question centrale de cette COP qui a lieu dans une p\u00e9tromonarchie. <\/p>\n\n\n\n<p>La priorit\u00e9 pour Emmanuel Macron est de sortir les pays riches des \u00e9nergies fossiles. Il plaide pour la fin du charbon d\u2019ici 2030, du p\u00e9trole d\u2019ici 2045 et du gaz d\u2019ici 2050, rapporte notre envoy\u00e9e sp\u00e9ciale \u00e0 Duba\u00ef, Jeanne Richard. Mais les pays \u00e9mergents doivent aussi faire des efforts. \u00ab En effet, s&rsquo;il y avait une priorit\u00e9 absolue, c&rsquo;est que les \u00e9mergents sortent du charbon. On doit permettre aux \u00e9mergents le rattrapage \u00e9conomique, c&rsquo;est un \u00e9l\u00e9ment de justice, mais ce rattrapage ne doit se faire sur la base d&rsquo;\u00e9nergies carbon\u00e9es \u00bb, a affirm\u00e9 le pr\u00e9sident fran\u00e7ais.<\/p>\n\n\n\n<p>Car le charbon est \u00e0 ce jour la source d\u2019\u00e9nergie la plus \u00e9mettrice de CO2. \u00ab Les pays du G7 doivent montrer l&rsquo;exemple et s&rsquo;engager \u00e0 mettre fin au charbon chez eux avant les autres, c&rsquo;est-\u00e0-dire avant 2023, a martel\u00e9 Emmanuel Macron. Ensuite, les pays les plus riches doivent aussi aider les \u00e9mergents \u00e0 sortir du charbon \u00bb<\/p>\n\n\n\n<p>Mais les programmes d\u2019aide sign\u00e9s avec l\u2019Afrique du Sud, le Vietnam et l\u2019Indon\u00e9sie et mis en avant par le pr\u00e9sident fran\u00e7ais ne portent pas leurs fruits. Reste le r\u00f4le du secteur priv\u00e9 dans cette transition. \u00ab Le secteur priv\u00e9 n&rsquo;a aucune d\u00e9sincitation pour financer une centrale \u00e0 charbon par rapport \u00e0 du renouvelable ou autre, c&rsquo;est totalement absurde et c&rsquo;est choquant pour tout le monde \u00bb. Emmanuel Macron appelle donc \u00e0 l\u2019arr\u00eat des subventions aux centrales \u00e0 charbon. Un beau discours, mais attention \u00e0 ce que ces d\u00e9clarations soient suivies d&rsquo;effets, pointent de leur c\u00f4t\u00e9 les ONG.<\/p>\n\n\n\n<p><strong>Un accord sur l&rsquo;industrie maritime<\/strong>.<\/p>\n\n\n\n<p>Le pr\u00e9sident fran\u00e7ais a par ailleurs salu\u00e9 \u00ab le formidable accord qui a \u00e9t\u00e9 trouv\u00e9 par l&rsquo;industrie maritime de nos pays il y a quelques instants et qui va permettre de r\u00e9duire les \u00e9missions tr\u00e8s fortement d&rsquo;ici 2030 \u00bb. Cinq des plus gros transporteurs maritimes mondiaux ainsi que la France, la Cor\u00e9e du Sud et le Danemark, ont adopt\u00e9 ce vendredi une d\u00e9claration commune pour promouvoir l&rsquo;adoption \u00ab\u00a0d&rsquo;un cadre r\u00e9glementaire solide\u00a0\u00bb d&rsquo;ici 2027 favorisant la transition \u00e9cologique du secteur.<\/p>\n","protected":false},"excerpt":{"rendered":"<p>Les chefs d\u2019\u00c9tats s\u2019exprimaient \u00e0 la tribune ce vendredi \u00e0 la COP 28 \u00e0 Duba\u00ef. Emmanuel a, lui aussi, pris<\/p>\n","protected":false},"author":1,"featured_media":26465,"comment_status":"open","ping_status":"open","sticky":false,"template":"","format":"standard","meta":{"footnotes":""},"categories":[51],"tags":[],"class_list":["post-26464","post","type-post","status-publish","format-standard","has-post-thumbnail","hentry","category-general"],"_links":{"self":[{"href":"https:\/\/dekkbi.com\/index.php?rest_route=\/wp\/v2\/posts\/26464","targetHints":{"allow":["GET"]}}],"collection":[{"href":"https:\/\/dekkbi.com\/index.php?rest_route=\/wp\/v2\/posts"}],"about":[{"href":"https:\/\/dekkbi.com\/index.php?rest_route=\/wp\/v2\/types\/post"}],"author":[{"embeddable":true,"href":"https:\/\/dekkbi.com\/index.php?rest_route=\/wp\/v2\/users\/1"}],"replies":[{"embeddable":true,"href":"https:\/\/dekkbi.com\/index.php?rest_route=%2Fwp%2Fv2%2Fcomments&post=26464"}],"version-history":[{"count":1,"href":"https:\/\/dekkbi.com\/index.php?rest_route=\/wp\/v2\/posts\/26464\/revisions"}],"predecessor-version":[{"id":26466,"href":"https:\/\/dekkbi.com\/index.php?rest_route=\/wp\/v2\/posts\/26464\/revisions\/26466"}],"wp:featuredmedia":[{"embeddable":true,"href":"https:\/\/dekkbi.com\/index.php?rest_route=\/wp\/v2\/media\/26465"}],"wp:attachment":[{"href":"https:\/\/dekkbi.com\/index.php?rest_route=%2Fwp%2Fv2%2Fmedia&parent=26464"}],"wp:term":[{"taxonomy":"category","embeddable":true,"href":"https:\/\/dekkbi.com\/index.php?rest_route=%2Fwp%2Fv2%2Fcategories&post=26464"},{"taxonomy":"post_tag","embeddable":true,"href":"https:\/\/dekkbi.com\/index.php?rest_route=%2Fwp%2Fv2%2Ftags&post=26464"}],"curies":[{"name":"wp","href":"https:\/\/api.w.org\/{rel}","templated":true}]}}