{"id":26442,"date":"2023-12-02T10:07:49","date_gmt":"2023-12-02T10:07:49","guid":{"rendered":"https:\/\/dekkbi.com\/?p=26442"},"modified":"2023-12-02T10:07:50","modified_gmt":"2023-12-02T10:07:50","slug":"paix-securite-et-developpement-en-afrique-la-stabilite-a-travers-linstauration-de-criteres-de-convergence-securitaire","status":"publish","type":"post","link":"https:\/\/dekkbi.com\/?p=26442","title":{"rendered":"Paix, s\u00e9curit\u00e9 et d\u00e9veloppement en Afrique : La stabilit\u00e9 \u00e0 travers l\u2019instauration de crit\u00e8res de convergence s\u00e9curitaire"},"content":{"rendered":"\n<p>Lequotidien &#8211; Les crit\u00e8res de convergence \u00e9conomique sont des crit\u00e8res \u00e9tablis entre Etats d\u2019une zone et fond\u00e9s sur des indicateurs \u00e9conomiques mesurables, au respect duquel les pays membres sont soumis. Ainsi, s\u2019installe alors un socle de gouvernance solidaire qui constitue la base, la fondation sur laquelle s\u2019\u00e9rige le d\u00e9veloppement \u00e9conomique coh\u00e9rent des pays membres.Dans l\u2019Union \u00e9conomique et mon\u00e9taire ouest-africaine (Uemoa), les crit\u00e8res de premier rang visent le d\u00e9ficit budg\u00e9taire (&lt;= -3%), l\u2019inflation (&lt;=3%) et le niveau d\u2019endettement (&lt;=70%) rapport\u00e9s au Pib. Les crit\u00e8res de second rang visent respectivement ratio masse salariale\/recettes fiscales (\u2264 35 %) et celui des recettes fiscales\/Pib (\u2265 20 %).Dans l\u2019espace plus \u00e9largi de la Communaut\u00e9 \u00e9conomique des Etats de l\u2019Afrique de l\u2019Ouest (Cedeao), la convergence des politiques et des r\u00e9sultats macro\u00e9conomiques semble un pr\u00e9alable \u00e0 la cr\u00e9ation d\u2019une zone mon\u00e9taire. Dans cette zone, les crit\u00e8res de convergence sont, entre autres, un d\u00e9ficit budg\u00e9taire limit\u00e9 \u00e0 3% du Pib, une inflation \u00e0 10% maximum et une dette inf\u00e9rieure \u00e0 70% du Pib.Pourquoi la plupart des politiques \u00e9conomiques des pays soumis \u00e0 ces indicateurs de performance ont \u00e9t\u00e9 inefficaces et contre-performantes ? Au constat de l\u2019absence de la variable s\u00e9curitaire et son corollaire relatif \u00e0 la stabilit\u00e9 politique parmi les crit\u00e8res de convergence susvis\u00e9s dans l\u2019Union et \u00e0 l\u2019\u00e9chelle Cedeao, nous semble-t-il l\u00e9gitime de se demander si l\u2019essor \u00e9conomique est possible sans une stabilit\u00e9 politique et une s\u00e9curit\u00e9 infaillible des populations, de leurs biens et des syst\u00e8mes d\u2019informations ?<\/p>\n\n\n\n<p>Au regard de la situation qui pr\u00e9vaut dans plusieurs pays du Sahel, th\u00e9\u00e2tres d\u2019instabilit\u00e9 politique, de pratiques anticonstitutionnelles menant \u00e0 des situations inconstitutionnelles avec un \u00e9ternel recommencement du d\u00e9bat entre l\u00e9galit\u00e9 et l\u00e9gitimit\u00e9, deux grands boulevards ouverts \u00e0 l\u2019ins\u00e9curit\u00e9, nous pouvons sans risque de nous tromper, r\u00e9pondre par la n\u00e9gation. Rien ne peut se faire de p\u00e9renne sans stabilit\u00e9 et sans s\u00e9curit\u00e9 au sens large incluant les nouvelles infractions cybercriminelles. Face \u00e0 l\u2019escalade des actes terroristes et de grand banditisme, aux r\u00e9percussions sanitaires des pand\u00e9mies et celles \u00e9conomiques imput\u00e9es aux conflits arm\u00e9s et non arm\u00e9s, internes et internationaux, il faut une r\u00e9ponse communautaire unifi\u00e9e. Nous devons prendre des mesures imm\u00e9diates, pens\u00e9es, formul\u00e9es, ex\u00e9cut\u00e9es, \u00e9valu\u00e9es et am\u00e9lior\u00e9es par nous-m\u00eames afin d\u2019\u00e9radiquer ces fl\u00e9aux qui freinent le d\u00e9veloppement de l\u2019Afrique.<\/p>\n\n\n\n<p>La s\u00e9curit\u00e9 totale aux diff\u00e9rents niveaux ressort comme une condition n\u00e9cessaire m\u00eame si elle n\u2019est pas suffisante pour jeter les bases d\u2019une Afrique nouvelle, sur les rails du d\u00e9veloppement. La s\u00e9curit\u00e9 des personnes, des biens et des syst\u00e8mes d\u2019informations, mais \u00e9galement la s\u00e9curit\u00e9 sanitaire et agroalimentaire apparaissent donc comme leviers d\u00e9terminants pour insuffler \u00e0 l\u2019Afrique cette dynamique de d\u00e9veloppement partout th\u00e9oris\u00e9e.C\u2019est le sens de ce plaidoyer pour l\u2019\u00e9rection de Crit\u00e8res de convergence s\u00e9curitaire en Afrique.<\/p>\n\n\n\n<p> Calqu\u00e9 sur le m\u00eame esprit que celui r\u00e9gissant les crit\u00e8res \u00e9conomiques, ce pacte doit \u00eatre une boussole sous-r\u00e9gionale et non un slogan creux souffrant des m\u00eames insuffisances que son \u00abgrand fr\u00e8re\u00bb. Il doit d\u2019abord \u00e9viter \u00e0 l\u2019Afrique des situations de nature \u00e0 compromettre sa stabilit\u00e9.Parmi ces \u00e9pines figurent plusieurs pratiques que nous n\u2019avons gu\u00e8re la pr\u00e9tention de proposer comme uniques indicateurs. Ils ont cependant le m\u00e9rite d\u2019\u00eatre une constante dans les zones conflictog\u00e8nes. <\/p>\n\n\n\n<p>Je veux citer l\u2019exc\u00e8s dans le tripatouillage constitutionnel, les subterfuges juridico-l\u00e9gaux qui m\u00e8nent au pouvoir une minorit\u00e9 soutenue par la richesse et de puissants alli\u00e9s, la pr\u00e9sence asym\u00e9trique de forces ext\u00e9rieures en Afrique, la baisse plongeante du niveau \u00e9ducatif, la l\u00e9gif\u00e9ration lacunaire du num\u00e9rique et le manque de normalisation de la protection des infrastructures, des activit\u00e9s et des services vitaux. Aucun mot ne suffit \u00e0 expliquer ces maux qui, en fin de compte, font de notre continent le foyer d\u2019un terrorisme imaginaire ou celui d\u2019une guerre import\u00e9e sous le regard impuissant d\u2019une \u00e9lite qui semble n\u00e9gocier sa souverainet\u00e9.<\/p>\n\n\n\n<p>Cette convergence s\u00e9curitaire doit \u00eatre un principe de gouvernance mesurable et soumis \u00e0 une autorit\u00e9 de contr\u00f4le r\u00e9gionale, mandat\u00e9e et outill\u00e9e pour d\u00e9finir les indicateurs pertinents et leurs unit\u00e9s de mesure, les dispositions pr\u00e9ventives d\u2019alerte, les mesures correctives et les sanctions pr\u00e9vues avec les moyens de leur mise en ex\u00e9cution en s\u2019appuyant sur le dispositif \u00abForce africaine en attente (Faa)\u00bb de l\u2019Ua.<\/p>\n\n\n\n<p>Le continent est suffisamment riche. Il ne l\u2019est pas seulement de ses ressources min\u00e9rales. Il l\u2019est aussi de son g\u00e9nie militaire, de ses g\u00e9o-strat\u00e8ges, ses professionnels de la sant\u00e9, ses experts agroalimentaires, ses brillants et int\u00e8gres hommes de droit, de ses historiques, de ses sociologues mais \u00e9galement de son g\u00e9nie informatique, sans oublier ses sages. <\/p>\n\n\n\n<p>Ce capital humain peut ais\u00e9ment constituer une \u00e9quipe dynamique capable de le doter de cet outil de gouvernance garant de l\u2019efficacit\u00e9 de tout autre dispositif compl\u00e9mentaire.A l\u2019occasion de la 9\u00e8me \u00e9dition du Forum International de Dakar sur la Paix et la S\u00e9curit\u00e9 en Afrique qui s\u2019y est d\u00e9roul\u00e9 les 27 et 28 novembre 2023, nous avons espoir que des solutions adapt\u00e9es seront trouv\u00e9es et appliqu\u00e9es pour une meilleure Afrique !<\/p>\n\n\n\n<p>Djibril SARR Securizons<\/p>\n\n\n\n<p>djsarr@securizons.com<\/p>\n","protected":false},"excerpt":{"rendered":"<p>Lequotidien &#8211; Les crit\u00e8res de convergence \u00e9conomique sont des crit\u00e8res \u00e9tablis entre Etats d\u2019une zone et fond\u00e9s sur des indicateurs<\/p>\n","protected":false},"author":1,"featured_media":26443,"comment_status":"open","ping_status":"open","sticky":false,"template":"","format":"standard","meta":{"footnotes":""},"categories":[3],"tags":[],"class_list":["post-26442","post","type-post","status-publish","format-standard","has-post-thumbnail","hentry","category-event-more-news"],"_links":{"self":[{"href":"https:\/\/dekkbi.com\/index.php?rest_route=\/wp\/v2\/posts\/26442","targetHints":{"allow":["GET"]}}],"collection":[{"href":"https:\/\/dekkbi.com\/index.php?rest_route=\/wp\/v2\/posts"}],"about":[{"href":"https:\/\/dekkbi.com\/index.php?rest_route=\/wp\/v2\/types\/post"}],"author":[{"embeddable":true,"href":"https:\/\/dekkbi.com\/index.php?rest_route=\/wp\/v2\/users\/1"}],"replies":[{"embeddable":true,"href":"https:\/\/dekkbi.com\/index.php?rest_route=%2Fwp%2Fv2%2Fcomments&post=26442"}],"version-history":[{"count":1,"href":"https:\/\/dekkbi.com\/index.php?rest_route=\/wp\/v2\/posts\/26442\/revisions"}],"predecessor-version":[{"id":26444,"href":"https:\/\/dekkbi.com\/index.php?rest_route=\/wp\/v2\/posts\/26442\/revisions\/26444"}],"wp:featuredmedia":[{"embeddable":true,"href":"https:\/\/dekkbi.com\/index.php?rest_route=\/wp\/v2\/media\/26443"}],"wp:attachment":[{"href":"https:\/\/dekkbi.com\/index.php?rest_route=%2Fwp%2Fv2%2Fmedia&parent=26442"}],"wp:term":[{"taxonomy":"category","embeddable":true,"href":"https:\/\/dekkbi.com\/index.php?rest_route=%2Fwp%2Fv2%2Fcategories&post=26442"},{"taxonomy":"post_tag","embeddable":true,"href":"https:\/\/dekkbi.com\/index.php?rest_route=%2Fwp%2Fv2%2Ftags&post=26442"}],"curies":[{"name":"wp","href":"https:\/\/api.w.org\/{rel}","templated":true}]}}