{"id":26431,"date":"2023-12-02T09:50:28","date_gmt":"2023-12-02T09:50:28","guid":{"rendered":"https:\/\/dekkbi.com\/?p=26431"},"modified":"2023-12-02T09:52:44","modified_gmt":"2023-12-02T09:52:44","slug":"tournee-europeenne-amadou-ba-a-la-conquete-de-la-diaspora","status":"publish","type":"post","link":"https:\/\/dekkbi.com\/?p=26431","title":{"rendered":"Tourn\u00e9e europ\u00e9enne : Amadou Ba \u00e0 la conqu\u00eate de la Diaspora"},"content":{"rendered":"\n<p>Le Premier ministre, Amadou Ba, effectuera son premier voyage en tant que candidat de la Coalition Benno bokk yaakaar (Bby) au d\u00e9but de ce mois de d\u00e9cembre. Ce voyage le m\u00e8nera en France o\u00f9 il ira \u00e0 la rencontre de la diaspora.  Par Amadou MBODJI \u2013 Amadou Ba, premier ministre du S\u00e9n\u00e9gal, qui cherche \u00e0 se tracer un destin de pr\u00e9sident de la R\u00e9publique, fera son premier d\u00e9placement officiel en tant que candidat de la mouvance pr\u00e9sidentielle. En effet, Paris sera la ville o\u00f9 se rendra Amadou Ba sous ses nouveaux habits de candidat de Benno bokk yaakaar (Bby).<\/p>\n\n\n\n<p> Un voyage que le Pm fera au d\u00e9but de ce mois de d\u00e9cembre et qu\u2019il saisira comme opportunit\u00e9, d\u2019apr\u00e8s Jeune Afrique, pour tenter de convaincre la diaspora s\u00e9n\u00e9galaise en France, notamment apr\u00e8s un glissement de cet \u00e9lectorat vers l\u2019opposition, lors des derni\u00e8res L\u00e9gislatives. Ce voyage, qui s\u2019inscrit dans une d\u00e9marche de rapprochement avec les membres de cette diaspora, tel un symbole, constitue son deuxi\u00e8me voyage \u00e0 Paris depuis sa nomination comme Premier ministre en septembre 2022. <\/p>\n\n\n\n<p>Ce voyage survient apr\u00e8s une tourn\u00e9e \u00e9conomique d\u00e9but\u00e9e le 20 octobre 2023, qui a men\u00e9 Ba dans plusieurs r\u00e9gions du S\u00e9n\u00e9gal. Cette tourn\u00e9e, per\u00e7ue par certains \u00abcomme le d\u00e9but de sa campagne \u00e9lectorale pour la Pr\u00e9sidentielle, a mis l\u2019accent sur le d\u00e9veloppement \u00e9conomique et les enjeux locaux\u00bb.<\/p>\n\n\n\n<p>Revenant sur le choix port\u00e9 sur lui pour \u00eatre le candidat de la mouvance pr\u00e9sidentielle, qui a suscit\u00e9 une vague de contestations et de dissidences avec les candidatures parall\u00e8les de Mahammed Boune Abdallah Dione, de Aly Ngouille Ndiaye  et Mame Boye Diao, Amadou Ba dit se conformer \u00e0 la discipline de parti. \u00abAu moment du choix, il m\u2019a choisi alors qu\u2019il pouvait choisir d\u2019autres. Et s\u2019il avait choisi quelqu\u2019un d\u2019autre, je me serais rang\u00e9 derri\u00e8re ce candidat. <\/p>\n\n\n\n<p>C\u2019est \u00e7a la discipline de parti\u00bb, r\u00e9v\u00e8le le candidat de Bby en recevant avant-hier les femmes de la Coalition Benno bokk yaakaar des Parcelles Assainies de Dakar. \u00abPersonnellement, je ne peux pas \u00abpayer\u00bb le Pr\u00e9sident Macky Sall pour tout ce qu\u2019il a fait pour moi. C\u2019est pourquoi je vous invite \u00e0 ne pas trahir cette confiance. Les Parcelles Assainies doivent s\u2019investir pour m\u00e9riter cette confiance !\u00bb, lance-t-il en direction des troupes.<\/p>\n","protected":false},"excerpt":{"rendered":"<p>Le Premier ministre, Amadou Ba, effectuera son premier voyage en tant que candidat de la Coalition Benno bokk yaakaar (Bby)<\/p>\n","protected":false},"author":1,"featured_media":0,"comment_status":"open","ping_status":"open","sticky":false,"template":"","format":"standard","meta":{"footnotes":""},"categories":[6],"tags":[],"class_list":["post-26431","post","type-post","status-publish","format-standard","hentry","category-politics"],"_links":{"self":[{"href":"https:\/\/dekkbi.com\/index.php?rest_route=\/wp\/v2\/posts\/26431","targetHints":{"allow":["GET"]}}],"collection":[{"href":"https:\/\/dekkbi.com\/index.php?rest_route=\/wp\/v2\/posts"}],"about":[{"href":"https:\/\/dekkbi.com\/index.php?rest_route=\/wp\/v2\/types\/post"}],"author":[{"embeddable":true,"href":"https:\/\/dekkbi.com\/index.php?rest_route=\/wp\/v2\/users\/1"}],"replies":[{"embeddable":true,"href":"https:\/\/dekkbi.com\/index.php?rest_route=%2Fwp%2Fv2%2Fcomments&post=26431"}],"version-history":[{"count":1,"href":"https:\/\/dekkbi.com\/index.php?rest_route=\/wp\/v2\/posts\/26431\/revisions"}],"predecessor-version":[{"id":26433,"href":"https:\/\/dekkbi.com\/index.php?rest_route=\/wp\/v2\/posts\/26431\/revisions\/26433"}],"wp:attachment":[{"href":"https:\/\/dekkbi.com\/index.php?rest_route=%2Fwp%2Fv2%2Fmedia&parent=26431"}],"wp:term":[{"taxonomy":"category","embeddable":true,"href":"https:\/\/dekkbi.com\/index.php?rest_route=%2Fwp%2Fv2%2Fcategories&post=26431"},{"taxonomy":"post_tag","embeddable":true,"href":"https:\/\/dekkbi.com\/index.php?rest_route=%2Fwp%2Fv2%2Ftags&post=26431"}],"curies":[{"name":"wp","href":"https:\/\/api.w.org\/{rel}","templated":true}]}}