{"id":26422,"date":"2023-12-02T09:27:58","date_gmt":"2023-12-02T09:27:58","guid":{"rendered":"https:\/\/dekkbi.com\/?p=26422"},"modified":"2023-12-02T09:27:59","modified_gmt":"2023-12-02T09:27:59","slug":"gestion-des-ressources-naturelles-le-contenu-local-un-defi-majeur-lie-a-lexploitation-du-gaz-et-du-petrole","status":"publish","type":"post","link":"https:\/\/dekkbi.com\/?p=26422","title":{"rendered":"Gestion des ressources naturelles : le contenu local, un d\u00e9fi majeur li\u00e9 \u00e0 l\u2019exploitation du gaz et du p\u00e9trole"},"content":{"rendered":"\n<p>Les rideaux sont tomb\u00e9s sur la 5eme \u00e9dition du Gingembre Litt\u00e9raire du S\u00e9n\u00e9gal sur le \u2018\u2019Vivre  Ensemble\u2019\u2019 orgnis\u00e9 hier, vendredi 01 d\u00e9cembre 2023, par El Gorgui Wade Ndoye, journaliste accr\u00e9dit\u00e9 aupr\u00e8s des Nations Unies. Cette ann\u00e9e, la th\u00e9matique porte sur \u00ab quelle gestion des ressources naturelles et fonci\u00e8res pour un d\u00e9veloppement durable et inclusif \u00bb.<\/p>\n\n\n\n<p> A cette occasion, les pan\u00e9listes Manar Sall, DG de P\u00e9trosen et Abdoulaye Ly, membre du Club des investisseurs, sont largement revenus sur les d\u00e9fis majeurs du contenu local. Lors de cette journ\u00e9e de r\u00e9flexion, il a \u00e9t\u00e9 beaucoup question du contenu local. A la question de savoir qu\u2019est-ce que l\u2019Etat du S\u00e9n\u00e9gal a fait pour donner la part au local, Manar Sall a r\u00e9pondu : \u00ab on a eu la chance, au S\u00e9n\u00e9gal, d\u2019\u00eatre parmi les derniers \u00e0 d\u00e9couvrir ces ressources naturelles. <\/p>\n\n\n\n<p>On a pu apprendre forc\u00e9ment des autres aussi bien des choses positives que donc les bonnes pratiques que les choses n\u00e9gatives donc qui ont \u00e9t\u00e9 faites dans les autres pays et qu\u2019on devait absolument \u00e9viter  de reproduire dans notre pays. Et une des choses qui a \u00e9t\u00e9 bien fait dans certains pays, c\u2019est l\u2019implication des personnes physiques et morales dans l\u2019exploitation de ces ressources.<\/p>\n\n\n\n<p> C\u2019est ce qu\u2019on appelle commun\u00e9ment  le contenu. D\u00e8s le d\u00e9part, au S\u00e9n\u00e9gal, bien avant l\u2019exploitation, on a mis en place la loi sur le contenu local et le degr\u00e9 d\u2019application pour nous assurer qu\u2019\u00e0 l\u2019horizon 2030, 50% de la valeur ajout\u00e9e tir\u00e9e de ces ressources sera capt\u00e9e par les entreprises et par les S\u00e9n\u00e9galais. Voil\u00e0, c\u2019est \u00e7a le contenu local et on a beaucoup insist\u00e9 l\u00e0-dessus avec vous, vu des diff\u00e9rences d\u2019approches.<\/p>\n\n\n\n<p> Mais au final, je puis vous assurer que tout l\u2019arsenal devait \u00eatre  mis en place et une bonne exploitation de nos ressources naturelles a d\u00e9j\u00e0 \u00e9t\u00e9 mise en place avec comme je l\u2019ai dit tant\u00f4t, la d\u00e9finition d\u2019une bonne vision et apr\u00e8s les strat\u00e9gies pour soutenir cette vision-l\u00e0 afin qu\u2019on  puisse atteindre cet objectif qui est connu au S\u00e9n\u00e9gal, une \u00e9nergie qui soit disponible, de qualit\u00e9, qu\u2019il soit accessible \u00e0 tous, qu\u2019il soit au moindre co\u00fbt et qu\u2019il soit respectueux de l\u2019environnement \u00bb.  <\/p>\n\n\n\n<p>A en croire Manar Sall, \u00ab Si on atteint ces cinq (5) objectifs et je suis persuad\u00e9 que nous faisons  tout pour cela, je pense qu\u2019on pourra esp\u00e9rer l\u2019\u00e9mergence parce que simplement comme je l\u2019ai dit en baissant beaucoup l\u2019\u00e9nergie, on favorise l\u2019industrialisation.Concernant le doute des S\u00e9n\u00e9galais sur la gestion des ressources nationales au S\u00e9n\u00e9gal, le Directeur de P\u00e9trosen dira pour sa part que \u00ab la question n\u2019est pas qu\u2019ils sont craintifs ou dubitatifs. C\u2019est-\u00e0-dire, qu\u2019ils ne sont pas s\u00fbrs \u00e0 100%. <\/p>\n\n\n\n<p>C\u2019est dans la Constitution qu\u2019il est dit dans l\u2019article L.25.1 que les ressources naturelles appartiennent aux populations. Et l\u2019exploitation de ces ressources va am\u00e9liorer les biens des S\u00e9n\u00e9galais. Donc les S\u00e9n\u00e9galais n\u2019ont pas \u00e0 douter de notre capacit\u00e9 \u00e0 mettre en place les dispositifs qui nous permettront d\u2019atteindre cette objectif \u00bb, a-t-il expliqu\u00e9.<\/p>\n\n\n\n<p>Pour sa part, Abdoulaye Ly, ancien directeur du Club des investisseurs, observera que le S\u00e9n\u00e9gal a omis dans sa politique de contenu local les meilleures pratiques. Le S\u00e9n\u00e9gal, n\u2019a pas fait tout ce qu\u2019il devait faire pour r\u00e9ussir sa politique de contenu local. Poursuivant ces propos, ce membre du club des investisseurs ajoute que \u00ab le contenu local est une mesure d\u2019ordre institutionnel visant \u00e0 assurer la proportion des nationaux dans la fabrication des biens et services. <\/p>\n\n\n\n<p>Il faut  comprendre que le contenu local n\u2019est pas une obligation strictement pour les \u00e9trangers qui viennent mais, une obligation pour les S\u00e9n\u00e9galais qui n\u2019ont le droit de mettre 100% d\u2019\u00e9trangers dans leurs entreprises \u00bb. Toujours selon M. Ly, il y a des options \u00e9conomiques qui peuvent avoir des d\u00e9fiances sur la politique du contenu local.  A cet \u00e9gard, le S\u00e9n\u00e9gal a deux d\u00e9fis sur le contenu local, notamment dans les hydrocarbures et dans les mines. A cet effet, le S\u00e9n\u00e9gal applique les accords de Gen\u00e8ve d\u00e9nomm\u00e9s traitement national qui dit que toute entreprise quelle que soit sa nationalit\u00e9,  d\u00e8s qu\u2019elle est install\u00e9e au S\u00e9n\u00e9gal, elle est consid\u00e9r\u00e9e comme une entreprise nationale. <\/p>\n\n\n\n<p>Aussi, le S\u00e9n\u00e9gal applique l\u2019\u00e9migration \u00e9conomique. Alors, avant de faire un contenu local, il faut d\u2019abord, avoir une unit\u00e9 de production. \u00ab Nous sommes un pays certes attractif, mais il subsiste des contraintes dans l\u2019investissement qui peuvent jouer sur cela. Parce qu\u2019avant de faire le contenu local, il faut d\u2019abord qu\u2019il y ait des entreprises dans la massification des entreprises et dans les investissements \u00bb.<\/p>\n\n\n\n<p>BARTHELEMY COLY (STAGIAIRE)<\/p>\n\n\n\n<p>SUDQUOTIDIEN <\/p>\n","protected":false},"excerpt":{"rendered":"<p>Les rideaux sont tomb\u00e9s sur la 5eme \u00e9dition du Gingembre Litt\u00e9raire du S\u00e9n\u00e9gal sur le \u2018\u2019Vivre Ensemble\u2019\u2019 orgnis\u00e9 hier, vendredi<\/p>\n","protected":false},"author":1,"featured_media":8358,"comment_status":"open","ping_status":"open","sticky":false,"template":"","format":"standard","meta":{"footnotes":""},"categories":[3],"tags":[],"class_list":["post-26422","post","type-post","status-publish","format-standard","has-post-thumbnail","hentry","category-event-more-news"],"_links":{"self":[{"href":"https:\/\/dekkbi.com\/index.php?rest_route=\/wp\/v2\/posts\/26422","targetHints":{"allow":["GET"]}}],"collection":[{"href":"https:\/\/dekkbi.com\/index.php?rest_route=\/wp\/v2\/posts"}],"about":[{"href":"https:\/\/dekkbi.com\/index.php?rest_route=\/wp\/v2\/types\/post"}],"author":[{"embeddable":true,"href":"https:\/\/dekkbi.com\/index.php?rest_route=\/wp\/v2\/users\/1"}],"replies":[{"embeddable":true,"href":"https:\/\/dekkbi.com\/index.php?rest_route=%2Fwp%2Fv2%2Fcomments&post=26422"}],"version-history":[{"count":1,"href":"https:\/\/dekkbi.com\/index.php?rest_route=\/wp\/v2\/posts\/26422\/revisions"}],"predecessor-version":[{"id":26423,"href":"https:\/\/dekkbi.com\/index.php?rest_route=\/wp\/v2\/posts\/26422\/revisions\/26423"}],"wp:featuredmedia":[{"embeddable":true,"href":"https:\/\/dekkbi.com\/index.php?rest_route=\/wp\/v2\/media\/8358"}],"wp:attachment":[{"href":"https:\/\/dekkbi.com\/index.php?rest_route=%2Fwp%2Fv2%2Fmedia&parent=26422"}],"wp:term":[{"taxonomy":"category","embeddable":true,"href":"https:\/\/dekkbi.com\/index.php?rest_route=%2Fwp%2Fv2%2Fcategories&post=26422"},{"taxonomy":"post_tag","embeddable":true,"href":"https:\/\/dekkbi.com\/index.php?rest_route=%2Fwp%2Fv2%2Ftags&post=26422"}],"curies":[{"name":"wp","href":"https:\/\/api.w.org\/{rel}","templated":true}]}}