{"id":26383,"date":"2023-12-01T11:26:15","date_gmt":"2023-12-01T11:26:15","guid":{"rendered":"https:\/\/dekkbi.com\/?p=26383"},"modified":"2023-12-01T11:26:16","modified_gmt":"2023-12-01T11:26:16","slug":"guinee-bissau-larmee-annonce-une-situation-sous-controle-et-larrestation-du-chef-de-la-garde-nationale","status":"publish","type":"post","link":"https:\/\/dekkbi.com\/?p=26383","title":{"rendered":"Guin\u00e9e-Bissau: l&rsquo;arm\u00e9e annonce une situation \u00absous contr\u00f4le\u00bb et l&rsquo;arrestation du chef de la Garde nationale"},"content":{"rendered":"\n<p>L&rsquo;\u00e9tat-major bissau-guin\u00e9en a dit ce 1er d\u00e9cembre 2023 d\u00e9tenir le chef de l&rsquo;unit\u00e9 des forces de s\u00e9curit\u00e9 impliqu\u00e9e dans une nuit d&rsquo;affrontements dans la capitale, et a assur\u00e9 que l&rsquo;arm\u00e9e contr\u00f4lait la situation.<\/p>\n\n\n\n<p>En\u00a0<strong>Guin\u00e9e Bissau<\/strong>, l&rsquo;arm\u00e9e annonce que la situation est \u00ab\u00a0<em>totalement sous contr\u00f4le<\/em>\u00a0\u00bb, apr\u00e8s l&rsquo;arrestation du chef de la Garde nationale. Depuis cette nuit, cette unit\u00e9, retranch\u00e9e dans une caserne de Bissau, affrontait les Forces sp\u00e9ciales. Ces \u00e9changes de tirs faisaient suite \u00e0 ce qui s&rsquo;apparente \u00e0 une tentative d&rsquo;\u00e9vasion de deux hautes personnalit\u00e9s de l&rsquo;\u00c9tat soup\u00e7onn\u00e9es de corruption.<\/p>\n\n\n\n<p>Le commandant qui dirigeait cette op\u00e9ration s&rsquo;est finalement rendu. D&rsquo;apr\u00e8s les informations de RFI, il s&rsquo;agit du colonel Victor Tchongo. Il commandait donc les \u00e9l\u00e9ments de la Garde nationale qui ont exfiltr\u00e9 de leur cellule le 30 novembre 2023 le ministre de l&rsquo;\u00c9conomie Souleiman Seidi et le secr\u00e9taire d&rsquo;\u00c9tat au Tr\u00e9sor public Antonio Monteiro. Les hommes arm\u00e9s s&rsquo;\u00e9taient ensuite retranch\u00e9s dans une caserne situ\u00e9e dans le quartier Santa Luzia.<\/p>\n\n\n\n<p>Ce matin du 1\u1d49\u02b3 d\u00e9cembre r\u00e9sonnaient encore dans Bissau des tirs nourris entre cette unit\u00e9 et les Forces sp\u00e9ciales, jusqu&rsquo;\u00e0 ce que le colonel Tchongo d\u00e9cide de se rendre pour \u00e9viter un bain de sang, a-t-il expliqu\u00e9.<\/p>\n\n\n\n<p>Plusieurs de ses \u00e9l\u00e9ments ont aussi \u00e9t\u00e9 arr\u00eat\u00e9s. Les autres sont en fuite.<\/p>\n\n\n\n<p><strong>Newsletter<\/strong>Recevez toute l&rsquo;actualit\u00e9 internationale directement dans votre boite mail<a href=\"https:\/\/emailing.rfi.fr\/fr\/subscribe\" target=\"_blank\" rel=\"noreferrer noopener\">Je m&rsquo;abonne<\/a><\/p>\n\n\n\n<p>Le ministre Seidi et le secr\u00e9taire d&rsquo;\u00c9tat Monteiro ont tous les deux \u00e9t\u00e9 r\u00e9cup\u00e9r\u00e9s sains et saufs. Ils ont \u00e9t\u00e9 remis dans leur cellule.<\/p>\n\n\n\n<p>Pour l&rsquo;heure, il n&rsquo;y a pas de bilan en termes de morts ou de bless\u00e9s. L&rsquo;arm\u00e9e sillonne les rues, et les acc\u00e8s \u00e0 la pr\u00e9sidence ont \u00e9t\u00e9 ferm\u00e9s.<\/p>\n\n\n\n<p>\u00c0 l&rsquo;origine de ces \u00e9v\u00e9nements, les deux membres du gouvernement avaient \u00e9t\u00e9 convoqu\u00e9s hier matin par la justice, avant d&rsquo;\u00eatre plac\u00e9s en garde \u00e0 vue. Ils \u00e9taient interrog\u00e9s sur le retrait suspect de 10 millions de dollars des caisses de l&rsquo;\u00c9tat.<\/p>\n\n\n\n<p>Des \u00e9v\u00e9nements qui se sont d\u00e9roul\u00e9s alors que le pr\u00e9sident du pays, Umaro Sissoco Embalo, est en d\u00e9placement \u00e0 Duba\u00ef pour la COP 28.<\/p>\n\n\n\n<p>SOURCE RFI<\/p>\n","protected":false},"excerpt":{"rendered":"<p>L&rsquo;\u00e9tat-major bissau-guin\u00e9en a dit ce 1er d\u00e9cembre 2023 d\u00e9tenir le chef de l&rsquo;unit\u00e9 des forces de s\u00e9curit\u00e9 impliqu\u00e9e dans une<\/p>\n","protected":false},"author":1,"featured_media":26384,"comment_status":"open","ping_status":"open","sticky":false,"template":"","format":"standard","meta":{"footnotes":""},"categories":[51],"tags":[],"class_list":["post-26383","post","type-post","status-publish","format-standard","has-post-thumbnail","hentry","category-general"],"_links":{"self":[{"href":"https:\/\/dekkbi.com\/index.php?rest_route=\/wp\/v2\/posts\/26383","targetHints":{"allow":["GET"]}}],"collection":[{"href":"https:\/\/dekkbi.com\/index.php?rest_route=\/wp\/v2\/posts"}],"about":[{"href":"https:\/\/dekkbi.com\/index.php?rest_route=\/wp\/v2\/types\/post"}],"author":[{"embeddable":true,"href":"https:\/\/dekkbi.com\/index.php?rest_route=\/wp\/v2\/users\/1"}],"replies":[{"embeddable":true,"href":"https:\/\/dekkbi.com\/index.php?rest_route=%2Fwp%2Fv2%2Fcomments&post=26383"}],"version-history":[{"count":1,"href":"https:\/\/dekkbi.com\/index.php?rest_route=\/wp\/v2\/posts\/26383\/revisions"}],"predecessor-version":[{"id":26385,"href":"https:\/\/dekkbi.com\/index.php?rest_route=\/wp\/v2\/posts\/26383\/revisions\/26385"}],"wp:featuredmedia":[{"embeddable":true,"href":"https:\/\/dekkbi.com\/index.php?rest_route=\/wp\/v2\/media\/26384"}],"wp:attachment":[{"href":"https:\/\/dekkbi.com\/index.php?rest_route=%2Fwp%2Fv2%2Fmedia&parent=26383"}],"wp:term":[{"taxonomy":"category","embeddable":true,"href":"https:\/\/dekkbi.com\/index.php?rest_route=%2Fwp%2Fv2%2Fcategories&post=26383"},{"taxonomy":"post_tag","embeddable":true,"href":"https:\/\/dekkbi.com\/index.php?rest_route=%2Fwp%2Fv2%2Ftags&post=26383"}],"curies":[{"name":"wp","href":"https:\/\/api.w.org\/{rel}","templated":true}]}}