{"id":26380,"date":"2023-12-01T11:22:18","date_gmt":"2023-12-01T11:22:18","guid":{"rendered":"https:\/\/dekkbi.com\/?p=26380"},"modified":"2023-12-01T11:31:26","modified_gmt":"2023-12-01T11:31:26","slug":"cop28-a-dubai-les-emirats-lancent-un-fonds-prive-de-30-milliards-de-dollars-dedie-aux-solutions-pour-le-climat","status":"publish","type":"post","link":"https:\/\/dekkbi.com\/?p=26380","title":{"rendered":"Les Emirats lancent un fonds priv\u00e9 \u00a0\u00bb d\u00e9di\u00e9 aux solutions pour le climat\u00a0\u00bb"},"content":{"rendered":"\n<p>Plus de 140 chefs d&rsquo;Etats se succ\u00e8dent, vendredi et samedi, \u00e0 la tribune de la COP28. Le roi Charles III y a appel\u00e9 les pays membres \u00e0 prendre un \u00ab\u00a0tournant d\u00e9cisif en faveur d&rsquo;une transformation r\u00e9elle\u00a0\u00bb.<\/p>\n\n\n\n<p>Le pr\u00e9sident des Emirats arabes unis, Cheikh Mohamed ben Zayed al-Nahyane, a annonc\u00e9, vendredi 1er d\u00e9cembre, la cr\u00e9ation d&rsquo;un fonds priv\u00e9 consacr\u00e9 aux<em>&nbsp;\u00ab\u00a0solutions\u00a0\u00bb<\/em>&nbsp;face au changement climatique, en ouvrant le sommet des dirigeants mondiaux de la 28e conf\u00e9rence des Nations Unies sur le climat.&nbsp;<em>\u00ab\u00a0Je suis heureux d&rsquo;annoncer la cr\u00e9ation d&rsquo;un fonds dot\u00e9 de 30 milliards de dollars&nbsp;<\/em>[environ 27,5 milliards d&rsquo;euros]<em>\u00ab\u00a0<\/em>, a d\u00e9clar\u00e9 le souverain \u00e0 la tribune, ajoutant que l&rsquo;objectif \u00e9tait d&rsquo;atteindre 250 milliards de dollars (230 milliards d&rsquo;euros) d&rsquo;ici 2030. Au lendemain de l&rsquo;ouverture de cette&nbsp;COP28, plus de 140 chefs d&rsquo;Etats sont attendus \u00e0 la tribune. Suivez notre direct.<\/p>\n\n\n\n<figure class=\"wp-block-embed is-type-rich is-provider-prise-en-charge-des-contenus-embarqu-s wp-block-embed-prise-en-charge-des-contenus-embarqu-s wp-embed-aspect-4-3 wp-has-aspect-ratio\"><div class=\"wp-block-embed__wrapper\">\n<iframe loading=\"lazy\" title=\"#LIVE COP28 High Level Segment National Statements Opening\" width=\"800\" height=\"600\" src=\"https:\/\/www.youtube.com\/embed\/J6jiDkvu8Xg?feature=oembed\" frameborder=\"0\" allow=\"accelerometer; autoplay; clipboard-write; encrypted-media; gyroscope; picture-in-picture; web-share\" allowfullscreen><\/iframe>\n<\/div><\/figure>\n\n\n\n<p><strong>Le roi Charles III appelle \u00e0 \u00ab\u00a0un tournant\u00a0\u00bb.&nbsp;<\/strong><\/p>\n\n\n\n<p><em>\u00ab\u00a0Les records sont bris\u00e9s si souvent que nous devenons insensibles \u00e0 ce qu&rsquo;ils nous disent\u00a0\u00bb<\/em>, a d\u00e9clar\u00e9 Charles III, dont c&rsquo;est la premi\u00e8re pr\u00e9sence \u00e0 une COP en tant que souverain.&nbsp;<em>\u00ab\u00a0Je prie de tout mon c\u0153ur pour que la COP28 soit un autre tournant d\u00e9cisif en faveur d&rsquo;une transformation r\u00e9elle\u00a0\u00bb<\/em>, a-t-il ajout\u00e9, \u00e9num\u00e9rant par ailleurs les cyclones ayant d\u00e9vast\u00e9 les \u00eeles vuln\u00e9rables dont Vanuatu, les inondations en Inde, au Bangladesh et au Pakistan, ou les incendies record des Etats-Unis \u00e0 la Gr\u00e8ce.<\/p>\n\n\n\n<p><strong>Emmanuel Macron attendu \u00e0 la tribune dans l&rsquo;apr\u00e8s-midi.&nbsp;<\/strong><\/p>\n\n\n\n<p>Le chef de l&rsquo;Etat est arriv\u00e9 \u00e0 Duba\u00ef pour participer \u00e0 la COP28. Il doit porter une initiative pour inciter les pays \u00e9mergents \u00e0 abandonner au plus vite le charbon, d\u00e9sign\u00e9 par Paris comme l&rsquo;ennemi num\u00e9ro un dans la lutte contre les \u00e9missions de gaz \u00e0 effet de serre responsables du r\u00e9chauffement climatique. Il s&rsquo;exprimera publiquement vendredi apr\u00e8s-midi lors d&rsquo;une session pl\u00e9ni\u00e8re. L&rsquo;agenda d&rsquo;Emmanuel Macron pr\u00e9voit de plus un \u00e9v\u00e9nement sur le nucl\u00e9aire civil et&nbsp;des entretiens portant sur le violent conflit en cours entre Isra\u00ebl et le Hamas.<\/p>\n\n\n\n<p><strong>Le pr\u00e9sident iranien absent de l&rsquo;\u00e9v\u00e9nement.<\/strong><\/p>\n\n\n\n<p>Le pr\u00e9sident iranien Ebrahim Ra\u00efssi ne se rendra pas \u00e0 la COP28 \u00e0 Duba\u00ef parce qu&rsquo;Isra\u00ebl a \u00e9t\u00e9 invit\u00e9 \u00e0 y participer sur fond de&nbsp;guerre dans la bande de Gaza, annonce l&rsquo;agence officielle Irna. L&rsquo;Iran sera repr\u00e9sent\u00e9 par son ministre de l&rsquo;Energie.tout lire<\/p>\n\n\n\n<p>Suivez l\u2019actualit\u00e9 racont\u00e9e en direct par la r\u00e9daction de France Info. Participez au Live en r\u00e9agissant ou en posant vos questions aux journalistes.<\/p>\n","protected":false},"excerpt":{"rendered":"<p>Plus de 140 chefs d&rsquo;Etats se succ\u00e8dent, vendredi et samedi, \u00e0 la tribune de la COP28. Le roi Charles III<\/p>\n","protected":false},"author":1,"featured_media":26276,"comment_status":"open","ping_status":"open","sticky":false,"template":"","format":"standard","meta":{"footnotes":""},"categories":[51],"tags":[],"class_list":["post-26380","post","type-post","status-publish","format-standard","has-post-thumbnail","hentry","category-general"],"_links":{"self":[{"href":"https:\/\/dekkbi.com\/index.php?rest_route=\/wp\/v2\/posts\/26380","targetHints":{"allow":["GET"]}}],"collection":[{"href":"https:\/\/dekkbi.com\/index.php?rest_route=\/wp\/v2\/posts"}],"about":[{"href":"https:\/\/dekkbi.com\/index.php?rest_route=\/wp\/v2\/types\/post"}],"author":[{"embeddable":true,"href":"https:\/\/dekkbi.com\/index.php?rest_route=\/wp\/v2\/users\/1"}],"replies":[{"embeddable":true,"href":"https:\/\/dekkbi.com\/index.php?rest_route=%2Fwp%2Fv2%2Fcomments&post=26380"}],"version-history":[{"count":5,"href":"https:\/\/dekkbi.com\/index.php?rest_route=\/wp\/v2\/posts\/26380\/revisions"}],"predecessor-version":[{"id":26391,"href":"https:\/\/dekkbi.com\/index.php?rest_route=\/wp\/v2\/posts\/26380\/revisions\/26391"}],"wp:featuredmedia":[{"embeddable":true,"href":"https:\/\/dekkbi.com\/index.php?rest_route=\/wp\/v2\/media\/26276"}],"wp:attachment":[{"href":"https:\/\/dekkbi.com\/index.php?rest_route=%2Fwp%2Fv2%2Fmedia&parent=26380"}],"wp:term":[{"taxonomy":"category","embeddable":true,"href":"https:\/\/dekkbi.com\/index.php?rest_route=%2Fwp%2Fv2%2Fcategories&post=26380"},{"taxonomy":"post_tag","embeddable":true,"href":"https:\/\/dekkbi.com\/index.php?rest_route=%2Fwp%2Fv2%2Ftags&post=26380"}],"curies":[{"name":"wp","href":"https:\/\/api.w.org\/{rel}","templated":true}]}}