{"id":26372,"date":"2023-12-01T11:07:16","date_gmt":"2023-12-01T11:07:16","guid":{"rendered":"https:\/\/dekkbi.com\/?p=26372"},"modified":"2023-12-01T11:07:17","modified_gmt":"2023-12-01T11:07:17","slug":"poids-electoral-en-chute-libre-renoncement-a-la-candidature-leffondrement-des-partis-politiques-classiques-se-poursuit","status":"publish","type":"post","link":"https:\/\/dekkbi.com\/?p=26372","title":{"rendered":"Poids \u00e9lectoral en chute libre, renoncement \u00e0 la candidature : l\u2019effondrement des partis politiques classiques se poursuit"},"content":{"rendered":"\n<p><strong>L\u2019\u00e9lection pr\u00e9sidentielle du 25 f\u00e9vrier 2024&nbsp;pourrait aggraver le processus de descente aux enfers des principaux partis politiques classiques du S\u00e9n\u00e9gal qui ont particip\u00e9 aux diff\u00e9rentes \u00e9lections pr\u00e9sidentielles depuis 2000. En effet, cinq ans apr\u00e8s le coup de th\u00e9\u00e2tre de la derni\u00e8re pr\u00e9sidentielle de 2019 qui s\u2019est d\u00e9roul\u00e9e pour une premi\u00e8re fois sans la pr\u00e9sence d\u2019un candidat issu de ces partis politiques traditionnels, seul le Parti d\u00e9mocratique s\u00e9n\u00e9galais (Pds) et le Front pour le socialisme et la d\u00e9mocratie\/Benno Jub\u00ebl&nbsp;(FSD\/BJ) sont pour le moment annonc\u00e9s sur le d\u00e9part.<\/strong><\/p>\n\n\n\n<p>Une r\u00e9volution de l\u2019espace politique avec \u00e0 la cl\u00e9 la disparition des partis politiques classiques ou dits traditionnels qui ont marqu\u00e9 l\u2019histoire politique du S\u00e9n\u00e9gal est-elle en marche&nbsp;? Toute porte \u00e0 le croire au regard des jeux d\u2019alliances en cours et des d\u00e9clarations de candidature en perspective de l\u2019\u00e9lection pr\u00e9sidentielle du 25 f\u00e9vrier 2024&nbsp;qui va se tenir pour une premi\u00e8re fois au S\u00e9n\u00e9gal sans la participation du pr\u00e9sident sortant qui a boucl\u00e9 ses deux mandats autoris\u00e9s par la Constitution du S\u00e9n\u00e9gal. En effet, cinq ans apr\u00e8s le coup de th\u00e9\u00e2tre de la derni\u00e8re \u00e9lection pr\u00e9sidentielle du 24 f\u00e9vrier 2019 qui s\u2019est d\u00e9roul\u00e9e pour une premi\u00e8re fois sans la pr\u00e9sence d\u2019un candidat issu de ces principaux partis politiques classiques du S\u00e9n\u00e9gal, le processus \u00e9lectoral en perspective de la prochaine pr\u00e9sidentielle du 25 f\u00e9vrier 2024&nbsp;est de nouveau marqu\u00e9 par un renoncement \u00e0 la candidature de la plupart de ces partis.<\/p>\n\n\n\n<p>Aujourd\u2019hui, de tous ces partis politiques classiques qui ont particip\u00e9 aux diff\u00e9rentes \u00e9lections pr\u00e9sidentielles depuis 2000, seul le Parti d\u00e9mocratique s\u00e9n\u00e9galais (Pds) et le Front pour le socialisme et la d\u00e9mocratie\/Benno Jub\u00ebl&nbsp;(FSD\/BJ) sont annonc\u00e9s sur le d\u00e9part pour avoir investi des candidats d\u00e9clar\u00e9s \u00e0 la pr\u00e9sidentielle du 25 f\u00e9vrier prochain. D\u2019ailleurs, ces derniers ont annonc\u00e9 avoir d\u00e9pos\u00e9 leur caution au niveau de la Caisse des d\u00e9p\u00f4ts et consignations, conform\u00e9ment aux dispositions du Code \u00e9lectoral. Pour le reste, \u00e0 savoir le Parti socialiste (Ps), l\u2019Alliance des forces de progr\u00e8s&nbsp;(Afp) et le Rassemblement des travailleurs africains \u2013 S\u00e9n\u00e9gal&nbsp;(Rta-s) pour ne citer que ceux-l\u00e0, ils ont tout simplement pr\u00e9f\u00e9r\u00e9 rester dans leur position de soutien du candidat du parti au pouvoir adopt\u00e9e depuis la derni\u00e8re pr\u00e9sidentielle en \u00e9change des postes de responsabilit\u00e9s au sein du gouvernement mais aussi \u00e0 la t\u00eate de certaines institutions. A cela, il faut \u00e9galement ajouter l\u2019effritement du poids \u00e9lectoral de ces partis sur le terrain politique, au profit des nouvelles formations politiques&nbsp;dirig\u00e9es par de jeunes leaders qui pr\u00f4nent de nouvelles id\u00e9ologies politiques bas\u00e9es non plus sur l\u2019opposition entre le socialisme et le lib\u00e9ralisme mais plut\u00f4t sur le patriotisme politique.<\/p>\n\n\n\n<p><strong>NANDO CABRAL GOMIS<\/strong><\/p>\n\n\n\n<p>SUDQUOTIDIEN<\/p>\n","protected":false},"excerpt":{"rendered":"<p>L\u2019\u00e9lection pr\u00e9sidentielle du 25 f\u00e9vrier 2024&nbsp;pourrait aggraver le processus de descente aux enfers des principaux partis politiques classiques du S\u00e9n\u00e9gal<\/p>\n","protected":false},"author":1,"featured_media":26373,"comment_status":"open","ping_status":"open","sticky":false,"template":"","format":"standard","meta":{"footnotes":""},"categories":[6],"tags":[],"class_list":["post-26372","post","type-post","status-publish","format-standard","has-post-thumbnail","hentry","category-politics"],"_links":{"self":[{"href":"https:\/\/dekkbi.com\/index.php?rest_route=\/wp\/v2\/posts\/26372","targetHints":{"allow":["GET"]}}],"collection":[{"href":"https:\/\/dekkbi.com\/index.php?rest_route=\/wp\/v2\/posts"}],"about":[{"href":"https:\/\/dekkbi.com\/index.php?rest_route=\/wp\/v2\/types\/post"}],"author":[{"embeddable":true,"href":"https:\/\/dekkbi.com\/index.php?rest_route=\/wp\/v2\/users\/1"}],"replies":[{"embeddable":true,"href":"https:\/\/dekkbi.com\/index.php?rest_route=%2Fwp%2Fv2%2Fcomments&post=26372"}],"version-history":[{"count":1,"href":"https:\/\/dekkbi.com\/index.php?rest_route=\/wp\/v2\/posts\/26372\/revisions"}],"predecessor-version":[{"id":26374,"href":"https:\/\/dekkbi.com\/index.php?rest_route=\/wp\/v2\/posts\/26372\/revisions\/26374"}],"wp:featuredmedia":[{"embeddable":true,"href":"https:\/\/dekkbi.com\/index.php?rest_route=\/wp\/v2\/media\/26373"}],"wp:attachment":[{"href":"https:\/\/dekkbi.com\/index.php?rest_route=%2Fwp%2Fv2%2Fmedia&parent=26372"}],"wp:term":[{"taxonomy":"category","embeddable":true,"href":"https:\/\/dekkbi.com\/index.php?rest_route=%2Fwp%2Fv2%2Fcategories&post=26372"},{"taxonomy":"post_tag","embeddable":true,"href":"https:\/\/dekkbi.com\/index.php?rest_route=%2Fwp%2Fv2%2Ftags&post=26372"}],"curies":[{"name":"wp","href":"https:\/\/api.w.org\/{rel}","templated":true}]}}