{"id":2637,"date":"2022-11-03T14:30:10","date_gmt":"2022-11-03T14:30:10","guid":{"rendered":"https:\/\/dekkbi.com\/?p=2637"},"modified":"2022-11-03T14:47:44","modified_gmt":"2022-11-03T14:47:44","slug":"senegal-convoque-par-le-doyen-des-juges-ousmane-sonko-est-arrive-au-tribunal-sous-haute-surveillance","status":"publish","type":"post","link":"https:\/\/dekkbi.com\/?p=2637","title":{"rendered":"S\u00e9n\u00e9gal: convoqu\u00e9 par le doyen des juges, Ousmane Sonko est arriv\u00e9 au tribunal sous haute surveillance"},"content":{"rendered":"\n<p>Accus\u00e9 de viols r\u00e9p\u00e9t\u00e9s par Adji Sarr, une ex-employ\u00e9e&nbsp;d\u2019un salon de massage. Le candidat d\u00e9clar\u00e9 \u00e0 la pr\u00e9sidentielle de 2024 et maire de Zighuinchor, Ousmane Sonko, est convoqu\u00e9 ce jeudi par le doyen des juges.<\/p>\n\n\n\n<p>Il est \u00e0 l\u2019int\u00e9rieur du tribunal, selon un de ses proches, depuis la mi-journ\u00e9e, rapporte notre correspondante \u00e0 Dakar, Charlotte Idrac.&nbsp;Il est arriv\u00e9 par une autre entr\u00e9e dans un tribunal sous haute surveillance. Les acc\u00e8s au tribunal sont filtr\u00e9s et les blind\u00e9s de la gendarmerie sont d\u00e9ploy\u00e9s \u00e0 Dakar pr\u00e8s des lieux strat\u00e9giques et notamment aux abords du domicile d\u2019Ousmane Sonko, dans le quartier Cit\u00e9 Keur Gorgui. L\u00e0 encore, des barri\u00e8res, des forces de d\u00e9fense et de s\u00e9curit\u00e9 pour contr\u00f4ler les acc\u00e8s. La police a pris les devants pour \u00e9viter les r\u00e9p\u00e9titions du sc\u00e9nario de mars 2021.<\/p>\n\n\n\n<p>Cette convocation d\u2019Ousmane Sonko relance ce dossier qui \u00e9tait au point mort depuis plusieurs mois. C\u2019est la premi\u00e8re fois qu\u2019Ousmane Sonko va \u00eatre entendu sur le fond de ce dossier tr\u00e8s sensible. Il est sous contr\u00f4le judiciaire depuis mars 2021. Le doyen des juges a d\u00e9j\u00e0 entendu son accusatrice, Adji Sarr, et la propri\u00e9taire du salon de massage. Ousmane Sonko affirme qu\u2019il a lui-m\u00eame demand\u00e9 \u00e0 \u00eatre entendu au plus vite.<\/p>\n","protected":false},"excerpt":{"rendered":"<p>Accus\u00e9 de viols r\u00e9p\u00e9t\u00e9s par Adji Sarr, une ex-employ\u00e9e&nbsp;d\u2019un salon de massage. Le candidat d\u00e9clar\u00e9 \u00e0 la pr\u00e9sidentielle de 2024<\/p>\n","protected":false},"author":1,"featured_media":2550,"comment_status":"open","ping_status":"open","sticky":false,"template":"","format":"standard","meta":{"footnotes":""},"categories":[26],"tags":[],"class_list":["post-2637","post","type-post","status-publish","format-standard","has-post-thumbnail","hentry","category-fait-divers"],"_links":{"self":[{"href":"https:\/\/dekkbi.com\/index.php?rest_route=\/wp\/v2\/posts\/2637","targetHints":{"allow":["GET"]}}],"collection":[{"href":"https:\/\/dekkbi.com\/index.php?rest_route=\/wp\/v2\/posts"}],"about":[{"href":"https:\/\/dekkbi.com\/index.php?rest_route=\/wp\/v2\/types\/post"}],"author":[{"embeddable":true,"href":"https:\/\/dekkbi.com\/index.php?rest_route=\/wp\/v2\/users\/1"}],"replies":[{"embeddable":true,"href":"https:\/\/dekkbi.com\/index.php?rest_route=%2Fwp%2Fv2%2Fcomments&post=2637"}],"version-history":[{"count":1,"href":"https:\/\/dekkbi.com\/index.php?rest_route=\/wp\/v2\/posts\/2637\/revisions"}],"predecessor-version":[{"id":2638,"href":"https:\/\/dekkbi.com\/index.php?rest_route=\/wp\/v2\/posts\/2637\/revisions\/2638"}],"wp:featuredmedia":[{"embeddable":true,"href":"https:\/\/dekkbi.com\/index.php?rest_route=\/wp\/v2\/media\/2550"}],"wp:attachment":[{"href":"https:\/\/dekkbi.com\/index.php?rest_route=%2Fwp%2Fv2%2Fmedia&parent=2637"}],"wp:term":[{"taxonomy":"category","embeddable":true,"href":"https:\/\/dekkbi.com\/index.php?rest_route=%2Fwp%2Fv2%2Fcategories&post=2637"},{"taxonomy":"post_tag","embeddable":true,"href":"https:\/\/dekkbi.com\/index.php?rest_route=%2Fwp%2Fv2%2Ftags&post=2637"}],"curies":[{"name":"wp","href":"https:\/\/api.w.org\/{rel}","templated":true}]}}