{"id":26367,"date":"2023-12-01T10:51:52","date_gmt":"2023-12-01T10:51:52","guid":{"rendered":"https:\/\/dekkbi.com\/?p=26367"},"modified":"2023-12-01T10:51:54","modified_gmt":"2023-12-01T10:51:54","slug":"presidentielle-2024-amadou-ba-un-candidat-face-a-plusieurs-defis","status":"publish","type":"post","link":"https:\/\/dekkbi.com\/?p=26367","title":{"rendered":"Pr\u00e9sidentielle 2024: Amadou Ba un candidat face \u00e0 plusieurs d\u00e9fis.."},"content":{"rendered":"\n<h3 class=\"wp-block-heading\">A quatre mois de la pr\u00e9sidentielle, le parti au pouvoir, l\u2019APR, est secou\u00e9 par des d\u00e9clarations et comportements qui renseignent sur le degr\u00e9 de contestation du choix port\u00e9 sur Amadou Ba pour \u00eatre le candidat de la coalition au pouvoir \u00e0 la pr\u00e9sidentielle de f\u00e9vrier prochain. Amadou Ba, le candidat de Benno fait face \u00e0 plusieurs d\u00e9fis&#8230; <\/h3>\n\n\n\n<h3 class=\"wp-block-heading\">Extraits du quotidien Le T\u00e9moin<\/h3>\n\n\n\n<p>Apr\u00e8s avoir d\u00e9voil\u00e9 le nom de son candidat, le chef de l\u2019\u00c9tat a entrepris de le pr\u00e9parer en vue de l\u2019\u00e9lection pr\u00e9sidentielle de f\u00e9vrier prochain. Sa strat\u00e9gie consiste \u00e0 \u00ab vendre \u00bb ce candidat, le mettre au-devant de la sc\u00e8ne politique, l\u2019envoyer faire des tourn\u00e9es \u00e0 l\u2019int\u00e9rieur du pays, lui faire inaugurer des infrastructures&#8230; Ou poser des premi\u00e8res pierres !<\/p>\n\n\n\n<p>Le Premier ministre, jusque-l\u00e0 dans l\u2019ombre de son mentor, se fait plus pr\u00e9sent d\u00e9sormais. Ses participations aux c\u00e9r\u00e9monies de grande envergure ainsi que ses d\u00e9claration sont fortement m\u00e9diatis\u00e9es.<\/p>\n\n\n\n<p>Le chef de l\u2019\u00c9tat, apr\u00e8s avoir proc\u00e9d\u00e9 \u00e0 un remaniement minist\u00e9riel, l\u2019a maintenu \u00e0 la t\u00eate du Gouvernement et l\u2019envoie faire une tourn\u00e9e dite \u00e9conomique pour \u00e9largir sa c\u00f4te de popularit\u00e9, rencontrer des responsables et militants du parti, t\u00e2ter leur niveau d\u2019engagement, se frotter \u00e0 la r\u00e9alit\u00e9 du terrain. Une sortie aux allures de r\u00e9chauffement en vue de la campagne \u00e9lectorale qui n\u00e9cessite endurance, humilit\u00e9, \u00e9loquence mais \u00e9galement pertinence et poigne.<\/p>\n\n\n\n<p>Au cours de ces voyages, M. Amadou Ba r\u00e9ussit de fortes mobilisations, enregistre de nouvelles adh\u00e9sions et re\u00e7oit plusieurs centaines de parrains. Mais, malgr\u00e9 tout, le candidat de BBY est expos\u00e9 aux attaques de certains de ses camarades de parti qui doutent de ses qualit\u00e9s \u00e0 \u00eatre l\u2019homme de la situation pour le 25 f\u00e9vrier prochain.<\/p>\n\n\n\n<p>Ce vent de contestations vient s\u2019ajouter \u00e0 l\u2019attitude d\u2019autres militants, dont des cadres, accus\u00e9s de ne pas mouiller le maillot \u00e0 fond comme ils ont eu \u00e0 le faire lors des pr\u00e9c\u00e9dents scrutins pour le compte du pr\u00e9sident de la R\u00e9publique. En plus de leur absence constat\u00e9e du terrain politique, on leur reproche d\u2019\u00eatre quasi absents des plateaux de t\u00e9l\u00e9vision qu\u2019ils \u00e9taient prompts \u00e0 investir pour d\u00e9fendre le pr\u00e9sident Macky Sall et lister ses r\u00e9alisations.<\/p>\n\n\n\n<p>Mais depuis qu\u2019il a annonc\u00e9 sa d\u00e9cision de ne pas briguer un troisi\u00e8me mandat et de faire de l\u2019actuel chef du gouvernement son candidat, on sent ces cadres moins engag\u00e9s. Ils sont, \u00e0 la limite, aphones. Une attitude qui a fini d\u2019installer un sentiment de suspicion sur leurs v\u00e9ritables intentions. Est-ce le d\u00e9but d\u2019une r\u00e9bellion \u00e0 l\u2019interne quise pr\u00e9pare pour barrer la route au candidat de leur parti ? C\u2019est en tout cas dans ce contexte assez trouble et o\u00f9 des voix commencent \u00e0 s\u2019\u00e9lever pour le contester, que le chef de l\u2019\u00c9tat avait entam\u00e9, lui aussi, une tourn\u00e9e \u00e9conomique dans les r\u00e9gions de K\u00e9dougou, Kaolack et Fatick.<\/p>\n\n\n\n<p>Durant son s\u00e9jour dans ces capitales r\u00e9gionales o\u00f9 il a multipli\u00e9 les promesses d\u2019investissements \u00e0 centaines de milliards et les inaugurations d\u2019infrastructures parfois inachev\u00e9es \u2014 ou d\u00e9j\u00e0 inaugur\u00e9es ! \u2014, Macky Sall en a profit\u00e9 pour remobiliser ses troupes, renforcer sa coalition et lever les obstacles sur le chemin de l\u2019\u00e9lection de son successeur d\u00e9sign\u00e9.<\/p>\n\n\n\n<p>Le chantier qui attend le candidat de BBY, Amadou Ba, ne sera pas de tout repos. En effet, il devra d\u2019abord faire avec les piques des membres et cadres de sa coalition. Ce, pour \u00e9touffer dansl\u2019oeuf une possible r\u00e9bellion qui pourrait s\u2019av\u00e9rer difficile \u00e0 contenir si elle \u00e9clatait au grand jour.<\/p>\n\n\n\n<p>En clair, il s\u2019agit pour lui d\u2019entreprendre des discussions larges et profondes avec toutes les forces vives de sa coalition afin de lever toute \u00e9quivoque. C\u2019est la condition de la densification de son \u00e9lectorat s\u2019il veut pr\u00e9tendre sortir victorieux de la prochaine pr\u00e9sidentielle. A l\u2019heure actuelle, il ne semble pas avoir pris cette direction d\u2019o\u00f9 les difficult\u00e9s qu\u2019il \u00e9prouve \u00e0 r\u00e9ussir autour de sa personne.<\/p>\n\n\n\n<p>Dans sa longue marche vers le palais pr\u00e9sidentiel, on sent un manque de soutien de grande envergure venant surtout de cadres et des militants dits l\u00e9gitimes de l\u2019APR. C\u2019est \u00e0 la limite s\u2019il n\u2019est pas laiss\u00e9 \u00e0 lui-m\u00eame comme un g\u00e9n\u00e9ral envoy\u00e9 sur les champs de bataille en l\u2019absence de ses lieutenants. Les attaques de Abdoulaye Bibi Bald\u00e9 et de Souleymane Jules Diop suffisent comme exemples.<\/p>\n\n\n\n<p>Ces insuffisances constat\u00e9es en la personne d\u2019Amadou Ba m\u00eame corr\u00e9l\u00e9es \u00e0 son d\u00e9ficit suppos\u00e9 de communication pourraient se retourner contre lui durant la campagne \u00e9lectorale. Il y a \u00e9galement son silence tr\u00e8s remarqu\u00e9 suite \u00e0 la mort de centaines de personnes dans les oc\u00e9ans qui tentaient de rejoindre l\u2019eldorado europ\u00e9en.<\/p>\n\n\n\n<p>C\u2019est donc tout un ensemble de limites qu\u2019il se doit de corriger s\u2019il veut incarner un leadership \u00e0 m\u00eame de rassurer son camp qui, encore une fois, doute beaucoup. Et c\u2019est un euph\u00e9misme ! Mais ce n\u2019est pas seulement de son propre camp qu\u2019Amadou Ba re\u00e7oit des coups. Il est aussi attaqu\u00e9 violemment par l\u2019opposition qui l\u2019accuse d\u2019\u00eatre un candidat \u00e0 la remorque du chef de l\u2019\u00c9tat qui tient \u00e0 tout prix \u00e0 lui baliser le chemin de la victoire quitte \u00e0 violer toutes les r\u00e8gles d\u00e9mocratiques. Voyant en lui un privil\u00e9gi\u00e9, cette opposition s\u2019insurge contre tous les actes pos\u00e9s par le r\u00e9gime pour le conduire \u00e0 bon port.<\/p>\n\n\n\n<p>Parmi ceux-ci, il y a l\u2019interdiction qui leur est faite d\u2019aller \u00e0 la rencontre de leurs militants alors que lui-m\u00eame poursuit all\u00e8grement ses tourn\u00e9es sous la protection des gendarmes et des policiers. Les m\u00eames qui dispersent sans m\u00e9nagement toutes les caravanes des candidats de l\u2019opposition.<\/p>\n\n\n\n<p>En plus des manifestations interdites sans aucun pr\u00e9texte valable, cette m\u00eame opposition consid\u00e8re que le processus \u00e9lectoral est biais\u00e9 d\u00e8s le d\u00e9part de par les actes d\u00e9j\u00e0 pos\u00e9s par le camp Amadou Ba. Surtout, elle ne cache pas son sentiment de suspicion \u00e0 l\u2019\u00e9gard de tous les organes intervenant dans tout le processus \u00e9lectoral \u00e0 savoir le ministre de l\u2019int\u00e9rieur, la DGE, la nouvelle \u00e9quipe de la CENA et le Conseil constitutionnel qu\u2019elle r\u00e9cuse et accuse d\u2019\u00eatre \u00e0 la solde du candidat de la mouvance pr\u00e9sidentielle.<br>MD &#8211; LERAL<\/p>\n","protected":false},"excerpt":{"rendered":"<p>A quatre mois de la pr\u00e9sidentielle, le parti au pouvoir, l\u2019APR, est secou\u00e9 par des d\u00e9clarations et comportements qui renseignent<\/p>\n","protected":false},"author":1,"featured_media":21125,"comment_status":"open","ping_status":"open","sticky":false,"template":"","format":"standard","meta":{"footnotes":""},"categories":[6],"tags":[],"class_list":["post-26367","post","type-post","status-publish","format-standard","has-post-thumbnail","hentry","category-politics"],"_links":{"self":[{"href":"https:\/\/dekkbi.com\/index.php?rest_route=\/wp\/v2\/posts\/26367","targetHints":{"allow":["GET"]}}],"collection":[{"href":"https:\/\/dekkbi.com\/index.php?rest_route=\/wp\/v2\/posts"}],"about":[{"href":"https:\/\/dekkbi.com\/index.php?rest_route=\/wp\/v2\/types\/post"}],"author":[{"embeddable":true,"href":"https:\/\/dekkbi.com\/index.php?rest_route=\/wp\/v2\/users\/1"}],"replies":[{"embeddable":true,"href":"https:\/\/dekkbi.com\/index.php?rest_route=%2Fwp%2Fv2%2Fcomments&post=26367"}],"version-history":[{"count":1,"href":"https:\/\/dekkbi.com\/index.php?rest_route=\/wp\/v2\/posts\/26367\/revisions"}],"predecessor-version":[{"id":26368,"href":"https:\/\/dekkbi.com\/index.php?rest_route=\/wp\/v2\/posts\/26367\/revisions\/26368"}],"wp:featuredmedia":[{"embeddable":true,"href":"https:\/\/dekkbi.com\/index.php?rest_route=\/wp\/v2\/media\/21125"}],"wp:attachment":[{"href":"https:\/\/dekkbi.com\/index.php?rest_route=%2Fwp%2Fv2%2Fmedia&parent=26367"}],"wp:term":[{"taxonomy":"category","embeddable":true,"href":"https:\/\/dekkbi.com\/index.php?rest_route=%2Fwp%2Fv2%2Fcategories&post=26367"},{"taxonomy":"post_tag","embeddable":true,"href":"https:\/\/dekkbi.com\/index.php?rest_route=%2Fwp%2Fv2%2Ftags&post=26367"}],"curies":[{"name":"wp","href":"https:\/\/api.w.org\/{rel}","templated":true}]}}