{"id":26363,"date":"2023-12-01T10:46:33","date_gmt":"2023-12-01T10:46:33","guid":{"rendered":"https:\/\/dekkbi.com\/?p=26363"},"modified":"2023-12-01T10:46:34","modified_gmt":"2023-12-01T10:46:34","slug":"dimat-les-populations-reclament-lerection-dun-pont-sur-le-ngallenka","status":"publish","type":"post","link":"https:\/\/dekkbi.com\/?p=26363","title":{"rendered":"Dimat : les populations r\u00e9clament l\u2019\u00e9rection d\u2019un pont sur le Ngallenka"},"content":{"rendered":"\n<p>Dimat, 30 nov (APS) \u2013 Les populations de Tould\u00e9 Dimat, un terroir du Fouta regroupant plusieurs villages de la commune de Fanaye, dans le d\u00e9partement de Podor (nord), ont exprim\u00e9, jeudi, \u2018\u2019leur d\u00e9ception\u2019\u2019 de ne pas voir se concr\u00e9tiser la \u2018\u2019promesse d\u2019\u00e9riger un pont sur le Ngallenka\u2019\u2019, un d\u00e9fluent du fleuve S\u00e9n\u00e9gal.<\/p>\n\n\n\n<p>Ngallenka est un cours d\u2019eau qui s\u00e9pare Dimat Walo, situ\u00e9e dans la zone inondable, et Dimat Di\u00e9ri, qui se trouve sur les hautes terres non inondables. Ce cours d\u2019eau emp\u00eache la mobilit\u00e9 dans la zone, ainsi que la construction de plusieurs pistes de production.<\/p>\n\n\n\n<p>\u2018\u2019Nous avons \u00e9puis\u00e9 toute forme de patience depuis la promesse faite en 2009, r\u00e9it\u00e9r\u00e9e en 2012 par le candidat Macky Sall, qui nous avait annonc\u00e9 ici m\u00eame la construction d\u2019un pont pour am\u00e9liorer nos conditions de vie\u2019\u2019, a d\u00e9clar\u00e9 Moustapha Kane du Collectif des villages de Tould\u00e9 Dimat.<\/p>\n\n\n\n<p>Il a fait cette d\u00e9claration, ce jeudi, lors d\u2019une conf\u00e9rence de presse tenue sur le d\u00e9barcad\u00e8re de Tould\u00e9-Dimat, sis \u00e0 c\u00f4t\u00e9 du bac.<\/p>\n\n\n\n<p>Plusieurs jeunes, femmes ains que des notabilit\u00e9s religieuses, dont l\u2019imam ratib Thierno Oumar Sy, ont pris part \u00e0 cette rencontre avec la presse, pour \u2018\u2019protester contre le retard de la concr\u00e9tisation de la promesse\u2019\u2019.<\/p>\n\n\n\n<p>\u2018\u2019C\u2019est \u00e0 Dimat Walo que se trouve le mausol\u00e9e d\u2019Elimane Boubacar Kane, guide spirituel, ancien souverain du royaume de Dimat et r\u00e9sistant. Ce lieu est tr\u00e8s important pour tout le Fouta\u2019\u2019, a soulign\u00e9 M. Kane. Il a rappel\u00e9 \u2018\u2019le riche patrimoine culturel l\u00e9gu\u00e9 par cette figure historique du pays\u2019\u2019.<\/p>\n\n\n\n<figure class=\"wp-block-image\"><img decoding=\"async\" src=\"https:\/\/aps.sn\/wp-content\/uploads\/2023\/11\/DimatPopulationsErectionPontNgallenkaUne.jpg\" alt=\"\" class=\"wp-image-74786\"\/><\/figure>\n\n\n\n<p>\u2018\u2019Maintenant, tous les matins, plusieurs jeunes coll\u00e9giens et lyc\u00e9ens traversent le marigot pour aller \u00e0 leurs \u00e9tablissement \u00e0 Dimat Di\u00e9ri, \u00e0 Fanaye ou \u00e0 Thill\u00e9 Boubacar\u2019\u2019, explique Moustapha Kane.<\/p>\n\n\n\n<p>Il signale aussi que \u2018\u2019des patients, notamment des femmes, effectuent quotidiennement le m\u00eame trajet dans les m\u00eames conditions pour se rendre dans les structures sanitaires, parfois \u00e0 Ndioum ou \u00e0 Richard-Toll\u2019\u2019.<\/p>\n\n\n\n<p>Selon le porte-parole du Collectif des populations des villages de Tould\u00e9 Dimat, les habitants sont confront\u00e9es \u00e0 d\u2019autres difficult\u00e9s \u00e0 cause de l\u2019enclavement des villages situ\u00e9es dans la partie du terroir de Tould\u00e9 Dimat se trouvant sur les hautes terres. &nbsp;C\u2019est pourquoi \u2018\u2019les habitants de ces localit\u00e9s r\u00e9clament aussi la construction des pistes de production pour d\u00e9senclaver cette zone de production\u2019\u2019 agricole, a expliqu\u00e9 M. Kane.<\/p>\n\n\n\n<p>\u2018\u2019Les villages de Dimat Walo, Dara Salam, Niagorga, S\u00e9roum, Balacos, Loboudou Dou\u00e9, ont toutes les peines du monde \u00e0 sortir de la zone, particuli\u00e8rement en hivernage. A tous ces maux s\u2019ajoutent les difficult\u00e9s d\u2019\u00e9vacuer les r\u00e9coltes des campagnes de d\u00e9crue ou rizicoles et mara\u00eech\u00e8res\u2019\u2019, a d\u00e9plor\u00e9 Moustapha Kane.<\/p>\n\n\n\n<p>\u2018\u2019Pourtant, la pose de la premi\u00e8re pierre du pont avait \u00e9t\u00e9 effectu\u00e9e par Abdoulaye Daouda Diallo, ministre en charge des Infrastructures d\u2019alors. Nous voulons que le lancement des travaux soit effectu\u00e9 par le pr\u00e9sident Macky Sall et que l\u2019ouvrage soit inaugur\u00e9 par son successeur\u2019\u2019, ont r\u00e9p\u00e9t\u00e9 en ch\u0153ur les participants \u00e0 la rencontre.<\/p>\n\n\n\n<p>Une d\u00e9l\u00e9gation du collectif, conduite par Moustapha Kane et comprenant plusieurs notables, s\u2019est rendue \u00e0 la sous-pr\u00e9fecture de Thill\u00e9 Boubacar pour remettre un m\u00e9morandum.<img loading=\"lazy\" decoding=\"async\" src=\"https:\/\/aps.sn\/wp-content\/uploads\/2023\/11\/DimatPopulationsErectionPontNgallenkaDeux.jpg\" alt=\"\" width=\"1700\" height=\"982\" srcset=\"https:\/\/aps.sn\/wp-content\/uploads\/2023\/11\/DimatPopulationsErectionPontNgallenkaDeux.jpg 1700w, https:\/\/aps.sn\/wp-content\/uploads\/2023\/11\/DimatPopulationsErectionPontNgallenkaDeux-medium.jpg 300w, https:\/\/aps.sn\/wp-content\/uploads\/2023\/11\/DimatPopulationsErectionPontNgallenkaDeux-large.jpg 1024w, https:\/\/aps.sn\/wp-content\/uploads\/2023\/11\/DimatPopulationsErectionPontNgallenkaDeux-768x444.jpg 768w, https:\/\/aps.sn\/wp-content\/uploads\/2023\/11\/DimatPopulationsErectionPontNgallenkaDeux-1536x887.jpg 1536w, https:\/\/aps.sn\/wp-content\/uploads\/2023\/11\/DimatPopulationsErectionPontNgallenkaDeux-850x491.jpg 850w\"><\/p>\n\n\n\n<p>AHD\/AMD\/ASG\/OID<\/p>\n\n\n\n<p><a href=\"http:\/\/www.facebook.com\/sharer.php?u=https:\/\/aps.sn\/dimat-les-populations-reclament-lerection-dun-pont-sur-le-ngallenka\/\"><\/a><\/p>\n","protected":false},"excerpt":{"rendered":"<p>Dimat, 30 nov (APS) \u2013 Les populations de Tould\u00e9 Dimat, un terroir du Fouta regroupant plusieurs villages de la commune<\/p>\n","protected":false},"author":1,"featured_media":26364,"comment_status":"open","ping_status":"open","sticky":false,"template":"","format":"standard","meta":{"footnotes":""},"categories":[26],"tags":[],"class_list":["post-26363","post","type-post","status-publish","format-standard","has-post-thumbnail","hentry","category-fait-divers"],"_links":{"self":[{"href":"https:\/\/dekkbi.com\/index.php?rest_route=\/wp\/v2\/posts\/26363","targetHints":{"allow":["GET"]}}],"collection":[{"href":"https:\/\/dekkbi.com\/index.php?rest_route=\/wp\/v2\/posts"}],"about":[{"href":"https:\/\/dekkbi.com\/index.php?rest_route=\/wp\/v2\/types\/post"}],"author":[{"embeddable":true,"href":"https:\/\/dekkbi.com\/index.php?rest_route=\/wp\/v2\/users\/1"}],"replies":[{"embeddable":true,"href":"https:\/\/dekkbi.com\/index.php?rest_route=%2Fwp%2Fv2%2Fcomments&post=26363"}],"version-history":[{"count":1,"href":"https:\/\/dekkbi.com\/index.php?rest_route=\/wp\/v2\/posts\/26363\/revisions"}],"predecessor-version":[{"id":26365,"href":"https:\/\/dekkbi.com\/index.php?rest_route=\/wp\/v2\/posts\/26363\/revisions\/26365"}],"wp:featuredmedia":[{"embeddable":true,"href":"https:\/\/dekkbi.com\/index.php?rest_route=\/wp\/v2\/media\/26364"}],"wp:attachment":[{"href":"https:\/\/dekkbi.com\/index.php?rest_route=%2Fwp%2Fv2%2Fmedia&parent=26363"}],"wp:term":[{"taxonomy":"category","embeddable":true,"href":"https:\/\/dekkbi.com\/index.php?rest_route=%2Fwp%2Fv2%2Fcategories&post=26363"},{"taxonomy":"post_tag","embeddable":true,"href":"https:\/\/dekkbi.com\/index.php?rest_route=%2Fwp%2Fv2%2Ftags&post=26363"}],"curies":[{"name":"wp","href":"https:\/\/api.w.org\/{rel}","templated":true}]}}