{"id":2634,"date":"2022-11-03T14:27:09","date_gmt":"2022-11-03T14:27:09","guid":{"rendered":"https:\/\/dekkbi.com\/?p=2634"},"modified":"2022-11-03T14:27:10","modified_gmt":"2022-11-03T14:27:10","slug":"suspense-autour-du-futur-de-la-moderation-des-contenus-sur-le-twitter-de-musk","status":"publish","type":"post","link":"https:\/\/dekkbi.com\/?p=2634","title":{"rendered":"Suspense autour du futur de la mod\u00e9ration des contenus sur le Twitter de Musk"},"content":{"rendered":"\n<p><a rel=\"noreferrer noopener\" href=\"https:\/\/www.addthis.com\/bookmark.php?v=300\" target=\"_blank\"><\/a>Tensions et anxi\u00e9t\u00e9 r\u00e8gnent dans les \u00e9changes entre Elon Musk, le nouveau propri\u00e9taire de Twitter, et de nombreux utilisateurs soucieux de comprendre comment il compte donner corps \u00e0 sa vision de la libert\u00e9 &lsquo;expression sur l&rsquo;influente plateforme.<\/p>\n\n\n\n<p>Mercredi, le multimilliardaire a assur\u00e9 que les comptes ayant \u00e9t\u00e9 suspendus du r\u00e9seau social ne seraient pas restaur\u00e9s avant \u00ab\u00a0quelques semaines\u00a0\u00bb, le temps de mettre en place un \u00ab\u00a0processus clair\u00a0\u00bb.<\/p>\n\n\n\n<p>Il a ainsi \u00e9cart\u00e9 l&rsquo;hypoth\u00e8se que Donald Trump revienne sur Twitter \u00e0 quelques jours d&rsquo;\u00e9lections cruciales aux Etats-Unis.<\/p>\n\n\n\n<p>L&rsquo;ancien pr\u00e9sident am\u00e9ricain avait \u00e9t\u00e9 \u00e9vinc\u00e9 de la plateforme peu apr\u00e8s l&rsquo;assaut du Capitole en janvier 2021, accus\u00e9 d&rsquo;avoir appel\u00e9 ses partisans \u00e0 la violence.<\/p>\n\n\n\n<p>Il a depuis affirm\u00e9 qu&rsquo;il ne reviendrait jamais sur Twitter apr\u00e8s avoir lanc\u00e9 son propre r\u00e9seau, Truth Social, \u00e0 l&rsquo;audience confidentielle. Mais beaucoup estiment qu&rsquo;il sera tent\u00e9 de retrouver ses dizaines de millions d&rsquo;abonn\u00e9s sur la plateforme qui \u00e9tait au c\u0153ur de sa communication politique.<\/p>\n\n\n\n<p>Or Elon Musk avait estim\u00e9 en mai que ce bannissement constituait \u00ab\u00a0une d\u00e9cision mauvaise moralement et insens\u00e9e \u00e0 l&rsquo;extr\u00eame\u00a0\u00bb.<\/p>\n\n\n\n<p>L&rsquo;entrepreneur libertarien d\u00e9fend une vision absolutiste de la libert\u00e9 d&rsquo;expression.<\/p>\n\n\n\n<p>Mais depuis jeudi, il souffle le chaud et le froid autour de la mise en pratique, promettant aux uns que le r\u00e9seau ne deviendra pas invivable, et aux autres de mettre fin \u00e0 la \u00ab\u00a0censure\u00a0\u00bb.<\/p>\n\n\n\n<p>&#8211; \u00ab\u00a0Signaux mitig\u00e9s\u00a0\u00bb &#8211;<\/p>\n\n\n\n<p>Elon Musk veut former un conseil de mod\u00e9ration des contenus. Il a aussi affirm\u00e9 avoir discut\u00e9 avec plusieurs ONG de d\u00e9fense des droits des minorit\u00e9s sur \u00ab\u00a0comment Twitter continuera \u00e0 lutter contre la haine et le harc\u00e8lement\u00a0\u00bb.<\/p>\n\n\n\n<p>\u00ab\u00a0Il envoie des signaux mitig\u00e9s\u00a0\u00bb, constate Suzanne Nossel, la directrice de Pen America, une association de d\u00e9fense de la libert\u00e9 d&rsquo;expression. \u00ab\u00a0Il est en train de se rendre compte que (la t\u00e2che) est plus ardue qu&rsquo;il ne semble \u00e0 premi\u00e8re vue\u00a0\u00bb.<\/p>\n\n\n\n<p>Un collectif de pr\u00e8s de 50 associations de d\u00e9fense de la d\u00e9mocratie ou de lutte contre la d\u00e9sinformation a exhort\u00e9 les plus gros annonceurs sur Twitter (dont Coca-Cola, Google et Disney) \u00e0 menacer Elon Musk de cesser toute publicit\u00e9 sur le r\u00e9seau si jamais il \u00ab\u00a0liquidait\u00a0\u00bb la mod\u00e9ration de contenus.<\/p>\n\n\n\n<p>General Motors a d\u00e9j\u00e0 annonc\u00e9 suspendre temporairement ses d\u00e9penses sur la plateforme.<\/p>\n\n\n\n<p>Mercredi, Elon Musk a demand\u00e9 dans un sondage \u00e0 ses 113 millions d&rsquo;abonn\u00e9s si les annonceurs devraient \u00ab\u00a0soutenir la libert\u00e9 d&rsquo;expression\u00a0\u00bb ou \u00ab\u00a0le politiquement correct\u00a0\u00bb.<\/p>\n\n\n\n<p>Plusieurs associations de d\u00e9fense des minorit\u00e9s, craignant un regain d&rsquo;abus (harc\u00e8lement, racisme, d\u00e9sinformation), appellent de leur c\u00f4t\u00e9 \u00e0 mieux policer l&rsquo;application.<\/p>\n\n\n\n<p>\u00ab\u00a0Les discours de haine sous couvert de +libert\u00e9 d&rsquo;expression+ sont inacceptables\u00a0\u00bb, a tweet\u00e9 la chanteuse afro-am\u00e9ricaine Toni Braxton, annon\u00e7ant qu&rsquo;elle quittait la plateforme. \u00ab\u00a0Twitter n&rsquo;est plus un endroit s\u00fbr pour moi, mes fils et d&rsquo;autres personnes des minorit\u00e9s\u00a0\u00bb.<\/p>\n\n\n\n<p>Pour certains ultraconservateurs, au contraire, la lib\u00e9ralisation ne va pas assez vite. L&rsquo;\u00e9ditorialiste Benny Johnson demande ainsi \u00e0 Elon Musk de licencier des cadres de Twitter qui ont \u00ab\u00a0censur\u00e9\u00a0\u00bb certains sujets pour \u00ab\u00a0restaurer la confiance du public\u00a0\u00bb.<\/p>\n\n\n\n<p>\u00ab\u00a0\u00catre attaqu\u00e9 aussi bien par la gauche que par la droite, c&rsquo;est bon signe\u00a0\u00bb, a plaisant\u00e9 le fantasque dirigeant.<\/p>\n\n\n\n<p>&#8211; D\u00e9sinformation &#8211;<\/p>\n\n\n\n<p>\u00ab\u00a0Il est convaincu que les discours des conservateurs sont censur\u00e9s sur Twitter, alors que les \u00e9tudes prouvent que ce n&rsquo;est pas le cas\u00a0\u00bb, remarque Suzanne Nossel.<\/p>\n\n\n\n<p>Elle esp\u00e8re qu&rsquo;il va revenir sur cette fausse hypoth\u00e8se et comprendre \u00ab\u00a0pourquoi nous accordons de la valeur \u00e0 la libert\u00e9 d&rsquo;expression\u00a0\u00bb, comme la capacit\u00e9 de dialoguer, de persuader et de faire \u00e9merger des id\u00e9es int\u00e9ressantes.<\/p>\n\n\n\n<p>\u00ab\u00a0Quand une place publique est noy\u00e9e sous la d\u00e9sinformation, qu&rsquo;on ne peut plus faire la part du vrai et du faux et que les gens se d\u00e9tachent parce qu&rsquo;ils ne trouvent pas d&rsquo;informations valables&#8230; alors les b\u00e9n\u00e9fices de la libert\u00e9 d&rsquo;expression disparaissent\u00a0\u00bb, \u00e9labore-t-elle.<\/p>\n\n\n\n<p>Sur le principe, Elon Musk semble en accord avec cette approche.<\/p>\n\n\n\n<p>\u00ab\u00a0Notre but est de faire de Twitter la source d&rsquo;information la plus fiable sur Terre, quelle que soit l&rsquo;affiliation politique\u00a0\u00bb, a-t-il d\u00e9clar\u00e9 mercredi, vantant les m\u00e9rites de \u00ab\u00a0Birdwatch\u00a0\u00bb, un programme de Twitter qui permet d&rsquo;adosser \u00e0 des messages disput\u00e9s du contexte r\u00e9dig\u00e9 par des contributeurs ind\u00e9pendants.<\/p>\n\n\n\n<p>La Maison Blanche a ainsi retir\u00e9 mercredi un tweet qui vantait la hausse des retraites gr\u00e2ce \u00e0 Joe Biden, alors que la note de contexte rappelait le r\u00f4le jou\u00e9 par une loi de 1972 sur les pensions.<\/p>\n\n\n\n<p>Mais dimanche, Elon Musk a relay\u00e9 une th\u00e9orie du complot sur l&rsquo;agression du mari de Nancy Pelosi, la cheffe des d\u00e9mocrates au Congr\u00e8s. Il a lui-m\u00eame supprim\u00e9 son tweet par la suite.<\/p>\n\n\n\n<p>Par Julie JAMMOT avec Daniel HOFFMAN \u00e0 Paris<\/p>\n","protected":false},"excerpt":{"rendered":"<p>Tensions et anxi\u00e9t\u00e9 r\u00e8gnent dans les \u00e9changes entre Elon Musk, le nouveau propri\u00e9taire de Twitter, et de nombreux utilisateurs soucieux<\/p>\n","protected":false},"author":1,"featured_media":2591,"comment_status":"open","ping_status":"open","sticky":false,"template":"","format":"standard","meta":{"footnotes":""},"categories":[46],"tags":[],"class_list":["post-2634","post","type-post","status-publish","format-standard","has-post-thumbnail","hentry","category-technology"],"_links":{"self":[{"href":"https:\/\/dekkbi.com\/index.php?rest_route=\/wp\/v2\/posts\/2634","targetHints":{"allow":["GET"]}}],"collection":[{"href":"https:\/\/dekkbi.com\/index.php?rest_route=\/wp\/v2\/posts"}],"about":[{"href":"https:\/\/dekkbi.com\/index.php?rest_route=\/wp\/v2\/types\/post"}],"author":[{"embeddable":true,"href":"https:\/\/dekkbi.com\/index.php?rest_route=\/wp\/v2\/users\/1"}],"replies":[{"embeddable":true,"href":"https:\/\/dekkbi.com\/index.php?rest_route=%2Fwp%2Fv2%2Fcomments&post=2634"}],"version-history":[{"count":2,"href":"https:\/\/dekkbi.com\/index.php?rest_route=\/wp\/v2\/posts\/2634\/revisions"}],"predecessor-version":[{"id":2636,"href":"https:\/\/dekkbi.com\/index.php?rest_route=\/wp\/v2\/posts\/2634\/revisions\/2636"}],"wp:featuredmedia":[{"embeddable":true,"href":"https:\/\/dekkbi.com\/index.php?rest_route=\/wp\/v2\/media\/2591"}],"wp:attachment":[{"href":"https:\/\/dekkbi.com\/index.php?rest_route=%2Fwp%2Fv2%2Fmedia&parent=2634"}],"wp:term":[{"taxonomy":"category","embeddable":true,"href":"https:\/\/dekkbi.com\/index.php?rest_route=%2Fwp%2Fv2%2Fcategories&post=2634"},{"taxonomy":"post_tag","embeddable":true,"href":"https:\/\/dekkbi.com\/index.php?rest_route=%2Fwp%2Fv2%2Ftags&post=2634"}],"curies":[{"name":"wp","href":"https:\/\/api.w.org\/{rel}","templated":true}]}}