{"id":26301,"date":"2023-11-30T13:18:59","date_gmt":"2023-11-30T13:18:59","guid":{"rendered":"https:\/\/dekkbi.com\/?p=26301"},"modified":"2023-11-30T13:19:01","modified_gmt":"2023-11-30T13:19:01","slug":"avec-la-relaxe-deric-dupond-moretti-la-crainte-dun-remaniement-seloigne-pour-le-gouvernement","status":"publish","type":"post","link":"https:\/\/dekkbi.com\/?p=26301","title":{"rendered":"Avec la relaxe d&rsquo;Eric Dupond-Moretti, la crainte d&rsquo;un remaniement s&rsquo;\u00e9loigne pour le gouvernement"},"content":{"rendered":"\n<p>Emmanuel Macron a d&rsquo;ailleurs \u00e9voqu\u00e9 avec le garde des Sceaux les chantiers \u00ab\u00a0en cours et \u00e0 venir\u00a0\u00bb, a fait savoir l&rsquo;Elys\u00e9e mercredi.<\/p>\n\n\n\n<p>Eric Dupond-Moretti relax\u00e9, et c&rsquo;est tout le gouvernement qui peut souffler. L&rsquo;hypoth\u00e8se d&rsquo;une condamnation du ministre de la Justice avait commenc\u00e9 \u00e0 agiter la majorit\u00e9 sur un possible\u00a0remaniement rapide. Les bruits de couloir avaient murmur\u00e9 toutes sortes de conjectures : qui pour le remplacer, faut-il un remaniement plus large ?<\/p>\n\n\n\n<p>Mais la\u00a0relaxe du\u00a0garde des Sceaux\u00a0donne l&rsquo;impression d&rsquo;un r\u00e9pit :\u00a0<em>\u00ab\u00a0Certains ont utilis\u00e9 ce moment pour ouvrir une fen\u00eatre, elle s&rsquo;est referm\u00e9e\u00a0\u00bb<\/em>, se rassure un conseiller de l&rsquo;ex\u00e9cutif. D\u00e9sormais, fait-on remarquer, aucun poids lourds du gouvernement n&rsquo;est en danger.<\/p>\n\n\n\n<p>Sur X (anciennement Twitter), la Premi\u00e8re ministre Elisabeth Borne a assur\u00e9 que&nbsp;<em>\u00ab\u00a0le garde des Sceaux va pouvoir continuer \u00e0 mener son action au sein de l&rsquo;\u00e9quipe gouvernementale, au service des Fran\u00e7ais.\u00a0\u00bb&nbsp;<\/em>Dans la foul\u00e9e de sa relaxe, Eric Dupond-Moretti s&rsquo;est d&rsquo;ailleurs entretenu avec Emmanuel Macron sur les chantiers<em>&nbsp;\u00ab\u00a0en cours et \u00e0 venir\u00a0\u00bb<\/em>, a fait savoir l&rsquo;Elys\u00e9e.&nbsp;<\/p>\n\n\n\n<p>Une fa\u00e7on de le conforter, sauf que le chapitre judiciaire n&rsquo;est pas referm\u00e9 pour l&rsquo;ex\u00e9cutif : d&rsquo;un c\u00f4t\u00e9, le parquet va-t-il\u00a0se pourvoir en cassation\u00a0apr\u00e8s la relaxe du garde des Sceaux, ce qui relancerait une proc\u00e9dure ? De l&rsquo;autre, Olivier Dussopt termine un\u00a0proc\u00e8s pour favoritisme\u00a0:\u00a010\u00a0mois de prison avec sursis et 15\u00a0000\u00a0euros d&rsquo;amende requis, avec un verdict dans plusieurs semaines. Le r\u00e9pit risque donc d&rsquo;\u00eatre de courte dur\u00e9e.<\/p>\n","protected":false},"excerpt":{"rendered":"<p>Emmanuel Macron a d&rsquo;ailleurs \u00e9voqu\u00e9 avec le garde des Sceaux les chantiers \u00ab\u00a0en cours et \u00e0 venir\u00a0\u00bb, a fait savoir<\/p>\n","protected":false},"author":1,"featured_media":26302,"comment_status":"open","ping_status":"open","sticky":false,"template":"","format":"standard","meta":{"footnotes":""},"categories":[51],"tags":[],"class_list":["post-26301","post","type-post","status-publish","format-standard","has-post-thumbnail","hentry","category-general"],"_links":{"self":[{"href":"https:\/\/dekkbi.com\/index.php?rest_route=\/wp\/v2\/posts\/26301","targetHints":{"allow":["GET"]}}],"collection":[{"href":"https:\/\/dekkbi.com\/index.php?rest_route=\/wp\/v2\/posts"}],"about":[{"href":"https:\/\/dekkbi.com\/index.php?rest_route=\/wp\/v2\/types\/post"}],"author":[{"embeddable":true,"href":"https:\/\/dekkbi.com\/index.php?rest_route=\/wp\/v2\/users\/1"}],"replies":[{"embeddable":true,"href":"https:\/\/dekkbi.com\/index.php?rest_route=%2Fwp%2Fv2%2Fcomments&post=26301"}],"version-history":[{"count":1,"href":"https:\/\/dekkbi.com\/index.php?rest_route=\/wp\/v2\/posts\/26301\/revisions"}],"predecessor-version":[{"id":26303,"href":"https:\/\/dekkbi.com\/index.php?rest_route=\/wp\/v2\/posts\/26301\/revisions\/26303"}],"wp:featuredmedia":[{"embeddable":true,"href":"https:\/\/dekkbi.com\/index.php?rest_route=\/wp\/v2\/media\/26302"}],"wp:attachment":[{"href":"https:\/\/dekkbi.com\/index.php?rest_route=%2Fwp%2Fv2%2Fmedia&parent=26301"}],"wp:term":[{"taxonomy":"category","embeddable":true,"href":"https:\/\/dekkbi.com\/index.php?rest_route=%2Fwp%2Fv2%2Fcategories&post=26301"},{"taxonomy":"post_tag","embeddable":true,"href":"https:\/\/dekkbi.com\/index.php?rest_route=%2Fwp%2Fv2%2Ftags&post=26301"}],"curies":[{"name":"wp","href":"https:\/\/api.w.org\/{rel}","templated":true}]}}