{"id":26298,"date":"2023-11-30T13:10:32","date_gmt":"2023-11-30T13:10:32","guid":{"rendered":"https:\/\/dekkbi.com\/?p=26298"},"modified":"2023-11-30T13:10:34","modified_gmt":"2023-11-30T13:10:34","slug":"pedro-sanchez-reconnaitre-letat-palestinien-est-dans-linteret-de-leurope","status":"publish","type":"post","link":"https:\/\/dekkbi.com\/?p=26298","title":{"rendered":"Pedro S\u00e1nchez: \u201cReconna\u00eetre l\u2019\u00c9tat palestinien est dans l\u2019int\u00e9r\u00eat de l\u2019Europe\u201d"},"content":{"rendered":"\n<p>Le Premier ministre espagnol Pedro S\u00e1nchez a estim\u00e9 jeudi qu\u2019il \u00e9tait \u201cdans l\u2019int\u00e9r\u00eat\u201d de l\u2019Union europ\u00e9enne de reconna\u00eetre l\u2019\u00c9tat palestinien, une \u00e9tape selon lui n\u00e9cessaire pour mettre un terme au conflit isra\u00e9lo-palestinien et pour \u201cstabiliser\u201d la r\u00e9gion.<\/p>\n\n\n\n<p>\u201cIl est \u00e9vident que nous devons trouver une solution politique pour mettre fin \u00e0 cette crise et cette solution passe, \u00e0 mon avis, par la reconnaissance de l\u2019\u00c9tat palestinien\u201d, a assur\u00e9 le chef de gouvernement socialiste dans un entretien \u00e0 la t\u00e9l\u00e9vision publique RTVE. Cette reconnaissance est \u201cdans l\u2019int\u00e9r\u00eat de l\u2019Europe\u201d, pour \u201cune raison morale, parce que ce que nous voyons \u00e0 Gaza n\u2019est pas acceptable\u201d, mais aussi \u201cg\u00e9opolitique\u201d, parce qu\u2019elle contribuera \u00e0 \u201cstabiliser\u201d la r\u00e9gion, a-t-il poursuivi.<\/p>\n\n\n\n<h2 class=\"wp-block-heading\">\u201cLa situation a chang\u00e9\u201d<\/h2>\n\n\n\n<p>M. S\u00e1nchez, reconduit fin novembre pour un nouveau mandat de quatre ans dans le cadre d\u2019une coalition avec l\u2019extr\u00eame gauche, s\u2019est engag\u00e9 lors de son discours d\u2019investiture \u00e0 \u201c\u0153uvrer en Europe et en Espagne pour reconna\u00eetre l\u2019\u00c9tat palestinien\u201d. En cas d\u2019absence d\u2019accord au sein de l\u2019UE, le Premier ministre espagnol, dont le pays assure actuellement la pr\u00e9sidence tournante du Conseil europ\u00e9en, n\u2019a pas \u00e9cart\u00e9 l\u2019\u00e9ventualit\u00e9 d\u2019une reconnaissance unilat\u00e9rale par Madrid.<\/p>\n\n\n\n<p>Plusieurs pays europ\u00e9ens ont d\u00e9j\u00e0 franchi ce pas, \u00e0 l\u2019image de la Hongrie, de la Pologne ou de la Roumanie. Mais la plupart l\u2019ont fait avant d\u2019entrer dans l\u2019UE et aucun des principaux \u00c9tats membres ne figure dans cette liste, ce qui pourrait faire de l\u2019Espagne un pionnier. En 2014, le Parlement espagnol, sous un gouvernement conservateur, avait adopt\u00e9 une r\u00e9solution appelant \u00e0 cette reconnaissance, soutenue par l\u2019ensemble des formations politiques. Ce vote, non contraignant, n\u2019a cependant pas \u00e9t\u00e9 suivi d\u2019effet. \u201cLa situation a chang\u00e9\u201d, estime Pedro S\u00e1nchez, qui \u00e9voque l\u2019incompr\u00e9hension des pays arabes face \u00e0 l\u2019UE. \u201cCes derni\u00e8res ann\u00e9es, nous avons vu comment Isra\u00ebl occupait de fa\u00e7on syst\u00e9matique le territoire palestinien\u201d, donc \u201cje crois que nous devons aborder cette question\u201d, a-t-il dit.<\/p>\n\n\n\n<p>Les prises de positions du responsable socialiste, l\u2019une des voix les plus critiques au sein de l\u2019UE vis-\u00e0-vis de l\u2019\u00c9tat h\u00e9breu, ont suscit\u00e9 des tensions ces derniers jours avec Isra\u00ebl, qui a accus\u00e9 Madrid de \u201csoutenir le terrorisme\u201d et convoqu\u00e9 vendredi l\u2019ambassadeur espagnol apr\u00e8s des d\u00e9clarations de M. S\u00e1nchez \u00e0 Rafah. \u201cLes pays amis doivent se dire la v\u00e9rit\u00e9\u201d, a d\u00e9fendu jeudi M. S\u00e1nchez, en rappelant avoir condamn\u00e9 sans \u00e9quivoque l\u2019attaque du Hamas le 7 octobre. \u201cMais nous devons dire \u00e0 Isra\u00ebl avec la m\u00eame conviction\u201d qu\u2019il doit agir en respectant le \u201cdroit international\u201d, a-t-il insist\u00e9.<\/p>\n\n\n\n<p>SOURCE 7SUR7<\/p>\n","protected":false},"excerpt":{"rendered":"<p>Le Premier ministre espagnol Pedro S\u00e1nchez a estim\u00e9 jeudi qu\u2019il \u00e9tait \u201cdans l\u2019int\u00e9r\u00eat\u201d de l\u2019Union europ\u00e9enne de reconna\u00eetre l\u2019\u00c9tat palestinien,<\/p>\n","protected":false},"author":1,"featured_media":26299,"comment_status":"open","ping_status":"open","sticky":false,"template":"","format":"standard","meta":{"footnotes":""},"categories":[51],"tags":[],"class_list":["post-26298","post","type-post","status-publish","format-standard","has-post-thumbnail","hentry","category-general"],"_links":{"self":[{"href":"https:\/\/dekkbi.com\/index.php?rest_route=\/wp\/v2\/posts\/26298","targetHints":{"allow":["GET"]}}],"collection":[{"href":"https:\/\/dekkbi.com\/index.php?rest_route=\/wp\/v2\/posts"}],"about":[{"href":"https:\/\/dekkbi.com\/index.php?rest_route=\/wp\/v2\/types\/post"}],"author":[{"embeddable":true,"href":"https:\/\/dekkbi.com\/index.php?rest_route=\/wp\/v2\/users\/1"}],"replies":[{"embeddable":true,"href":"https:\/\/dekkbi.com\/index.php?rest_route=%2Fwp%2Fv2%2Fcomments&post=26298"}],"version-history":[{"count":1,"href":"https:\/\/dekkbi.com\/index.php?rest_route=\/wp\/v2\/posts\/26298\/revisions"}],"predecessor-version":[{"id":26300,"href":"https:\/\/dekkbi.com\/index.php?rest_route=\/wp\/v2\/posts\/26298\/revisions\/26300"}],"wp:featuredmedia":[{"embeddable":true,"href":"https:\/\/dekkbi.com\/index.php?rest_route=\/wp\/v2\/media\/26299"}],"wp:attachment":[{"href":"https:\/\/dekkbi.com\/index.php?rest_route=%2Fwp%2Fv2%2Fmedia&parent=26298"}],"wp:term":[{"taxonomy":"category","embeddable":true,"href":"https:\/\/dekkbi.com\/index.php?rest_route=%2Fwp%2Fv2%2Fcategories&post=26298"},{"taxonomy":"post_tag","embeddable":true,"href":"https:\/\/dekkbi.com\/index.php?rest_route=%2Fwp%2Fv2%2Ftags&post=26298"}],"curies":[{"name":"wp","href":"https:\/\/api.w.org\/{rel}","templated":true}]}}