{"id":2628,"date":"2022-11-03T14:18:34","date_gmt":"2022-11-03T14:18:34","guid":{"rendered":"https:\/\/dekkbi.com\/?p=2628"},"modified":"2022-11-03T14:18:36","modified_gmt":"2022-11-03T14:18:36","slug":"strategie-hub-aerien-larmee-de-lair-et-aibd-sa-ensemble-pour-relever-les-defis","status":"publish","type":"post","link":"https:\/\/dekkbi.com\/?p=2628","title":{"rendered":"STRATEGIE HUB AERIEN&nbsp;: L\u2019Arm\u00e9e de l\u2019Air et Aibd.sa, ensemble, pour relever les d\u00e9fis"},"content":{"rendered":"\n<p>R\u00e9dig\u00e9 par leral.net le Jeudi<\/p>\n\n\n\n<p>En visite \u00e0 l\u2019\u00e9tat-major de l\u2019Arm\u00e9e de l\u2019Air, le Directeur g\u00e9n\u00e9ral de l\u2019A\u00e9roport international de Diass, Abdoulaye Di\u00e8ye et son h\u00f4te, le G\u00e9n\u00e9ral de Brigade Papa Souleymane Sarr, Chef d\u2019\u00e9tat-major de l\u2019Arm\u00e9e de l\u2019Air, ont convenu de poursuivre la bonne collaboration entre leurs deux entit\u00e9s, pour atteindre les d\u00e9fis de la r\u00e9alisation de la strat\u00e9gie hub a\u00e9rien du Chef de l\u2019Etat, Macky Sall.<\/p>\n\n\n\n<p>L\u2019Arm\u00e9e de l\u2019Air et l\u2019A\u00e9roport international Blaise Diagne (Aibd), sont partenaires dans la r\u00e9alisation de la strat\u00e9gie hub a\u00e9rien d\u00e9clin\u00e9e par le Chef de l\u2019Etat, Macky Sall et vont poursuivre la bonne collaboration pour atteindre les objectifs. C\u2019est ce qui ressort de la visite de courtoisie et de prise de contact que le Directeur g\u00e9n\u00e9ral de l\u2019Aibd, Abdoulaye Di\u00e8ye a effectu\u00e9e, ce mercredi 1er novembre 2022, \u00e0 l\u2019\u00e9tat-major de l\u2019Arm\u00e9e de l\u2019Air, o\u00f9 il a \u00e9t\u00e9 re\u00e7u par le G\u00e9n\u00e9ral de Brigade, Papa Souleymane Sarr et ses plus proches collaborateurs.<\/p>\n\n\n\n<p>\u00ab&nbsp;<em>Nul ne doute de votre apport et de votre participation au d\u00e9veloppement de l\u2019aviation civile au S\u00e9n\u00e9gal. Nous sommes dispos\u00e9s \u00e0 continuer le partenariat pour r\u00e9ussir la mission du Chef de l\u2019Etat, qui veut faire de notre pays un hub a\u00e9rien&nbsp;<\/em>\u00bb, a d\u00e9clar\u00e9 Abdoulaye Di\u00e8ye, entour\u00e9 du top management de l\u2019Aibd. \u00ab<em>&nbsp;Je suis en mission commando pour r\u00e9ussir une gestion ax\u00e9e sur les r\u00e9sultats. Nous aurons \u00e0 d\u00e9velopper des strat\u00e9gies pour r\u00e9ussir la mission exaltante que le Chef de l\u2019Etat nous a confi\u00e9e&nbsp;<\/em>\u00bb, a ajout\u00e9 M. Di\u00e8ye, qui a promis de consolider les acquis obtenus par son pr\u00e9d\u00e9cesseur.<\/p>\n\n\n\n<p>Auparavant, le G\u00e9n\u00e9ral Papa Amadou Sarr s\u2019est r\u00e9joui de la visite du nouveau Directeur g\u00e9n\u00e9ral de l\u2019AIBD. Il a rappel\u00e9 qu\u2019une collaboration est \u00e9tablie entre l\u2019arm\u00e9e et l\u2019aviation civile, conform\u00e9ment aux recommandations de l\u2019Oaci, qui veut que les deux entit\u00e9s travaillent ensemble.<\/p>\n\n\n\n<p>Le Cemair a indiqu\u00e9 que l\u2019Arm\u00e9e et l\u2019Aibd sont partenaires dans deux grands projets, \u00e0 savoir l\u2019Acad\u00e9mie internationale des m\u00e9tiers de l\u2019aviation civile (Aimac) et du Centre de maintenance a\u00e9ronautique (Mro). \u00ab&nbsp;<em>Depuis deux ans, nous travaillons ensemble. Nous devons continuer \u00e0 travailler ensemble afin que les projets aillent de l\u2019avant<\/em>&nbsp;\u00bb, a dit le G\u00e9n\u00e9ral. Le Cemair a ajout\u00e9 que les deux structures travaillent \u00e9galement, \u00e0 la mise en place d\u2019un hub logistique \u00e0 l\u2019a\u00e9roport L\u00e9opold S\u00e9dar Senghor. \u00ab&nbsp;<em>Nous vous souhaitons plein succ\u00e8s. Soyez rassur\u00e9s, nous sommes ouverts pour faire avancer toute collaboration<\/em>&nbsp;\u00bb, a insist\u00e9 le G\u00e9n\u00e9ral Sarr.<\/p>\n","protected":false},"excerpt":{"rendered":"<p>R\u00e9dig\u00e9 par leral.net le Jeudi En visite \u00e0 l\u2019\u00e9tat-major de l\u2019Arm\u00e9e de l\u2019Air, le Directeur g\u00e9n\u00e9ral de l\u2019A\u00e9roport international de<\/p>\n","protected":false},"author":1,"featured_media":2629,"comment_status":"open","ping_status":"open","sticky":false,"template":"","format":"standard","meta":{"footnotes":""},"categories":[3],"tags":[],"class_list":["post-2628","post","type-post","status-publish","format-standard","has-post-thumbnail","hentry","category-event-more-news"],"_links":{"self":[{"href":"https:\/\/dekkbi.com\/index.php?rest_route=\/wp\/v2\/posts\/2628","targetHints":{"allow":["GET"]}}],"collection":[{"href":"https:\/\/dekkbi.com\/index.php?rest_route=\/wp\/v2\/posts"}],"about":[{"href":"https:\/\/dekkbi.com\/index.php?rest_route=\/wp\/v2\/types\/post"}],"author":[{"embeddable":true,"href":"https:\/\/dekkbi.com\/index.php?rest_route=\/wp\/v2\/users\/1"}],"replies":[{"embeddable":true,"href":"https:\/\/dekkbi.com\/index.php?rest_route=%2Fwp%2Fv2%2Fcomments&post=2628"}],"version-history":[{"count":1,"href":"https:\/\/dekkbi.com\/index.php?rest_route=\/wp\/v2\/posts\/2628\/revisions"}],"predecessor-version":[{"id":2630,"href":"https:\/\/dekkbi.com\/index.php?rest_route=\/wp\/v2\/posts\/2628\/revisions\/2630"}],"wp:featuredmedia":[{"embeddable":true,"href":"https:\/\/dekkbi.com\/index.php?rest_route=\/wp\/v2\/media\/2629"}],"wp:attachment":[{"href":"https:\/\/dekkbi.com\/index.php?rest_route=%2Fwp%2Fv2%2Fmedia&parent=2628"}],"wp:term":[{"taxonomy":"category","embeddable":true,"href":"https:\/\/dekkbi.com\/index.php?rest_route=%2Fwp%2Fv2%2Fcategories&post=2628"},{"taxonomy":"post_tag","embeddable":true,"href":"https:\/\/dekkbi.com\/index.php?rest_route=%2Fwp%2Fv2%2Ftags&post=2628"}],"curies":[{"name":"wp","href":"https:\/\/api.w.org\/{rel}","templated":true}]}}