{"id":26275,"date":"2023-11-30T11:59:19","date_gmt":"2023-11-30T11:59:19","guid":{"rendered":"https:\/\/dekkbi.com\/?p=26275"},"modified":"2023-11-30T13:21:15","modified_gmt":"2023-11-30T13:21:15","slug":"ouverture-de-la-cop28-a-dubai-197-pays-face-au-bouleversement-climatique-et-a-ses-consequences","status":"publish","type":"post","link":"https:\/\/dekkbi.com\/?p=26275","title":{"rendered":"COP28: 197 pays face au bouleversement climatique et \u00e0 ses cons\u00e9quences"},"content":{"rendered":"\n<p>Il est urgent de s&rsquo;entendre, mais avec les guerres en Ukraine et \u00e0 Gaza, l&rsquo;ONU traverse une crise de cr\u00e9dibilit\u00e9 qui peut se propager aux n\u00e9gociations environnementales, selon S\u00e9bastien Treyer, directeur de l&rsquo;Institut du d\u00e9veloppement durable et des relations internationales (Iddri)&nbsp;:&nbsp;\u00ab<em>&nbsp;Le Conseil de s\u00e9curit\u00e9 et les agences de l&rsquo;ONU n&rsquo;arrivent pas \u00e0 se faire entendre dans le conflit \u00e0 Gaza. Le multilat\u00e9ralisme est extr\u00eamement impuissant en ce moment.&nbsp;<\/em>\u00bb<\/p>\n\n\n\n<p>Au-del\u00e0, il note aussi l&rsquo;augmentation des tensions entre les \u00c9tats, en leur sein, et surtout entre grands blocs. Les passerelles sont de moins en moins nombreuses. \u00ab<em>&nbsp;On a l&rsquo;impression que l&rsquo;on est bloc contre bloc. \u00c7a cr\u00e9e une ambiance autour de la COP qui fait que cela s&rsquo;annonce particuli\u00e8rement difficile. Ce que j&rsquo;esp\u00e8re que l&rsquo;on va r\u00e9ussir \u00e0 \u00e9viter, c&rsquo;est de rejouer une opposition Ouest contre le Sud qui soit compl\u00e8tement paralysante. Si on n&rsquo;arrive pas \u00e0 un r\u00e9sultat, le bl\u00e2me sera sur les pays du Nord.&nbsp;<\/em>\u00bb&nbsp;<\/p>\n\n\n\n<p>Il estime que le sujet du changement climatique a le potentiel pour renouer la confiance. \u00c0 condition que les pays riches tiennent enfin leurs promesses d&rsquo;aide envers les pays vuln\u00e9rables : qu&rsquo;ils acceptent de payer pour les \u00e9missions de gaz \u00e0 effet de serre dont ils sont responsables.<\/p>\n\n\n\n<h2 class=\"wp-block-heading\">La question des \u00e9nergies fossiles<\/h2>\n\n\n\n<p>La sortie des \u00e9nergies fossiles sera l&rsquo;un des autres grands enjeux de la Conf\u00e9rence des Nations unies sur les changements climatiques. Les \u00c9mirats arabes unis, h\u00f4tes de la r\u00e9union et septi\u00e8me plus grand producteur de p\u00e9trole du monde, d\u00e9fendent la vision d&rsquo;un avenir bas-carbone compatible avec le maintien d&rsquo;\u00e9nergies fossiles, partag\u00e9e par d&rsquo;autres grands pays producteurs de p\u00e9trole et de gaz. Face aux pays r\u00e9clamant prioritairement l&rsquo;abandon progressif du charbon et des hydrocarbures, ils pr\u00e9conisent de s&rsquo;en remettre \u00e0 la technologie pour am\u00e9liorer la capture et le stockage de carbone.<\/p>\n\n\n\n<p>L&rsquo;<strong>Agence internationale de l&rsquo;\u00e9nergie (AIE)<\/strong>\u00a0a mis les pieds dans le plat avant la r\u00e9union en estimant que s&rsquo;en remettre \u00e0 la captation de carbone \u00e9tait une \u00ab<em>\u00a0illusion<\/em>\u00a0\u00bb et que le secteur des \u00e9nergies fossiles devait choisir entre l&rsquo;aggravation de la crise climatique et le basculement vers le renouvelable. Ce rapport a provoqu\u00e9 la col\u00e8re de l&rsquo;Opep, qui a accus\u00e9 l&rsquo;AIE, une organisation proche des Occidentaux, de calomnier les producteurs de p\u00e9trole. \u00ab<em>\u00a0C&rsquo;est un cadre extr\u00eamement \u00e9troit pour les d\u00e9fis qui nous attendent, qui minimise peut-\u00eatre rapidement des questions telles que la s\u00e9curit\u00e9 \u00e9nerg\u00e9tique, l&rsquo;acc\u00e8s \u00e0 l&rsquo;\u00e9nergie et son caract\u00e8re abordable<\/em>\u00a0\u00bb, a estim\u00e9 l&rsquo;Organisation des pays exportateurs de p\u00e9trole.<\/p>\n\n\n\n<h2 class=\"wp-block-heading\">Un pr\u00e9sident de la COP critiqu\u00e9<\/h2>\n\n\n\n<p>Juste avant la COP28, le pr\u00e9sident \u00e9mirien de la COP,\u00a0<strong>Sultan Al-Jaber<\/strong>, a \u00e9t\u00e9 accus\u00e9 d&rsquo;avoir voulu user de sa position pour promouvoir des projets p\u00e9troliers et \u00e9nerg\u00e9tiques des \u00c9mirats dans plusieurs pays.\u00a0Critiqu\u00e9 depuis des mois par des ONG et des parlementaires occidentaux pour sa double casquette de patron de la COP28 et de la compagnie p\u00e9troli\u00e8re nationale Adnoc, Sultan Al Jaber d\u00e9fend une ligne qu&rsquo;il qualifie de r\u00e9aliste, se voulant un pont entre le Golfe et les pays qui r\u00e9clament la sortie rapide du p\u00e9trole.<\/p>\n\n\n\n<p>Mais les nombreux documents r\u00e9v\u00e9l\u00e9s lundi par le Centre for Climate Reporting et la BBC confortent ses d\u00e9tracteurs. Ils ont \u00e9t\u00e9 transmis par un \u00ab&nbsp;lanceur d&rsquo;alerte&nbsp;\u00bb et montrent que des briefings pr\u00e9par\u00e9s pour Sultan Al Jaber avant des r\u00e9unions avec des repr\u00e9sentants de gouvernements \u00e9trangers contenaient syst\u00e9matiquement des points cl\u00e9s sur les deux soci\u00e9t\u00e9s qu&rsquo;il dirige, Adnoc et la soci\u00e9t\u00e9 d&rsquo;\u00e9nergies renouvelables Masdar. Ces briefings ont concern\u00e9 des r\u00e9unions avec pr\u00e8s de 30 pays, selon ces documents.<\/p>\n\n\n\n<p>\u00ab<em>&nbsp;Ces all\u00e9gations sont fausses, incorrectes, inexactes<\/em>&nbsp;\u00bb, a d\u00e9clar\u00e9 Sultan Al-Jaber \u00e0 Duba\u00ef, interrog\u00e9 par des journalistes \u00e0 Duba\u00ef lors d&rsquo;un \u00e9v\u00e9nement sur le site de la COP28 \u00e0 la veille de son ouverture.<\/p>\n\n\n\n<h2 class=\"wp-block-heading\">Un p\u00e9trole \u00e9mirien pourtant pl\u00e9biscit\u00e9<\/h2>\n\n\n\n<p>La production et les r\u00e9serves \u00e9miriennes sont convoit\u00e9es. Les pays de la r\u00e9gion Asie-Pacifique sont les premiers consommateurs : 98% des exportations \u00e9miriennes de p\u00e9trole leur sont destin\u00e9es. Japon et Chine en t\u00eate. Et le continent connaissant une croissance \u00e9conomique, sa demande en p\u00e9trole est en hausse. Abou Dhabi a augment\u00e9 de 20% ses exportations de p\u00e9trole entre 2021 et 2022.<\/p>\n\n\n\n<p>Mais la guerre en Ukraine a \u00e9galement renforc\u00e9 l&rsquo;int\u00e9r\u00eat des pays europ\u00e9ens pour le Golfe. Les sanctions visant la Russie leur interdisent de s&rsquo;alimenter, comme ils le faisaient jusque-l\u00e0, aupr\u00e8s de Moscou. Il leur faut donc trouver des alternatives au gaz russe. L&rsquo;Allemagne, qui importait pr\u00e8s de la moiti\u00e9 de son gaz de Russie, a sign\u00e9 en septembre avec Abu Dhabi un accord sur la \u00ab&nbsp;s\u00e9curit\u00e9 \u00e9nerg\u00e9tique&nbsp;\u00bb. Le groupe fran\u00e7ais TotalEnergies a lui sign\u00e9 un accord pour la production de gaz liqu\u00e9fi\u00e9 avec son homologue \u00e9mirien Adnoc pour 1&nbsp;milliard de dollars pour trois ans. Des enjeux qui p\u00e8sent lourds face aux engagements environnementaux et aux consid\u00e9rations \u00e9thiques sur les droits de l&rsquo;homme.<\/p>\n\n\n\n<h2 class=\"wp-block-heading\">Faire de la COP28 un \u00e9v\u00e9nement populaire<\/h2>\n\n\n\n<p>L\u2019ambition pour les autorit\u00e9s est aussi d\u2019en faire un \u00e9v\u00e9nement populaire, \u00e9crit notre correspondant r\u00e9gional,&nbsp;<strong>Nicolas Keraudren<\/strong>.&nbsp;\u00c0 Duba\u00ef, les bus de la ville s\u2019affichent &#8211;&nbsp;par exemple&nbsp;&#8211; depuis plusieurs jours aux couleurs vertes de la COP28. Les entreprises locales profitent aussi de l\u2019occasion pour communiquer sur les panneaux publicitaires avec le logo de la conf\u00e9rence. Ce logo, au design sph\u00e9rique, montre des images de personnes, d\u2019animaux comme le dromadaire ou encore de panneaux solaires. &nbsp;<\/p>\n\n\n\n<p>En plus des 100&nbsp;000 d\u00e9l\u00e9gu\u00e9s accr\u00e9dit\u00e9s, environ 400&nbsp;000 personnes du grand public pourraient aussi participer \u00e0 cet \u00e9v\u00e8nement selon les organisateurs. Ils assisteront \u00e0 des activit\u00e9s organis\u00e9es en marge des n\u00e9gociations comme des concerts, des expositions ou encore des conf\u00e9rences. Pour cela, ils doivent r\u00e9server un ticket en ligne gratuitement. La COP28 se d\u00e9roule sur le m\u00eame site qui avait d\u00e9j\u00e0 accueilli l\u2019exposition universelle organis\u00e9e en 2021 par les \u00c9mirats arabes unis. Un rendez-vous qui avait officiellement rassembl\u00e9 24 millions de visiteurs sur six mois.<\/p>\n","protected":false},"excerpt":{"rendered":"<p>Il est urgent de s&rsquo;entendre, mais avec les guerres en Ukraine et \u00e0 Gaza, l&rsquo;ONU traverse une crise de cr\u00e9dibilit\u00e9<\/p>\n","protected":false},"author":1,"featured_media":26276,"comment_status":"open","ping_status":"open","sticky":false,"template":"","format":"standard","meta":{"footnotes":""},"categories":[51],"tags":[],"class_list":["post-26275","post","type-post","status-publish","format-standard","has-post-thumbnail","hentry","category-general"],"_links":{"self":[{"href":"https:\/\/dekkbi.com\/index.php?rest_route=\/wp\/v2\/posts\/26275","targetHints":{"allow":["GET"]}}],"collection":[{"href":"https:\/\/dekkbi.com\/index.php?rest_route=\/wp\/v2\/posts"}],"about":[{"href":"https:\/\/dekkbi.com\/index.php?rest_route=\/wp\/v2\/types\/post"}],"author":[{"embeddable":true,"href":"https:\/\/dekkbi.com\/index.php?rest_route=\/wp\/v2\/users\/1"}],"replies":[{"embeddable":true,"href":"https:\/\/dekkbi.com\/index.php?rest_route=%2Fwp%2Fv2%2Fcomments&post=26275"}],"version-history":[{"count":2,"href":"https:\/\/dekkbi.com\/index.php?rest_route=\/wp\/v2\/posts\/26275\/revisions"}],"predecessor-version":[{"id":26304,"href":"https:\/\/dekkbi.com\/index.php?rest_route=\/wp\/v2\/posts\/26275\/revisions\/26304"}],"wp:featuredmedia":[{"embeddable":true,"href":"https:\/\/dekkbi.com\/index.php?rest_route=\/wp\/v2\/media\/26276"}],"wp:attachment":[{"href":"https:\/\/dekkbi.com\/index.php?rest_route=%2Fwp%2Fv2%2Fmedia&parent=26275"}],"wp:term":[{"taxonomy":"category","embeddable":true,"href":"https:\/\/dekkbi.com\/index.php?rest_route=%2Fwp%2Fv2%2Fcategories&post=26275"},{"taxonomy":"post_tag","embeddable":true,"href":"https:\/\/dekkbi.com\/index.php?rest_route=%2Fwp%2Fv2%2Ftags&post=26275"}],"curies":[{"name":"wp","href":"https:\/\/api.w.org\/{rel}","templated":true}]}}