{"id":26244,"date":"2023-11-30T10:55:10","date_gmt":"2023-11-30T10:55:10","guid":{"rendered":"https:\/\/dekkbi.com\/?p=26244"},"modified":"2023-11-30T10:56:39","modified_gmt":"2023-11-30T10:56:39","slug":"le-senegal-a-la-cop28-les-memes-mots-pour-les-memes-maux","status":"publish","type":"post","link":"https:\/\/dekkbi.com\/?p=26244","title":{"rendered":"Le S\u00e9n\u00e9gal \u00e0 la Cop28 : Les m\u00eames mots pour les m\u00eames maux"},"content":{"rendered":"\n<p><strong>Le Pr\u00e9sident Macky Sall s\u2019est envol\u00e9 hier soir pour Duba\u00ef. C\u2019est pour participer \u00e0 la 28e Conf\u00e9rence de l\u2019Organisation des Nations unies sur le climat (Cop28) qui sera une occasion pour le chef de l\u2019Etat de plaider en faveur de l\u2019Afrique par rapport au climat.<\/strong><\/p>\n\n\n\n<p><strong>Par Amadou MBODJI \u2013\u00a0<\/strong>Le Pr\u00e9sident Macky Sall s\u2019est rendu hier nuit \u00e0 Duba\u00ef pour une rencontre sur le climat. Il va participer \u00e0 la 28e Conf\u00e9rence de l\u2019Organisation des Nations unies sur le climat (Cop28), qui d\u00e9bute ce jeudi aux Emirats Arabes Unis. Elle se tiendra jusqu\u2019au 12 d\u00e9cembre 2023 et sera l\u2019occasion pour le chef de l\u2019Etat de porter le continent africain devant les dirigeants du monde entier : financements verts, justice climatique, fonds de compensation. Depuis des ann\u00e9es, le Pr\u00e9sident Sall tente d\u2019obtenir plus de justice \u00e0 l\u2019Afrique dont la r\u00e9silience est moins forte que les autres continents. Alors qu\u2019elle est la moins pollueuse.<\/p>\n\n\n\n<p> \u00abEn effet, le Pr\u00e9sident Macky Sall est tr\u00e8s attendu sur des probl\u00e9matiques d\u00e9terminantes pour l\u2019humanit\u00e9 telles que le doublement du financement de l\u2019adaptation, d\u00e9cid\u00e9 \u00e0 la Cop26 de Glasgow, pour mobiliser 40 milliards de dollars d\u2019ici 2025, l\u2019op\u00e9rationnalisation effective du Fonds cr\u00e9\u00e9 \u00e0 la Cop27 et d\u00e9di\u00e9 aux pertes et dommages associ\u00e9s aux changements climatiques, une transition \u00e9nerg\u00e9tique juste et \u00e9quitable, l\u2019exploitation et la gestion des ressources en eau, les financements verts, la r\u00e9silience \u00e0 la s\u00e9cheresse\u00bb, note le Big. \u00abConcernant la probl\u00e9matique de la r\u00e9silience \u00e0 la s\u00e9cheresse\u00bb, note le Big qui rappelle que \u00able S\u00e9n\u00e9gal et l\u2019Espagne vont d\u2019ailleurs co-organiser une r\u00e9union sur le sujet dans le cadre de l\u2019Alliance pour la r\u00e9silience \u00e0 la s\u00e9cheresse qu\u2019ils ont conjointement lanc\u00e9e \u00e0 la Cop27\u00bb.<\/p>\n\n\n\n<p><strong>Le Pr\u00e9sident Macky Sall et le combat pour la justice climatique<\/strong><\/p>\n\n\n\n<p><br>La justice climatique \u00abreste la question in\u00e9vitable pour le Pr\u00e9sident Macky Sall\u00bb. \u00abProt\u00e9ger le climat en aggravant son fardeau de la dette, alors qu\u2019on pollue le moins et qu\u2019on subit le plus les effets du r\u00e9chauffement climatique, c\u2019est une vraie injustice\u00bb, a-t-il relev\u00e9 en novembre dernier lors du Forum de Paris sur la paix. Pour lui, la situation est alarmante d\u2019autant que nous \u00abpeinons \u00e0 mobiliser les 100 milliards de dollars par an convenus pour soutenir le financement de l\u2019action climatique des pays en d\u00e9veloppement\u00bb. \u00abJe rappelle que nombre de pays africains font des efforts significatifs en mati\u00e8re de transition \u00e9nerg\u00e9tique et de financement de projets verts.\u00bb \u00abLa justice climatique voudrait qu\u2019un continent qui contribue pour moins de 4% des \u00e9missions, et qui en souffre le plus, ne soit pas condamn\u00e9 \u00e0 s\u2019endetter pour r\u00e9parer et pr\u00e9venir des dommages dont il n\u2019est pas responsable\u00bb, dixit le Pr\u00e9sident Macky Sall. Faisant de l\u2019acc\u00e8s universel \u00e0 l\u2019\u00e9lectricit\u00e9 un objectif prioritaire tant au Plan national qu\u2019au niveau continental, le S\u00e9n\u00e9gal, \u00aben mati\u00e8re de transition \u00e9nerg\u00e9tique et de financement de projets verts, s\u2019\u00e9rige en exemple sur le continent africain. \u00abLe 10 novembre 2023, \u00e0 Paris, le Pr\u00e9sident Macky Sall indiquait que 31% de nos capacit\u00e9s \u00e9lectriques install\u00e9es du S\u00e9n\u00e9gal proviennent de sources d\u2019\u00e9nergies renouvelables et l\u2019ambition est de porter ce taux \u00e0 40% d\u2019ici 2030 avec le soutien des partenaires\u00bb, note-t-il. Pour le S\u00e9n\u00e9gal, il y a la promotion des transports collectifs ultramodernes comme le Ter et le Brt, du mix \u00e9nerg\u00e9tique\u2026<br><strong>ambodji@lequotidien.s<\/strong>n<\/p>\n\n\n\n<p><\/p>\n","protected":false},"excerpt":{"rendered":"<p>Le Pr\u00e9sident Macky Sall s\u2019est envol\u00e9 hier soir pour Duba\u00ef. C\u2019est pour participer \u00e0 la 28e Conf\u00e9rence de l\u2019Organisation des<\/p>\n","protected":false},"author":1,"featured_media":26245,"comment_status":"open","ping_status":"open","sticky":false,"template":"","format":"standard","meta":{"footnotes":""},"categories":[6],"tags":[],"class_list":["post-26244","post","type-post","status-publish","format-standard","has-post-thumbnail","hentry","category-politics"],"_links":{"self":[{"href":"https:\/\/dekkbi.com\/index.php?rest_route=\/wp\/v2\/posts\/26244","targetHints":{"allow":["GET"]}}],"collection":[{"href":"https:\/\/dekkbi.com\/index.php?rest_route=\/wp\/v2\/posts"}],"about":[{"href":"https:\/\/dekkbi.com\/index.php?rest_route=\/wp\/v2\/types\/post"}],"author":[{"embeddable":true,"href":"https:\/\/dekkbi.com\/index.php?rest_route=\/wp\/v2\/users\/1"}],"replies":[{"embeddable":true,"href":"https:\/\/dekkbi.com\/index.php?rest_route=%2Fwp%2Fv2%2Fcomments&post=26244"}],"version-history":[{"count":1,"href":"https:\/\/dekkbi.com\/index.php?rest_route=\/wp\/v2\/posts\/26244\/revisions"}],"predecessor-version":[{"id":26246,"href":"https:\/\/dekkbi.com\/index.php?rest_route=\/wp\/v2\/posts\/26244\/revisions\/26246"}],"wp:featuredmedia":[{"embeddable":true,"href":"https:\/\/dekkbi.com\/index.php?rest_route=\/wp\/v2\/media\/26245"}],"wp:attachment":[{"href":"https:\/\/dekkbi.com\/index.php?rest_route=%2Fwp%2Fv2%2Fmedia&parent=26244"}],"wp:term":[{"taxonomy":"category","embeddable":true,"href":"https:\/\/dekkbi.com\/index.php?rest_route=%2Fwp%2Fv2%2Fcategories&post=26244"},{"taxonomy":"post_tag","embeddable":true,"href":"https:\/\/dekkbi.com\/index.php?rest_route=%2Fwp%2Fv2%2Ftags&post=26244"}],"curies":[{"name":"wp","href":"https:\/\/api.w.org\/{rel}","templated":true}]}}