{"id":26233,"date":"2023-11-30T09:27:42","date_gmt":"2023-11-30T09:27:42","guid":{"rendered":"https:\/\/dekkbi.com\/?p=26233"},"modified":"2023-11-30T09:27:45","modified_gmt":"2023-11-30T09:27:45","slug":"budget-2024-plus-de-139-milliards-f-cfa-alloues-au-ministere-des-collectivites-territoriales","status":"publish","type":"post","link":"https:\/\/dekkbi.com\/?p=26233","title":{"rendered":"Budget 2024: Plus de 139 milliards F Cfa allou\u00e9s au minist\u00e8re des Collectivit\u00e9s territoriales"},"content":{"rendered":"\n<p>Le projet de budget du minist\u00e8re des Collectivit\u00e9s territoriales, de l\u2019Am\u00e9nagement et du D\u00e9veloppement des territoires, soumis \u00e0 l\u2019examen des d\u00e9put\u00e9s ce mercredi, s\u2019\u00e9l\u00e8ve \u00e0 139 milliards 756 millions 142 mille 483 francs Cfa en autorisations d\u2019engagement (AE) et en cr\u00e9dits de paiement.<\/p>\n\n\n\n<p>Ce montant a connu une augmentation de 10 milliards&nbsp;560 millions de francs&nbsp;Cfa par rapport \u00e0 l\u2019exercice budg\u00e9taire 2023, en raison principalement de la hausse des fonds transf\u00e9r\u00e9s aux collectivit\u00e9s territoriales.<\/p>\n\n\n\n<p>Pour 2024, les cr\u00e9dits qui seront allou\u00e9s au minist\u00e8re des Collectivit\u00e9s territoriales sont r\u00e9partis entre quatre programmes. L\u2019un d\u2019eux est relatif au pilotage, \u00e0 la coordination et la gestion administrative. Un autre programme porte sur la coh\u00e9rence territoriale. Les deux sont respectivement la gouvernance territoriale et le financement du d\u00e9veloppement territorial.<\/p>\n\n\n\n<p>Dans son rapport, la Commission des Finances souligne que le ministre des Collectivit\u00e9s territoriales, de l\u2019Am\u00e9nagement et du D\u00e9veloppement des territoires, Modou Diagne Fada, a manifest\u00e9 sa volont\u00e9 d\u2019\u00e9changer avec les d\u00e9put\u00e9s&nbsp; sur plusieurs questions relevant&nbsp; de son d\u00e9partement, notamment&nbsp; le renforcement des moyens des collectivit\u00e9s territoriales.<\/p>\n\n\n\n<p>Il a inform\u00e9 que le gouvernement a d\u00e9cid\u00e9 d\u2019augmenter concomitamment les comp\u00e9tences transf\u00e9r\u00e9es et les moyens financiers ad\u00e9quats devant permettre l\u2019effectivit\u00e9 de leur exercice.<\/p>\n\n\n\n<p>Il a ainsi r\u00e9it\u00e9r\u00e9 que \u2018\u2019le d\u00e9veloppement du S\u00e9n\u00e9gal passera n\u00e9cessairement par l\u2019\u00e9mergence des collectivit\u00e9s territoriales\u2019\u2019.<\/p>\n\n\n\n<p>Le ministre des Finances et du Budget, Mamadou Moustapha Ba, et son coll\u00e8gue du Travail,\u00a0 du Dialogue social et des Relations avec les instituions, Samba Sy, prennent part \u00e0\u00a0 la s\u00e9ance pl\u00e9ni\u00e8re sur le budget du minist\u00e8re des Collectivit\u00e9s territoriales.<\/p>\n\n\n\n<p>LESOLEIL<\/p>\n","protected":false},"excerpt":{"rendered":"<p>Le projet de budget du minist\u00e8re des Collectivit\u00e9s territoriales, de l\u2019Am\u00e9nagement et du D\u00e9veloppement des territoires, soumis \u00e0 l\u2019examen des<\/p>\n","protected":false},"author":1,"featured_media":16684,"comment_status":"open","ping_status":"open","sticky":false,"template":"","format":"standard","meta":{"footnotes":""},"categories":[3],"tags":[],"class_list":["post-26233","post","type-post","status-publish","format-standard","has-post-thumbnail","hentry","category-event-more-news"],"_links":{"self":[{"href":"https:\/\/dekkbi.com\/index.php?rest_route=\/wp\/v2\/posts\/26233","targetHints":{"allow":["GET"]}}],"collection":[{"href":"https:\/\/dekkbi.com\/index.php?rest_route=\/wp\/v2\/posts"}],"about":[{"href":"https:\/\/dekkbi.com\/index.php?rest_route=\/wp\/v2\/types\/post"}],"author":[{"embeddable":true,"href":"https:\/\/dekkbi.com\/index.php?rest_route=\/wp\/v2\/users\/1"}],"replies":[{"embeddable":true,"href":"https:\/\/dekkbi.com\/index.php?rest_route=%2Fwp%2Fv2%2Fcomments&post=26233"}],"version-history":[{"count":1,"href":"https:\/\/dekkbi.com\/index.php?rest_route=\/wp\/v2\/posts\/26233\/revisions"}],"predecessor-version":[{"id":26234,"href":"https:\/\/dekkbi.com\/index.php?rest_route=\/wp\/v2\/posts\/26233\/revisions\/26234"}],"wp:featuredmedia":[{"embeddable":true,"href":"https:\/\/dekkbi.com\/index.php?rest_route=\/wp\/v2\/media\/16684"}],"wp:attachment":[{"href":"https:\/\/dekkbi.com\/index.php?rest_route=%2Fwp%2Fv2%2Fmedia&parent=26233"}],"wp:term":[{"taxonomy":"category","embeddable":true,"href":"https:\/\/dekkbi.com\/index.php?rest_route=%2Fwp%2Fv2%2Fcategories&post=26233"},{"taxonomy":"post_tag","embeddable":true,"href":"https:\/\/dekkbi.com\/index.php?rest_route=%2Fwp%2Fv2%2Ftags&post=26233"}],"curies":[{"name":"wp","href":"https:\/\/api.w.org\/{rel}","templated":true}]}}