{"id":26231,"date":"2023-11-30T09:26:42","date_gmt":"2023-11-30T09:26:42","guid":{"rendered":"https:\/\/dekkbi.com\/?p=26231"},"modified":"2023-11-30T09:26:47","modified_gmt":"2023-11-30T09:26:47","slug":"supposee-fuite-dun-detendu-sous-bracelet-electronique-le-ministere-de-la-justice-dement-formellement","status":"publish","type":"post","link":"https:\/\/dekkbi.com\/?p=26231","title":{"rendered":"Suppos\u00e9e fuite d\u2019un d\u00e9tendu sous bracelet \u00e9lectronique: Le minist\u00e8re de la Justice d\u00e9ment formellement\u00a0"},"content":{"rendered":"\n<p>A travers un communiqu\u00e9 publi\u00e9, ce mercredi, le Minist\u00e8re de la Justice r\u00e9fute \u00e9nergiquement les all\u00e9gations selon lesquelles un individu nomm\u00e9 Moustapha Diop aurait fui alors qu\u2019il \u00e9tait plac\u00e9 sous bracelet \u00e9lectronique. Selon le communiqu\u00e9, \u201cil n\u2019existe, dans la base de donn\u00e9es du Centre de surveillance \u00e9lectronique, aucune personne r\u00e9pondant sous cette identit\u00e9\u201d.<\/p>\n\n\n\n<p>Le Minist\u00e8re de la Justice a pris la parole apr\u00e8s qu\u2019une information \u201cerron\u00e9e\u201d a \u00e9t\u00e9 largement diffus\u00e9e par un m\u00e9dia national et reprise par plusieurs organes de presse. L\u2019institution affirme que \u00ab&nbsp;le nomm\u00e9 Moustapha Diop&nbsp;\u00bb est introuvable dans leur syst\u00e8me de surveillance \u00e9lectronique et annonce qu\u2019une enqu\u00eate approfondie sera men\u00e9e pour d\u00e9terminer l\u2019origine de cette fausse information.<\/p>\n\n\n\n<p>L\u2019institution d\u2019ajouter qu\u2019\u00e0 ce jour, aucune personne sous bracelet \u00e9lectronique n\u2019a r\u00e9ussi \u00e0 s\u2019en lib\u00e9rer. Le Minist\u00e8re de la Justice a r\u00e9it\u00e9r\u00e9 son engagement ferme contre toute tentative de d\u00e9sinformation, particuli\u00e8rement sur des sujets aussi sensibles, d\u00e9clarant que de telles actions visant \u00e0 \u00ab\u00a0d\u00e9cr\u00e9dibiliser le fonctionnement ou l\u2019administration de la justice\u00a0\u00bb ne seront pas tol\u00e9r\u00e9es.<\/p>\n\n\n\n<p>LESOLEIL<\/p>\n","protected":false},"excerpt":{"rendered":"<p>A travers un communiqu\u00e9 publi\u00e9, ce mercredi, le Minist\u00e8re de la Justice r\u00e9fute \u00e9nergiquement les all\u00e9gations selon lesquelles un individu<\/p>\n","protected":false},"author":1,"featured_media":23540,"comment_status":"open","ping_status":"open","sticky":false,"template":"","format":"standard","meta":{"footnotes":""},"categories":[21],"tags":[],"class_list":["post-26231","post","type-post","status-publish","format-standard","has-post-thumbnail","hentry","category-societe"],"_links":{"self":[{"href":"https:\/\/dekkbi.com\/index.php?rest_route=\/wp\/v2\/posts\/26231","targetHints":{"allow":["GET"]}}],"collection":[{"href":"https:\/\/dekkbi.com\/index.php?rest_route=\/wp\/v2\/posts"}],"about":[{"href":"https:\/\/dekkbi.com\/index.php?rest_route=\/wp\/v2\/types\/post"}],"author":[{"embeddable":true,"href":"https:\/\/dekkbi.com\/index.php?rest_route=\/wp\/v2\/users\/1"}],"replies":[{"embeddable":true,"href":"https:\/\/dekkbi.com\/index.php?rest_route=%2Fwp%2Fv2%2Fcomments&post=26231"}],"version-history":[{"count":1,"href":"https:\/\/dekkbi.com\/index.php?rest_route=\/wp\/v2\/posts\/26231\/revisions"}],"predecessor-version":[{"id":26232,"href":"https:\/\/dekkbi.com\/index.php?rest_route=\/wp\/v2\/posts\/26231\/revisions\/26232"}],"wp:featuredmedia":[{"embeddable":true,"href":"https:\/\/dekkbi.com\/index.php?rest_route=\/wp\/v2\/media\/23540"}],"wp:attachment":[{"href":"https:\/\/dekkbi.com\/index.php?rest_route=%2Fwp%2Fv2%2Fmedia&parent=26231"}],"wp:term":[{"taxonomy":"category","embeddable":true,"href":"https:\/\/dekkbi.com\/index.php?rest_route=%2Fwp%2Fv2%2Fcategories&post=26231"},{"taxonomy":"post_tag","embeddable":true,"href":"https:\/\/dekkbi.com\/index.php?rest_route=%2Fwp%2Fv2%2Ftags&post=26231"}],"curies":[{"name":"wp","href":"https:\/\/api.w.org\/{rel}","templated":true}]}}