{"id":2623,"date":"2022-11-03T14:10:13","date_gmt":"2022-11-03T14:10:13","guid":{"rendered":"https:\/\/dekkbi.com\/?p=2623"},"modified":"2022-11-03T16:13:48","modified_gmt":"2022-11-03T16:13:48","slug":"le-pape-a-bahrein-pour-dialoguer-avec-lislam-appel-des-ong-sur-les-droits-humains","status":"publish","type":"post","link":"https:\/\/dekkbi.com\/?p=2623","title":{"rendered":"Le pape \u00e0 Bahre\u00efn pour dialoguer avec l&rsquo;islam"},"content":{"rendered":"\n<p>Le pape Fran\u00e7ois s&rsquo;est envol\u00e9 jeudi matin pour une visite de quatre jours \u00e0 Bahre\u00efn, la premi\u00e8re d&rsquo;un souverain pontife dans le petit royaume du Golfe o\u00f9 il devrait insister sur le dialogue avec l&rsquo;islam, sur fond d&rsquo;appels d&rsquo;ONG pour faire respecter les droits humains.<\/p>\n\n\n\n<p>Le souverain pontige, \u00e2g\u00e9 de 85 ans, dont l&rsquo;avion a d\u00e9coll\u00e9 de l&rsquo;a\u00e9roport romain de Fiumicino vers 09H45 (08H45 GMT), est attendu \u00e0 16H45 (13H45 GMT) \u00e0 Awali (centre) o\u00f9 il sera re\u00e7u par le roi sunnite Hamad ben Issa al-Khalifa, avant de prononcer un discours devant les autorit\u00e9s et le corps diplomatique au palais d&rsquo;Al-Sakhir.<\/p>\n\n\n\n<p>Etat insulaire de 1,4 million d&rsquo;habitants, Bahre\u00efn a formalis\u00e9 ses relations diplomatiques avec le Saint-Si\u00e8ge en 2000 et compte quelque 80.000 catholiques selon le Vatican, venus essentiellement d&rsquo;Asie du sud-est, d&rsquo;Afrique, du Moyen-Orient et de pays occidentaux.<\/p>\n\n\n\n<p>Mais cette visite, la 39e \u00e0 l&rsquo;\u00e9tranger de Fran\u00e7ois et la seconde dans la p\u00e9ninsule arabique depuis son voyage historique aux Emirats arabes unis en 2019, devrait surtout faire la part belle au dialogue interreligieux, dont il est un fervent d\u00e9fenseur.<\/p>\n\n\n\n<p>Le pape s&rsquo;exprimera vendredi devant le \u00ab\u00a0Conseil des sages musulmans\u00a0\u00bb \u00e0 la Mosqu\u00e9e du palais royal et rencontrera le grand imam d&rsquo;Al-Azhar du Caire, institution respect\u00e9e de l&rsquo;islam sunnite, avec lequel il avait sign\u00e9 \u00e0 Abou Dhabi un document fondateur sur la fraternit\u00e9 humaine.<\/p>\n\n\n\n<p>\u00ab\u00a0La rencontre de ces deux figures musulmane et chr\u00e9tienne est un honneur pour Bahre\u00efn\u00a0\u00bb, a d\u00e9clar\u00e9 \u00e0 l&rsquo;AFP Cheikh Dr. Abdul Latif Al-Mahmoud, membre du Conseil supr\u00eame des affaires islamiques de Bahre\u00efn.<\/p>\n\n\n\n<p>&#8211; Appel commun &#8211;<\/p>\n\n\n\n<p>Organis\u00e9e dans le cadre d&rsquo;un forum de dialogue entre l&rsquo;Orient et l&rsquo;Occident, cette visite est toutefois point\u00e9e du doigt par les organisations de d\u00e9fense des droits humains qui d\u00e9noncent notamment les discriminations contre la communaut\u00e9 chiite du pays.<\/p>\n\n\n\n<p>Mardi, neuf ONG ont appel\u00e9 le pape \u00e0 \u00ab\u00a0exiger publiquement que Bahre\u00efn mette fin \u00e0 toutes les ex\u00e9cutions, abolisse la peine de mort et enqu\u00eate s\u00e9rieusement sur les all\u00e9gations de torture et les violations du droit \u00e0 un proc\u00e8s \u00e9quitable\u00a0\u00bb.<\/p>\n\n\n\n<p>Dans un rapport publi\u00e9 lundi, Human Rights Watch a critiqu\u00e9 une \u00ab\u00a0marginalisation cibl\u00e9e\u00a0\u00bb de l&rsquo;opposition politique, estimant qu&rsquo;on \u00ab\u00a0ne peut pas qualifier Bahre\u00efn de d\u00e9mocratie\u00a0\u00bb.<\/p>\n\n\n\n<p>De son c\u00f4t\u00e9, le pays entend jouer la carte de la tol\u00e9rance religieuse pour adoucir son image internationale. Le gouvernement a d&rsquo;ailleurs r\u00e9agi en assurant que \u00ab\u00a0la libert\u00e9 de religion et de culte sont des droits prot\u00e9g\u00e9s par la Constitution\u00a0\u00bb.<\/p>\n\n\n\n<p>\u00ab\u00a0Le Royaume ne tol\u00e8re pas la discrimination, la pers\u00e9cution ou la promotion de la division fond\u00e9e sur l&rsquo;appartenance ethnique, la culture ou la foi\u00a0\u00bb, a-t-il ajout\u00e9.<\/p>\n\n\n\n<p>Deux semaines avant le coup d&rsquo;envoi du Mondial controvers\u00e9 au Qatar voisin, le pape pourrait aussi \u00e9voquer les droits des travailleurs immigr\u00e9s et la d\u00e9fense de l&rsquo;environnement, deux th\u00e8mes chers \u00e0 son pontificat.<\/p>\n\n\n\n<p>&#8211; \u00ab\u00a0Joie\u00a0\u00bb &#8211;<\/p>\n\n\n\n<p>Le long des routes, des drapeaux jaune et blanc du Vatican jouxtent ceux du pays et des affiches \u00e0 l&rsquo;effigie du j\u00e9suite argentin ont \u00e9t\u00e9 install\u00e9es comme \u00e0 la cath\u00e9drale Notre-Dame d&rsquo;Arabie, la plus grande \u00e9glise catholique de la p\u00e9ninsule, inaugur\u00e9e en d\u00e9cembre 2021.<\/p>\n\n\n\n<p>Samedi, le pape c\u00e9l\u00e9brera dans un stade une messe \u00e0 laquelle quelque 28.000 chr\u00e9tiens sont attendus, notamment des pays voisins du Golfe.<\/p>\n\n\n\n<p>\u00ab\u00a0Apr\u00e8s le Covid, c&rsquo;est une joie que cette famille (communaut\u00e9 catholique de Bahre\u00efn) revienne\u00a0\u00bb \u00e0 l&rsquo;\u00e9glise, se f\u00e9licite le p\u00e8re Xavier Marian D&rsquo;Souza, cur\u00e9 de l&rsquo;\u00e9glise du Sacr\u00e9-C\u0153ur o\u00f9 le pape se rendra dimanche.<\/p>\n\n\n\n<p>Depuis son \u00e9lection en 2013, le chef des 1,3 milliard de catholiques s&rsquo;est rendu dans une dizaine de pays \u00e0 majorit\u00e9 musulmane, notamment en Jordanie, en Turquie, en Bosnie-Herz\u00e9govine, en Egypte, au Bangladesh, au Maroc et en Irak.<\/p>\n\n\n\n<p>Toujours affaibli par des douleurs au genou, le pape, qui a d\u00fb utiliser une plateforme \u00e9l\u00e9vatrice pour monter \u00e0 bord de son avion, se d\u00e9place d\u00e9sormais en fauteuil roulant. Il avait confi\u00e9 \u00e0 la mi-septembre que sa gonalgie n&rsquo;\u00e9tait \u00ab\u00a0pas encore gu\u00e9rie\u00a0\u00bb.<\/p>\n\n\n\n<p>Par Cl\u00e9ment MELKI avec Layal ABOU RAHAL \u00e0&nbsp;<\/p>\n","protected":false},"excerpt":{"rendered":"<p>Le pape Fran\u00e7ois s&rsquo;est envol\u00e9 jeudi matin pour une visite de quatre jours \u00e0 Bahre\u00efn, la premi\u00e8re d&rsquo;un souverain pontife<\/p>\n","protected":false},"author":1,"featured_media":2626,"comment_status":"open","ping_status":"open","sticky":false,"template":"","format":"standard","meta":{"footnotes":""},"categories":[51],"tags":[],"class_list":["post-2623","post","type-post","status-publish","format-standard","has-post-thumbnail","hentry","category-general"],"_links":{"self":[{"href":"https:\/\/dekkbi.com\/index.php?rest_route=\/wp\/v2\/posts\/2623","targetHints":{"allow":["GET"]}}],"collection":[{"href":"https:\/\/dekkbi.com\/index.php?rest_route=\/wp\/v2\/posts"}],"about":[{"href":"https:\/\/dekkbi.com\/index.php?rest_route=\/wp\/v2\/types\/post"}],"author":[{"embeddable":true,"href":"https:\/\/dekkbi.com\/index.php?rest_route=\/wp\/v2\/users\/1"}],"replies":[{"embeddable":true,"href":"https:\/\/dekkbi.com\/index.php?rest_route=%2Fwp%2Fv2%2Fcomments&post=2623"}],"version-history":[{"count":2,"href":"https:\/\/dekkbi.com\/index.php?rest_route=\/wp\/v2\/posts\/2623\/revisions"}],"predecessor-version":[{"id":2691,"href":"https:\/\/dekkbi.com\/index.php?rest_route=\/wp\/v2\/posts\/2623\/revisions\/2691"}],"wp:featuredmedia":[{"embeddable":true,"href":"https:\/\/dekkbi.com\/index.php?rest_route=\/wp\/v2\/media\/2626"}],"wp:attachment":[{"href":"https:\/\/dekkbi.com\/index.php?rest_route=%2Fwp%2Fv2%2Fmedia&parent=2623"}],"wp:term":[{"taxonomy":"category","embeddable":true,"href":"https:\/\/dekkbi.com\/index.php?rest_route=%2Fwp%2Fv2%2Fcategories&post=2623"},{"taxonomy":"post_tag","embeddable":true,"href":"https:\/\/dekkbi.com\/index.php?rest_route=%2Fwp%2Fv2%2Ftags&post=2623"}],"curies":[{"name":"wp","href":"https:\/\/api.w.org\/{rel}","templated":true}]}}