{"id":26194,"date":"2023-11-29T11:45:11","date_gmt":"2023-11-29T11:45:11","guid":{"rendered":"https:\/\/dekkbi.com\/?p=26194"},"modified":"2023-11-29T12:28:59","modified_gmt":"2023-11-29T12:28:59","slug":"lukraine-ne-cedera-pas-face-a-la-russie-affirme-dmytro-kuleba-a-lotan","status":"publish","type":"post","link":"https:\/\/dekkbi.com\/?p=26194","title":{"rendered":"L&rsquo;Ukraine \u00abne c\u00e9dera pas\u00bb face \u00e0 la Russie"},"content":{"rendered":"\n<p>L&rsquo;Ukraine \u00ab<em>ne c\u00e9dera pas\u00a0<\/em>\u00bb, pour elle-m\u00eame et pour la s\u00e9curit\u00e9 de toute l&rsquo;Alliance atlantique, a affirm\u00e9, mercredi 29 novembre, \u00e0 l&rsquo;Otan le ministre ukrainien des Affaires \u00e9trang\u00e8res Dmytro Kuleba.\u00a0 \u00a0<\/p>\n\n\n\n<p>\u00ab&nbsp;<em>Nous devons continuer \u00e0 nous battre, l&rsquo;Ukraine ne c\u00e9dera pas&nbsp;<\/em>\u00bb, a affirm\u00e9 le ministre ukrainien des Affaires \u00e9trang\u00e8res Dmytro Kuleba devant la presse au si\u00e8ge de l&rsquo;Alliance \u00e0 Bruxelles avant une r\u00e9union du Conseil Ukraine-Otan. \u00ab<em>&nbsp;Notre objectif strat\u00e9gique&nbsp;<\/em>\u00bb, qui est une Ukraine dans ses fronti\u00e8res de 1991, incluant aussi la Crim\u00e9e annex\u00e9e par Moscou en 2014, \u00ab&nbsp;<em>reste inchang\u00e9&nbsp;<\/em>\u00bb, a-t-il dit. Il en va non seulement de la s\u00e9curit\u00e9 de l&rsquo;Ukraine, mais aussi de \u00ab<em>&nbsp;la s\u00e9curit\u00e9 de toute la r\u00e9gion euro-atlantique&nbsp;<\/em>\u00bb, a-t-il encore martel\u00e9.<\/p>\n\n\n\n<h2 class=\"wp-block-heading\">\u00ab<em>On s&rsquo;occupe de se battre<\/em>\u00bb<\/h2>\n\n\n\n<p>Dmytro Kuleba a aussi rappel\u00e9 que l&rsquo;Ukraine ne demandait pas un engagement des Am\u00e9ricains ou des Europ\u00e9ens sur le champ de bataille, mais leur aide pour battre la Russie&nbsp;: \u00ab&nbsp;<em>Notre accord est tr\u00e8s simple, vous nous donnez ce dont nous avons besoin, et nous on s&rsquo;occupe de se battre. Nous ne vous demandons pas de sacrifier vos vies<\/em>&nbsp;\u00bb. L&rsquo;Ukraine r\u00e9clame davantage d&rsquo;armes et de munitions pour \u00eatre en mesure de l&#8217;emporter sur le champ de bataille o\u00f9 les&nbsp;<strong>lignes de front<\/strong>&nbsp;n&rsquo;ont pratiquement plus boug\u00e9 depuis des semaines.<\/p>\n\n\n\n<p>Mais une aide suppl\u00e9mentaire des \u00c9tats-Unis est toujours bloqu\u00e9e au Congr\u00e8s am\u00e9ricain, en raison de r\u00e9ticences de certains \u00e9lus r\u00e9publicains, et les Europ\u00e9ens rechignent &#8211;&nbsp;de leur c\u00f4t\u00e9&nbsp;&#8211; \u00e0 d\u00e9bourser davantage pour aider Kiev. M. Kuleba s&rsquo;est toutefois dit confiant sur un feu vert du Congr\u00e8s et a rappel\u00e9 l&rsquo;engagement des Alli\u00e9s \u00e0 aider l&rsquo;Ukraine. \u00ab&nbsp;<em>Je n&rsquo;ai aucune raison de croire que l&rsquo;Occident manque de volont\u00e9 politique&nbsp;<\/em>\u00bb pour aider l&rsquo;Ukraine, a-t-il affirm\u00e9, interrog\u00e9 sur ces blocages, en Europe ou aux \u00c9tats-Unis.<\/p>\n\n\n\n<h2 class=\"wp-block-heading\">\u00ab<em>L&rsquo;arm\u00e9e la plus forte et la plus exp\u00e9riment\u00e9e sur le champ de bataille\u00a0<\/em>\u00bb<\/h2>\n\n\n\n<p>D\u00e9fendre l&rsquo;Europe &#8211;&nbsp;sans inclure l&rsquo;Ukraine&nbsp;&#8211; serait une \u00ab&nbsp;<em>t\u00e2che futile<\/em>&nbsp;\u00bb, a \u00e9galement averti le ministre ukrainien, plaidant pour l&rsquo;entr\u00e9e de son pays dans l&rsquo;Alliance. D&rsquo;ailleurs, sans l&rsquo;Ukraine, l&rsquo;Otan se priverait de \u00ab&nbsp;<em>l&rsquo;arm\u00e9e la plus forte et la plus exp\u00e9riment\u00e9e sur le champ de bataille&nbsp;<\/em>\u00bb, a-t-il expliqu\u00e9. \u00c0 ceux qui sugg\u00e8rent \u00e0 l&rsquo;Ukraine d&rsquo;abandonner des territoires pour obtenir son entr\u00e9e dans l&rsquo;Otan et une garantie sur sa s\u00e9curit\u00e9, le ministre ukrainien a oppos\u00e9 une fin de non-recevoir.<\/p>\n\n\n\n<p>Interrog\u00e9 sur cette id\u00e9e, avanc\u00e9e par certains face aux difficult\u00e9s sur le terrain et dans le soutien militaire \u00e0 Kiev, M. Kuleba a s\u00e8chement rejet\u00e9 toute hypoth\u00e8se en ce sens. Ceux qui ont de telles id\u00e9es, \u00ab&nbsp;<em>devraient sugg\u00e9rer \u00e0 leurs gouvernements d&rsquo;abandonner leur territoire, d&rsquo;abandonner leur peuple et, s&rsquo;ils le font, alors je suis pr\u00eat \u00e0 \u00e9couter leurs arguments&nbsp;<\/em>\u00bb, a-t-il r\u00e9pondu.<\/p>\n\n\n\n<p>(<em>Avec AFP<\/em>)<\/p>\n\n\n\n<p><\/p>\n","protected":false},"excerpt":{"rendered":"<p>L&rsquo;Ukraine \u00abne c\u00e9dera pas\u00a0\u00bb, pour elle-m\u00eame et pour la s\u00e9curit\u00e9 de toute l&rsquo;Alliance atlantique, a affirm\u00e9, mercredi 29 novembre, \u00e0<\/p>\n","protected":false},"author":1,"featured_media":26195,"comment_status":"open","ping_status":"open","sticky":false,"template":"","format":"standard","meta":{"footnotes":""},"categories":[51],"tags":[],"class_list":["post-26194","post","type-post","status-publish","format-standard","has-post-thumbnail","hentry","category-general"],"_links":{"self":[{"href":"https:\/\/dekkbi.com\/index.php?rest_route=\/wp\/v2\/posts\/26194","targetHints":{"allow":["GET"]}}],"collection":[{"href":"https:\/\/dekkbi.com\/index.php?rest_route=\/wp\/v2\/posts"}],"about":[{"href":"https:\/\/dekkbi.com\/index.php?rest_route=\/wp\/v2\/types\/post"}],"author":[{"embeddable":true,"href":"https:\/\/dekkbi.com\/index.php?rest_route=\/wp\/v2\/users\/1"}],"replies":[{"embeddable":true,"href":"https:\/\/dekkbi.com\/index.php?rest_route=%2Fwp%2Fv2%2Fcomments&post=26194"}],"version-history":[{"count":4,"href":"https:\/\/dekkbi.com\/index.php?rest_route=\/wp\/v2\/posts\/26194\/revisions"}],"predecessor-version":[{"id":26217,"href":"https:\/\/dekkbi.com\/index.php?rest_route=\/wp\/v2\/posts\/26194\/revisions\/26217"}],"wp:featuredmedia":[{"embeddable":true,"href":"https:\/\/dekkbi.com\/index.php?rest_route=\/wp\/v2\/media\/26195"}],"wp:attachment":[{"href":"https:\/\/dekkbi.com\/index.php?rest_route=%2Fwp%2Fv2%2Fmedia&parent=26194"}],"wp:term":[{"taxonomy":"category","embeddable":true,"href":"https:\/\/dekkbi.com\/index.php?rest_route=%2Fwp%2Fv2%2Fcategories&post=26194"},{"taxonomy":"post_tag","embeddable":true,"href":"https:\/\/dekkbi.com\/index.php?rest_route=%2Fwp%2Fv2%2Ftags&post=26194"}],"curies":[{"name":"wp","href":"https:\/\/api.w.org\/{rel}","templated":true}]}}