{"id":2617,"date":"2022-11-03T12:40:57","date_gmt":"2022-11-03T12:40:57","guid":{"rendered":"https:\/\/dekkbi.com\/?p=2617"},"modified":"2022-11-03T16:00:53","modified_gmt":"2022-11-03T16:00:53","slug":"ethiopie-gouvernement-et-rebelles-du-tigre-signent-un-accord-de-cessation-des-hostilites-a-pretoria","status":"publish","type":"post","link":"https:\/\/dekkbi.com\/?p=2617","title":{"rendered":"\u00c9thiopie : gouvernement et rebelles du Tigr\u00e9 signent un accord"},"content":{"rendered":"\n<p><\/p>\n\n\n\n<h2 class=\"wp-block-heading\">Le gouvernement f\u00e9d\u00e9ral \u00e9thiopien et les autorit\u00e9s rebelles du Tigr\u00e9 ont conclu mercredi 2 novembre, \u00e0 Pretoria un accord de cessation des hostilit\u00e9s, \u00e0 moins de 48 heures du 2e anniversaire du conflit meurtrier qui les opposent dans le nord de l&rsquo;Ethiopie.<\/h2>\n\n\n\n<p><a href=\"https:\/\/www.addthis.com\/bookmark.php?v=300\"><\/a><a href=\"https:\/\/www.addthis.com\/bookmark.php?v=300\"><\/a><a href=\"https:\/\/www.addthis.com\/bookmark.php?v=300\" rel=\"noreferrer noopener\" target=\"_blank\"><\/a><a href=\"https:\/\/www.addthis.com\/bookmark.php?v=300\" rel=\"noreferrer noopener\" target=\"_blank\"><\/a><\/p>\n\n\n\n<p><em>\u00ab\u00a0Les deux parties au conflit \u00e9thiopien se sont formellement mis d&rsquo;accord sur une cessation des hostilit\u00e9s, ainsi que sur un d\u00e9sarmement m\u00e9thodique, ordonn\u00e9, en douceur et coordonn\u00e9\u00a0\u00bb<\/em>, a annonc\u00e9 le haut repr\u00e9sentant de l&rsquo;Union africaine (UA) pour la Corne de l&rsquo;Afrique, l&rsquo;ex-pr\u00e9sident nig\u00e9rian Olusegun Obasanjo qui dirigeait la tro\u00efka de m\u00e9diateurs.<\/p>\n\n\n\n<p>Les chefs des deux d\u00e9l\u00e9gations se sont serr\u00e9 la main apr\u00e8s avoir sign\u00e9 cet accord qui pr\u00e9voit aussi, selon Olusegun Obasanjo,&nbsp;<em>\u00ab\u00a0un r\u00e9tablissement de l&rsquo;ordre public, des services (au Tigr\u00e9), un acc\u00e8s sans entrave des fournitures humanitaires, la protection des civils, entre autres\u00a0\u00bb<\/em>.<\/p>\n\n\n\n<p><em>\u00ab\u00a0Ce moment n&rsquo;est pas la fin du processus de paix, mais son d\u00e9but. La mise en \u0153uvre de l&rsquo;accord de paix sign\u00e9 aujourd&rsquo;hui est essentiel\u00a0\u00bb<\/em>, a-t-il averti<\/p>\n\n\n\n<p>Lire la vid\u00e9o<\/p>\n\n\n\n<p>Les d\u00e9tails des dispositions de l&rsquo;accord et de sa mise en \u0153uvre n&rsquo;ont pas \u00e9t\u00e9 d\u00e9voil\u00e9s dans l&rsquo;imm\u00e9diat.<\/p>\n\n\n\n<p>Les m\u00e9diateurs n&rsquo;ont ainsi pas indiqu\u00e9 ce que pr\u00e9voit le document concernant les autres acteurs du conflit, particuli\u00e8rement l&rsquo;arm\u00e9e de l&rsquo;Erythr\u00e9e voisine: Ennemie jur\u00e9e des dirigeants tigr\u00e9ens, elle \u00e9paule l&rsquo;arm\u00e9e f\u00e9d\u00e9rale \u00e9thiopienne au Tigr\u00e9 qui lui est frontalier.<\/p>\n\n\n\n<p>Asmara n&rsquo;a pas r\u00e9agi dans l&rsquo;imm\u00e9diat. L&rsquo;arm\u00e9e \u00e9thiopienne re\u00e7oit aussi le soutien de troupes r\u00e9guli\u00e8res et milices des r\u00e9gions de l&rsquo;Amhara et de l&rsquo;Afar voisines du Tigr\u00e9.<\/p>\n\n\n\n<h2 class=\"wp-block-heading\"><em>\u00ab\u00a0Diable dans les d\u00e9tails\u00a0\u00bb<\/em><\/h2>\n\n\n\n<p>Les deux parties signataires&nbsp;<em>\u00ab\u00a0ne sont pas les deux seuls groupes ayant un r\u00f4le \u00e0 jouer pour la paix en&nbsp;Ethiopie\u00a0\u00bb<\/em>, a relev\u00e9 l&rsquo;ancienne vice-pr\u00e9sidente sud-africaine Phumzile Mlambo-Ngcuka, membre de la tro\u00efka, demandant aux signataires de&nbsp;<em>\u00ab\u00a0partager cet accord\u00a0\u00bb<\/em>&nbsp;afin que&nbsp;<em>\u00ab\u00a0de nombreux autres y adh\u00e8rent\u00a0\u00bb<\/em>.<\/p>\n\n\n\n<p>Le chef de la d\u00e9l\u00e9gation du gouvernement \u00e9thiopien, Redwan Hussein, conseiller \u00e0 la S\u00e9curit\u00e9 nationale du Premier ministre Abiy Ahmed, a salu\u00e9<em>&nbsp;\u00ab\u00a0l&rsquo;engagement constructif\u00a0\u00bb<\/em>&nbsp;des bellig\u00e9rants&nbsp;<em>\u00ab\u00a0pour mettre fin \u00e0 cet \u00e9pisode tragique\u00a0\u00bb<\/em>.<\/p>\n\n\n\n<p>Cet accord montre&nbsp;<em>\u00ab\u00a0la volont\u00e9 des deux parties de laisser le pass\u00e9 derri\u00e8re eux\u00a0\u00bb<\/em>, a abond\u00e9 Getachew Reda, qui dirige la d\u00e9l\u00e9gation des autorit\u00e9s rebelles du Tigr\u00e9, disant esp\u00e9rer que<em>&nbsp;\u00ab\u00a0les deux parties respectent leurs engagements\u00a0\u00bb<\/em>.<\/p>\n\n\n\n<p><em>\u00ab\u00a0Au moment o\u00f9 nous parlons, des milliers de combattants et civils perdent la vie. Il est donc important non seulement de signer cet accord mais aussi qu&rsquo;il soit imm\u00e9diatement mis en oeuvre\u00a0\u00bb<\/em>, a-t-il ajout\u00e9, soulignant que sa d\u00e9l\u00e9gation avait&nbsp;<em>\u00ab\u00a0fait des concessions\u00a0\u00bb<\/em>&nbsp;pour&nbsp;<em>\u00ab\u00a0b\u00e2tir la confiance\u00a0\u00bb<\/em>.<\/p>\n\n\n\n<p>Troisi\u00e8me membre de la tro\u00efka, l&rsquo;ex-pr\u00e9sident k\u00e9nyan Uhuru Kenyatta a averti:&nbsp;<em>\u00ab\u00a0le diable se nichera dans les d\u00e9tails, mais nous pensons que les parties tiendront parole\u00a0\u00bb<\/em>.<\/p>\n\n\n\n<p><em>\u00ab\u00a0Beaucoup reste \u00e0 faire. La confiance doit se construire. Nous y aiderons\u00a0\u00bb<\/em>, a-t-il assur\u00e9.<\/p>\n\n\n\n<p>Dans la soir\u00e9e, le Premier ministre \u00e9thiopien Abiy Ahmed a fait part de son engagement&nbsp;<em>\u00ab\u00a0fort\u00a0\u00bb<\/em>&nbsp;\u00e0 mettre en oeuvre l&rsquo;accord dans un message de remerciement aux m\u00e9diateurs de l&rsquo;UA.<\/p>\n\n\n\n<p>St\u00e9phane Dujarric,&nbsp;porte-parole du secr\u00e9taire g\u00e9n\u00e9ral de l&rsquo;ONU Antonio Guterres, a salu\u00e9&nbsp;<em>\u00ab\u00a0une premi\u00e8re \u00e9tape vraiment bienvenue\u00a0\u00bb<\/em>. Cela&nbsp;<em>\u00ab\u00a0repr\u00e9sente une importante \u00e9tape pour la paix\u00a0\u00bb<\/em>, a soulign\u00e9 le porte-parole du d\u00e9partement d&rsquo;Etat am\u00e9ricain Ned Price.<\/p>\n\n\n\n<p>Les d\u00e9l\u00e9gations du gouvernement f\u00e9d\u00e9ral \u00e9thiopien et des autorit\u00e9s rebelles du Tigr\u00e9 discutaient depuis le 25 octobre \u00e0 Pretoria sous l&rsquo;\u00e9gide de l&rsquo;UA.<\/p>\n\n\n\n<h2 class=\"wp-block-heading\"><em>\u00ab\u00a0Crimes de guerre et contre l&rsquo;humanit\u00e9\u00a0\u00bb<\/em><\/h2>\n\n\n\n<p>Pendant les discussions, les combats ont continu\u00e9 au Tigr\u00e9, o\u00f9 progressent depuis mi-octobre les forces f\u00e9d\u00e9rales \u00e9thiopiennes et alli\u00e9es.<\/p>\n\n\n\n<p>Soutenus par des bombardements d&rsquo;artillerie et a\u00e9riens, elles se sont empar\u00e9s r\u00e9cemment de plusieurs villes d&rsquo;importance de la r\u00e9gion rebelle.<br><br><strong>(Re)lire&nbsp;<a href=\"https:\/\/information.tv5monde.com\/afrique\/ethiopie-des-crimes-de-guerre-et-contre-l-humanite-probablement-commis-au-tigre-472004\" rel=\"noreferrer noopener\" target=\"_blank\">\u00c9thiopie : des crimes de guerre et contre l&rsquo;humanit\u00e9 probablement commis au Tigr\u00e9<\/a><\/strong><\/p>\n\n\n\n<p>La presse n&rsquo;a pas acc\u00e8s au nord de l&rsquo;Ethiopie&nbsp;et les communications y fonctionnent de fa\u00e7on al\u00e9atoire, rendant impossible toute v\u00e9rification ind\u00e9pendante. Il n&rsquo;\u00e9tait notamment pas possible de savoir dans l&rsquo;imm\u00e9diat si les armes s&rsquo;\u00e9taient tus mercredi 3 novembre au soir au Tigr\u00e9.<\/p>\n\n\n\n<p>Le bilan du conflit, marqu\u00e9 par d&rsquo;innombrables exactions et qui se d\u00e9roule largement \u00e0 huis clos, est inconnu, mais l&rsquo;International Crisis Group (ICG) et Amnesty international (AI) le d\u00e9crivent comme&nbsp;<em>\u00ab\u00a0l&rsquo;un des plus meurtriers au monde\u00a0\u00bb<\/em>.<br><\/p>\n\n\n\n<p><em>\u00ab\u00a0Toutes les parties se sont rendues responsables de graves violations, dont des crimes de guerre et crimes contre l&rsquo;humanit\u00e9\u00a0\u00bb<\/em>, a affirm\u00e9 mercredi 3 novembre Amnesty international, citant&nbsp;<em>\u00ab\u00a0ex\u00e9cutions sommaires\u00a0\u00bb<\/em>&nbsp;et&nbsp;<em>\u00ab\u00a0violences sexuelles\u00a0\u00bb<\/em>.<\/p>\n\n\n\n<p>Le conflit a commenc\u00e9 le 4 novembre 2020 quand Abiy Ahmed a envoy\u00e9 l&rsquo;arm\u00e9e f\u00e9d\u00e9rale arr\u00eater les dirigeants de l&rsquo;ex\u00e9cutif du Tigr\u00e9 qui contestaient son autorit\u00e9 depuis plusieurs mois et qu&rsquo;il accusait d&rsquo;avoir attaqu\u00e9 une base militaire f\u00e9d\u00e9rale.<br><br><strong>(Re)lire&nbsp;<a href=\"https:\/\/information.tv5monde.com\/afrique\/ethiopie-les-faux-semblants-du-premier-ministre-abyi-ahmed-dans-la-guerre-au-tigre-440770\" rel=\"noreferrer noopener\" target=\"_blank\">\u00c9thiopie : les faux-semblants du premier ministre Abiy Ahmed dans la guerre au Tigr\u00e9<\/a><\/strong><\/p>\n\n\n\n<p>La guerre a provoqu\u00e9 une catastrophe humanitaire dans le nord de l&rsquo;Ethiopie, d\u00e9pla\u00e7ant plus de deux millions d\u2019Ethiopiens et plongeant des centaines de milliers de personnes dans des conditions proches de la famine, selon l&rsquo;ONU.<\/p>\n\n\n\n<p>Le Conseil des droits de l&rsquo;Homme de l&rsquo;ONU a vendredi&nbsp;<em>\u00ab\u00a0dress\u00e9 un tableau tr\u00e8s sombre\u00a0\u00bb<\/em>&nbsp;de la situation au Tigr\u00e9, quasiment coup\u00e9 du monde, \u00e9voquant&nbsp;<em>\u00ab\u00a0l&rsquo;obstruction \u00e0 l&rsquo;acc\u00e8s \u00e0 la nourriture, aux m\u00e9dicaments, et \u00e0 des services de base\u00a0\u00bb<\/em>.<\/p>\n\n\n\n<p>La Tigr\u00e9 est largement priv\u00e9 d&rsquo;\u00e9lectricit\u00e9, de t\u00e9l\u00e9communications et de services bancaires depuis plus d&rsquo;un an. La reprise des combats a \u00e9galement interrompu le gros de la livraison d&rsquo;aide humanitaire vers la r\u00e9gion.<video preload=\"auto\" src=\"https:\/\/vodinfo.tv5monde.com\/videos\/b6\/5900642.mp4\">Lire la vid\u00e9o<\/p>\n\n\n\n<p><\/p>\n","protected":false},"excerpt":{"rendered":"<p>Le gouvernement f\u00e9d\u00e9ral \u00e9thiopien et les autorit\u00e9s rebelles du Tigr\u00e9 ont conclu mercredi 2 novembre, \u00e0 Pretoria un accord de<\/p>\n","protected":false},"author":1,"featured_media":2618,"comment_status":"open","ping_status":"open","sticky":false,"template":"","format":"standard","meta":{"footnotes":""},"categories":[51],"tags":[],"class_list":["post-2617","post","type-post","status-publish","format-standard","has-post-thumbnail","hentry","category-general"],"_links":{"self":[{"href":"https:\/\/dekkbi.com\/index.php?rest_route=\/wp\/v2\/posts\/2617","targetHints":{"allow":["GET"]}}],"collection":[{"href":"https:\/\/dekkbi.com\/index.php?rest_route=\/wp\/v2\/posts"}],"about":[{"href":"https:\/\/dekkbi.com\/index.php?rest_route=\/wp\/v2\/types\/post"}],"author":[{"embeddable":true,"href":"https:\/\/dekkbi.com\/index.php?rest_route=\/wp\/v2\/users\/1"}],"replies":[{"embeddable":true,"href":"https:\/\/dekkbi.com\/index.php?rest_route=%2Fwp%2Fv2%2Fcomments&post=2617"}],"version-history":[{"count":2,"href":"https:\/\/dekkbi.com\/index.php?rest_route=\/wp\/v2\/posts\/2617\/revisions"}],"predecessor-version":[{"id":2687,"href":"https:\/\/dekkbi.com\/index.php?rest_route=\/wp\/v2\/posts\/2617\/revisions\/2687"}],"wp:featuredmedia":[{"embeddable":true,"href":"https:\/\/dekkbi.com\/index.php?rest_route=\/wp\/v2\/media\/2618"}],"wp:attachment":[{"href":"https:\/\/dekkbi.com\/index.php?rest_route=%2Fwp%2Fv2%2Fmedia&parent=2617"}],"wp:term":[{"taxonomy":"category","embeddable":true,"href":"https:\/\/dekkbi.com\/index.php?rest_route=%2Fwp%2Fv2%2Fcategories&post=2617"},{"taxonomy":"post_tag","embeddable":true,"href":"https:\/\/dekkbi.com\/index.php?rest_route=%2Fwp%2Fv2%2Ftags&post=2617"}],"curies":[{"name":"wp","href":"https:\/\/api.w.org\/{rel}","templated":true}]}}