{"id":26166,"date":"2023-11-29T10:58:26","date_gmt":"2023-11-29T10:58:26","guid":{"rendered":"https:\/\/dekkbi.com\/?p=26166"},"modified":"2023-11-29T11:02:14","modified_gmt":"2023-11-29T11:02:14","slug":"commission-de-regulation-du-loyer-des-locaux-a-usage-dhabitation-les-12-membres-du-conseil-dorientation-installes","status":"publish","type":"post","link":"https:\/\/dekkbi.com\/?p=26166","title":{"rendered":""},"content":{"rendered":"\n<p> &#8211; ECONOMIE &#8211; <strong>Commission de r\u00e9gulation du loyer des locaux \u00e0 usage d\u2019habitation: Les 12 membres du Conseil d\u2019orientation install\u00e9s<\/strong>.<\/p>\n\n\n\n<p>Le ministre du Commerce, de la consommation et des petites et moyennes entreprises a install\u00e9 hier, les 12 membres du Conseil d\u2019orientation de la Commission nationale de la r\u00e9gulation du loyer des locaux \u00e0 usage d\u2019habitation\u00a0 (Conarel). Une occasion pour Abdou Karim Fofana de faire le point et de donner les orientations en vue d\u2019une meilleure prise en charge des questions locatives au S\u00e9n\u00e9gal, apr\u00e8s pr\u00e8s de neuf mois de la mise en place de l\u2019organe en charge de la r\u00e9gulation du loyer.<\/p>\n\n\n\n<p>\u00abL\u2019installation de ce conseil et de ses membres vient \u00e0 son heure, en ce qu\u2019il facilite le travail du Secr\u00e9tariat ex\u00e9cutif qui officiait depuis l\u2019annonce de la baisse des loyers, dans un contexte d\u2019urgence et de n\u00e9cessit\u00e9 absolues\u00bb, a d\u00e9clar\u00e9 le ministre cit\u00e9 dans un communiqu\u00e9 de son d\u00e9partement. Le loyer poursuit-il, \u00abconna\u00eet de nos jours un rench\u00e9rissement continu et conf\u00e8re aux charges de location un poids de plus en plus important dans le pouvoir d\u2019achat des m\u00e9nages\u00bb. Face \u00e0 cette situation, rappelle le document, \u00abdes mesures allant dans le sens de la cr\u00e9ation d\u2019un syst\u00e8me d\u2019encadrement, de contr\u00f4le et de suivi bien structur\u00e9 du secteur et de ses acteurs ont \u00e9t\u00e9 prises. Lesquelles mesures devraient contribuer \u00e0 redynamiser les dispositions l\u00e9gislatives et r\u00e8glementaires obsol\u00e8tes pr\u00e9existantes, mais aussi la restauration de la confiance entre bailleurs et locataires et entre les acteurs du secteur immobilier\u00bb.<\/p>\n\n\n\n<p>Pour l\u2019atteinte de tels objectifs, estime Abdou Karim Fofana, \u00abl\u2019implication et l\u2019engagement de tous les membres du Conseil d\u2019orientation de la Conarel seront d\u00e9terminants, de m\u00eame qu\u2019une adaptation aux exigences du moment, en mati\u00e8re de communication et de sensibilisation, en misant sur le digital et sur les organisations communautaires \u00e0 la base comme les relais et les badi\u00e9nou gox\u00bb.<\/p>\n\n\n\n<p>Depuis la cr\u00e9ation de la Conarel, par d\u00e9cret n\u00b02023-446 du 1er mars 2023, son Secr\u00e9tariat ex\u00e9cutif&nbsp; s\u2019est d\u00e9ploy\u00e9 dans l\u2019application du nouveau dispositif, notamment par l\u2019installation de toutes les commissions r\u00e9gionales et d\u00e9partementales.<\/p>\n\n\n\n<p>Pour le ministre Fofana, la mission consiste \u00e0 \u00abne plus laisser le locataire qui se sent l\u00e9s\u00e9 dans une situation de d\u00e9sarroi et d\u2019impuissance, ne plus ignorer le bailleur qui pense \u00eatre dans son bon droit et en un mot construire, entre les parties prenantes, une relation de confiance solide comme les b\u00e2tisses qui abritent et prot\u00e8gent les foyers\u00bb.<\/p>\n\n\n\n<p><br><strong>Par Amadou MBODJI \u2013 ambodji@lequotidien.sn<\/strong><\/p>\n","protected":false},"excerpt":{"rendered":"<p>&#8211; ECONOMIE &#8211; Commission de r\u00e9gulation du loyer des locaux \u00e0 usage d\u2019habitation: Les 12 membres du Conseil d\u2019orientation install\u00e9s.<\/p>\n","protected":false},"author":1,"featured_media":26167,"comment_status":"open","ping_status":"open","sticky":false,"template":"","format":"standard","meta":{"footnotes":""},"categories":[3],"tags":[],"class_list":["post-26166","post","type-post","status-publish","format-standard","has-post-thumbnail","hentry","category-event-more-news"],"_links":{"self":[{"href":"https:\/\/dekkbi.com\/index.php?rest_route=\/wp\/v2\/posts\/26166","targetHints":{"allow":["GET"]}}],"collection":[{"href":"https:\/\/dekkbi.com\/index.php?rest_route=\/wp\/v2\/posts"}],"about":[{"href":"https:\/\/dekkbi.com\/index.php?rest_route=\/wp\/v2\/types\/post"}],"author":[{"embeddable":true,"href":"https:\/\/dekkbi.com\/index.php?rest_route=\/wp\/v2\/users\/1"}],"replies":[{"embeddable":true,"href":"https:\/\/dekkbi.com\/index.php?rest_route=%2Fwp%2Fv2%2Fcomments&post=26166"}],"version-history":[{"count":6,"href":"https:\/\/dekkbi.com\/index.php?rest_route=\/wp\/v2\/posts\/26166\/revisions"}],"predecessor-version":[{"id":26173,"href":"https:\/\/dekkbi.com\/index.php?rest_route=\/wp\/v2\/posts\/26166\/revisions\/26173"}],"wp:featuredmedia":[{"embeddable":true,"href":"https:\/\/dekkbi.com\/index.php?rest_route=\/wp\/v2\/media\/26167"}],"wp:attachment":[{"href":"https:\/\/dekkbi.com\/index.php?rest_route=%2Fwp%2Fv2%2Fmedia&parent=26166"}],"wp:term":[{"taxonomy":"category","embeddable":true,"href":"https:\/\/dekkbi.com\/index.php?rest_route=%2Fwp%2Fv2%2Fcategories&post=26166"},{"taxonomy":"post_tag","embeddable":true,"href":"https:\/\/dekkbi.com\/index.php?rest_route=%2Fwp%2Fv2%2Ftags&post=26166"}],"curies":[{"name":"wp","href":"https:\/\/api.w.org\/{rel}","templated":true}]}}