{"id":26147,"date":"2023-11-29T10:22:43","date_gmt":"2023-11-29T10:22:43","guid":{"rendered":"https:\/\/dekkbi.com\/?p=26147"},"modified":"2023-11-29T12:01:34","modified_gmt":"2023-11-29T12:01:34","slug":"coupe-du-monde-u17-france-allemagne-laffiche-de-la-finale","status":"publish","type":"post","link":"https:\/\/dekkbi.com\/?p=26147","title":{"rendered":"U17: France-Allemagne en finale"},"content":{"rendered":"\n<p>L\u2019affiche de la finale de la Coupe du Monde des moins de 17 ans opposera l\u2019Allemagne \u00e0 la France. Apr\u00e8s avoir vaincu le Burkina Faso en phase de poules et \u00e9limin\u00e9 le S\u00e9n\u00e9gal en huiti\u00e8mes de finale, l\u2019\u00e9quipe fran\u00e7aise est sortie victorieuse face au Mali en demi-finale (2-1) \u00e0 l\u2019issue d\u2019une rencontre intens\u00e9ment disput\u00e9e.<\/p>\n\n\n\n<p>La p\u00e9pite malienne, Ibrahim Diarra, a ouvert le score \u00e0 la 45\u00e8me minute. En seconde p\u00e9riode, les jeunes Fran\u00e7ais ont tir\u00e9 profit de l\u2019expulsion de Souleymane Sanogo \u00e0 la 53e minute pour \u00e9galiser gr\u00e2ce \u00e0 Yvann Titi (56e) avant de sceller la victoire par un but d\u2019Ismail Bouneb \u00e0 la 69e minute.<\/p>\n\n\n\n<p>\u00a0Ainsi, apr\u00e8s s\u2019\u00eatre affront\u00e9es en finale du championnat d\u2019Europe de la cat\u00e9gorie, remport\u00e9e par l\u2019Allemagne, les deux grandes nations europ\u00e9ennes se retrouvent \u00e0 nouveau pour la finale de la Coupe du Monde des moins de 17 ans.<\/p>\n\n\n\n<p>LESOLEIL<\/p>\n","protected":false},"excerpt":{"rendered":"<p>L\u2019affiche de la finale de la Coupe du Monde des moins de 17 ans opposera l\u2019Allemagne \u00e0 la France. Apr\u00e8s<\/p>\n","protected":false},"author":1,"featured_media":26148,"comment_status":"open","ping_status":"open","sticky":false,"template":"","format":"standard","meta":{"footnotes":""},"categories":[9],"tags":[],"class_list":["post-26147","post","type-post","status-publish","format-standard","has-post-thumbnail","hentry","category-sports"],"_links":{"self":[{"href":"https:\/\/dekkbi.com\/index.php?rest_route=\/wp\/v2\/posts\/26147","targetHints":{"allow":["GET"]}}],"collection":[{"href":"https:\/\/dekkbi.com\/index.php?rest_route=\/wp\/v2\/posts"}],"about":[{"href":"https:\/\/dekkbi.com\/index.php?rest_route=\/wp\/v2\/types\/post"}],"author":[{"embeddable":true,"href":"https:\/\/dekkbi.com\/index.php?rest_route=\/wp\/v2\/users\/1"}],"replies":[{"embeddable":true,"href":"https:\/\/dekkbi.com\/index.php?rest_route=%2Fwp%2Fv2%2Fcomments&post=26147"}],"version-history":[{"count":2,"href":"https:\/\/dekkbi.com\/index.php?rest_route=\/wp\/v2\/posts\/26147\/revisions"}],"predecessor-version":[{"id":26207,"href":"https:\/\/dekkbi.com\/index.php?rest_route=\/wp\/v2\/posts\/26147\/revisions\/26207"}],"wp:featuredmedia":[{"embeddable":true,"href":"https:\/\/dekkbi.com\/index.php?rest_route=\/wp\/v2\/media\/26148"}],"wp:attachment":[{"href":"https:\/\/dekkbi.com\/index.php?rest_route=%2Fwp%2Fv2%2Fmedia&parent=26147"}],"wp:term":[{"taxonomy":"category","embeddable":true,"href":"https:\/\/dekkbi.com\/index.php?rest_route=%2Fwp%2Fv2%2Fcategories&post=26147"},{"taxonomy":"post_tag","embeddable":true,"href":"https:\/\/dekkbi.com\/index.php?rest_route=%2Fwp%2Fv2%2Ftags&post=26147"}],"curies":[{"name":"wp","href":"https:\/\/api.w.org\/{rel}","templated":true}]}}