{"id":26111,"date":"2023-11-28T11:00:09","date_gmt":"2023-11-28T11:00:09","guid":{"rendered":"https:\/\/dekkbi.com\/?p=26111"},"modified":"2023-11-28T11:00:10","modified_gmt":"2023-11-28T11:00:10","slug":"premieres-transplantations-renales-macky-tire-le-chapeau-au-corps-medical","status":"publish","type":"post","link":"https:\/\/dekkbi.com\/?p=26111","title":{"rendered":"Premi\u00e8res transplantations r\u00e9nales : Macky tire le chapeau au corps m\u00e9dical"},"content":{"rendered":"\n<p>La transplantation r\u00e9nale est d\u00e9sormais une r\u00e9alit\u00e9 au S\u00e9n\u00e9gal. Dimanche, les premi\u00e8res transplantations r\u00e9nales ont \u00e9t\u00e9 r\u00e9alis\u00e9es \u00e0 l\u2019H\u00f4pital militaire de Ouakam.Par Dieynaba KANE \u2013 Le S\u00e9n\u00e9gal fait partie d\u00e9sormais du cercle restreint des pays o\u00f9 la transplantation r\u00e9nale est effectu\u00e9e. <\/p>\n\n\n\n<p>En effet, une grande avanc\u00e9e a \u00e9t\u00e9 not\u00e9e dans le domaine de la m\u00e9decine avec les premi\u00e8res transplantations r\u00e9nales r\u00e9alis\u00e9es dimanche \u00e0 l\u2019h\u00f4pital militaire de Ouakam. Le Conseil national du don et de la transplantation (Cndt) renseigne que l\u2019op\u00e9ration s\u2019est bien d\u00e9roul\u00e9e et \u00ables couples donneurs receveurs vont actuellement bien\u00bb.<\/p>\n\n\n\n<p>Dans un communiqu\u00e9, le Cndt, pr\u00e9sid\u00e9 par le Pr El Hadj Fary Ka, s\u2019est r\u00e9joui du fait que \u00abla transplantation r\u00e9nale est devenue une r\u00e9alit\u00e9 dans notre pays\u00bb.Dans le m\u00eame document, il est soulign\u00e9 que \u00abcette performance hisse notre R\u00e9publique dans le cercle restreint des nations offrant ce type de soins \u00e0 la population\u00bb. <\/p>\n\n\n\n<p>En outre, le Cndt soutient dans son communiqu\u00e9 que les transplantations r\u00e9nales donnent un \u00abregain d\u2019esp\u00e9rance aux nombreux patients en attente de greffe et en dialyse\u00bb. Dans la m\u00eame veine, il ajoute que ces premiers pas seront suivis de beaucoup d\u2019autres afin que \u00abla suppl\u00e9ance par h\u00e9modialyse ne soit plus la seule solution offerte aux patients atteints de maladie r\u00e9nale terminale\u00bb.<\/p>\n\n\n\n<p>Le Pr Alain Khassim Ndoye, chef de service d\u2019urologie de l\u2019h\u00f4pital Aristide Le Dantec, qui a salu\u00e9 cette avanc\u00e9e dans une note, estime que \u00abl\u2019effet le plus important de cette premi\u00e8re \u00e9tape\u00bb, c\u2019est de \u00abrestaurer l\u2019espoir de ceux qui souffrent\u00bb.<\/p>\n\n\n\n<p> Et d\u2019expliquer : \u00abNous qui avons vu les \u00e9changes de regard entre couples donneurs et receveurs, ce que nous retenons c\u2019est l\u2019espoir. Si en m\u00e9decine tout le monde sait que le d\u00e9sespoir raccourcit la vie des patients porteurs de maladies chroniques, nombreux sont ceux qui ignorent ou oublient que dans le m\u00eame cas l\u2019espoir fait vivre et prolonge la vie.\u00bb<\/p>\n\n\n\n<p>D\u2019apr\u00e8s le Pr Ndoye, \u00abcette \u00e9quipe (H\u00f4pital militaire de Ouakam) Hmo &#8211; Le Dantec a depuis le d\u00e9but de son aventure surmont\u00e9 des obstacles, des difficult\u00e9s, des peines en regardant dans les yeux la souffrance des malades, et surtout parmi eux ceux qui n\u2019avaient aucune chance d\u2019aller se faire soigner \u00e0 l\u2019\u00e9tranger\u00bb.<\/p>\n\n\n\n<p>Poursuivant ses propos, il ajoute : \u00abNous savons et ils savent que tout le monde ne pourra pas \u00eatre transplant\u00e9, mais ils ont l\u2019espoir et nous aussi que les progr\u00e8s vont maintenant aller plus vite, ils peuvent se dire, au lieu de penser \u00e0 leur fin, pourquoi pas moi un jour ?\u00bb <\/p>\n\n\n\n<p>L\u2019autre enjeu relev\u00e9 par le Pr Ndoye, c\u2019est le fait que \u00abtous ces parents et alli\u00e9s, d\u00e9sarm\u00e9s devant le calvaire et la souffrance de leur proche malade, se diront enfin je peux faire quelque chose, je peux donner mon rein\u2026\u00bb.<\/p>\n\n\n\n<p>Par ailleurs, le Conseil national du don et de la transplantation rappelle qu\u2019il a mis en place, \u00abdepuis sa cr\u00e9ation par d\u00e9cret no 2018-1583 et la nomination de ses membres par d\u00e9cret no 2019-0842, les textes l\u00e9gislatifs et r\u00e9glementaires n\u00e9cessaires encadrant la transplantation\u00bb. <\/p>\n\n\n\n<p>Par la suite, renseigne la m\u00eame source, \u00abl\u2019h\u00f4pital Le Dantec et l\u2019h\u00f4pital militaire de Ouakam ont contract\u00e9 une convention de partenariat pour la transplantation r\u00e9nale depuis 2021, et ont sollicit\u00e9 ensemble un agr\u00e9ment du minist\u00e8re de la Sant\u00e9 sous le nom du Consortium Hmo-H\u00f4pital Le Dantec\u00bb. <\/p>\n\n\n\n<p>C\u2019est apr\u00e8s \u00e9valuation, par le Cndt, que \u00abcet agr\u00e9ment leur a \u00e9t\u00e9 octroy\u00e9 pour deux ans par l\u2019arr\u00eat\u00e9 no 2023-011861 du 17 avril du minist\u00e8re de la Sant\u00e9 et de l\u2019action sociale\u00bb.Macky salue une \u00abexcellente performance\u00bb.<\/p>\n\n\n\n<p>Lors de l\u2019ouverture du Forum paix et s\u00e9curit\u00e9 de Dakar hier, Macky Sall a salu\u00e9, lundi, la premi\u00e8re op\u00e9ration r\u00e9ussie de transplantation r\u00e9nale effectu\u00e9e par des \u00e9quipes m\u00e9dicales de Le Dantec et de l\u2019Hopital militaire de Oukam. Il a salu\u00e9 une excellente performance qui participe \u00e0 l\u2019Afrique des solutions. <\/p>\n\n\n\n<p>\u00abParler de cette Afrique des solutions m\u2019am\u00e8ne \u00e0 saluer l\u2019excellente performance r\u00e9ussie hier [dimanche] par nos \u00e9quipes m\u00e9dicales, sous la conduite du professeur El Hadji Fary Ka, qui ont r\u00e9ussi les deux premi\u00e8res op\u00e9rations de transplantation r\u00e9nale\u00bb au S\u00e9n\u00e9gal, s\u2019est f\u00e9licit\u00e9 le chef de l\u2019Etat.<\/p>\n\n\n\n<p>Macky Sall pronon\u00e7ait le discours d\u2019ouverture de la neuvi\u00e8me \u00e9dition du Forum international de Dakar sur la paix et la s\u00e9curit\u00e9 en Afrique dont le th\u00e8me de cette ann\u00e9e est : \u00abL\u2019Afrique des potentiels et des solutions face aux d\u00e9fis s\u00e9curitaires et \u00e0 l\u2019instabilit\u00e9 institutionnelle.\u00bb<\/p>\n\n\n\n<p>Insistant sur le fait que \u00abl\u2019Afrique des solutions est \u00e0 notre port\u00e9e\u00bb, Macky Sall a relev\u00e9 que la performance r\u00e9ussie par les \u00e9quipes m\u00e9dicales du S\u00e9n\u00e9gal devrait aider \u00e0 \u00abla lutte contre les maladies chroniques qui co\u00fbtent tr\u00e8s cher \u00e0 l\u2019Afrique\u00bb.\u00abLes maladies chroniques tuent beaucoup de gens en Afrique, avec les centres de dialyse, quel que soit leur nombre, on va dire que ce n\u2019est pas suffisant\u00bb, a martel\u00e9 le chef de l\u2019Etat. <\/p>\n\n\n\n<p>Apr\u00e8s cette premi\u00e8re exp\u00e9rience r\u00e9ussie de transformation r\u00e9nale, \u00abnous avons d\u00e9cid\u00e9 de travailler avec d\u2019autres transformations, comme les yeux, la transplantation oculaire. Je ne suis pas m\u00e9decin, donc je ne vais pas m\u2019aventurer sur ce terrain. Mais je sais qu\u2019il y a des progr\u00e8s qui sont en train d\u2019\u00eatre faits\u00bb, a-t-il relev\u00e9.<\/p>\n\n\n\n<p>dkane@lequotidien.sn<\/p>\n\n\n\n<p><\/p>\n\n\n\n<p><\/p>\n","protected":false},"excerpt":{"rendered":"<p>La transplantation r\u00e9nale est d\u00e9sormais une r\u00e9alit\u00e9 au S\u00e9n\u00e9gal. Dimanche, les premi\u00e8res transplantations r\u00e9nales ont \u00e9t\u00e9 r\u00e9alis\u00e9es \u00e0 l\u2019H\u00f4pital militaire<\/p>\n","protected":false},"author":1,"featured_media":26112,"comment_status":"open","ping_status":"open","sticky":false,"template":"","format":"standard","meta":{"footnotes":""},"categories":[21],"tags":[],"class_list":["post-26111","post","type-post","status-publish","format-standard","has-post-thumbnail","hentry","category-societe"],"_links":{"self":[{"href":"https:\/\/dekkbi.com\/index.php?rest_route=\/wp\/v2\/posts\/26111","targetHints":{"allow":["GET"]}}],"collection":[{"href":"https:\/\/dekkbi.com\/index.php?rest_route=\/wp\/v2\/posts"}],"about":[{"href":"https:\/\/dekkbi.com\/index.php?rest_route=\/wp\/v2\/types\/post"}],"author":[{"embeddable":true,"href":"https:\/\/dekkbi.com\/index.php?rest_route=\/wp\/v2\/users\/1"}],"replies":[{"embeddable":true,"href":"https:\/\/dekkbi.com\/index.php?rest_route=%2Fwp%2Fv2%2Fcomments&post=26111"}],"version-history":[{"count":1,"href":"https:\/\/dekkbi.com\/index.php?rest_route=\/wp\/v2\/posts\/26111\/revisions"}],"predecessor-version":[{"id":26113,"href":"https:\/\/dekkbi.com\/index.php?rest_route=\/wp\/v2\/posts\/26111\/revisions\/26113"}],"wp:featuredmedia":[{"embeddable":true,"href":"https:\/\/dekkbi.com\/index.php?rest_route=\/wp\/v2\/media\/26112"}],"wp:attachment":[{"href":"https:\/\/dekkbi.com\/index.php?rest_route=%2Fwp%2Fv2%2Fmedia&parent=26111"}],"wp:term":[{"taxonomy":"category","embeddable":true,"href":"https:\/\/dekkbi.com\/index.php?rest_route=%2Fwp%2Fv2%2Fcategories&post=26111"},{"taxonomy":"post_tag","embeddable":true,"href":"https:\/\/dekkbi.com\/index.php?rest_route=%2Fwp%2Fv2%2Ftags&post=26111"}],"curies":[{"name":"wp","href":"https:\/\/api.w.org\/{rel}","templated":true}]}}