{"id":26082,"date":"2023-11-28T10:06:50","date_gmt":"2023-11-28T10:06:50","guid":{"rendered":"https:\/\/dekkbi.com\/?p=26082"},"modified":"2023-11-28T10:06:50","modified_gmt":"2023-11-28T10:06:50","slug":"elections-securite-passeports-les-preoccupations-des-deputes-devant-sidiki-kaba","status":"publish","type":"post","link":"https:\/\/dekkbi.com\/?p=26082","title":{"rendered":"Elections, s\u00e9curit\u00e9, passeports: les pr\u00e9occupations des d\u00e9put\u00e9s devant Sidiki Kaba"},"content":{"rendered":"\n<p>Dakar, (APS) \u2013 La r\u00e9novation des \u00e9difices publics, l\u2019\u00e9migration, l\u2019organisation d\u2019\u00e9lections libres et transparentes ont \u00e9t\u00e9 les principales pr\u00e9occupations des d\u00e9put\u00e9s lors de l\u2019adoption du budget 2024 du minist\u00e8re de l\u2019Int\u00e9rieur.Ce budget de 237 milliards 231 millions 350 mille 287 francs CFA pour les autorisations d\u2019engagement a \u00e9t\u00e9 adopt\u00e9 par la majorit\u00e9 des d\u00e9put\u00e9s pr\u00e9sents. <\/p>\n\n\n\n<p>Cent vingt-six (126) ont vot\u00e9 pour son adoption contre 36 rejets. \u00ab L\u2019organisation de l\u2019\u00e9lection pr\u00e9sidentielle de 2024 et le renforcement des cr\u00e9dits destin\u00e9s au programme de construction et d\u2019\u00e9quipements de l\u2019administration territoriale sont \u00e0 l\u2019origine de la hausse du budget du minist\u00e8re de l\u2019Int\u00e9rieur \u00bb, a expliqu\u00e9 le ministre des Finances et du Budget, Mamadou Moustapha Ba.<\/p>\n\n\n\n<p>Lors des d\u00e9bats, les d\u00e9put\u00e9s de l\u2019opposition ont exig\u00e9 du ministre Sidiki Kaba l\u2019organisation d\u2019\u00e9lections libres et  transparentes le 25 f\u00e9vrier 2024. L\u2019opposition a indiqu\u00e9 qu\u2019\u2018\u2019en d\u00e9pit de sa l\u00e9galit\u00e9, Sidiki Kaba n\u2019a pas la l\u00e9gitimit\u00e9 d\u2019organiser les prochaines joutes \u00e9lectorales\u2019\u2019.<\/p>\n\n\n\n<p>Pour les d\u00e9put\u00e9s Isma\u00efla Diallo, Ayib Daff\u00e9 et Bara Gaye de la coalition Yewwi askan wi, M. Kaba \u00bb ne peut organiser des \u00e9lections libres et transparentes \u00e0 cause de son parti-pris\u2019\u2019.Le ministre est membre de la coalition pr\u00e9sidentielle et de l\u2019Alliance pour la R\u00e9publique (APR).<\/p>\n\n\n\n<p>Les d\u00e9put\u00e9s ont \u00e9galement demand\u00e9 les rapports des enqu\u00eates \u2018\u2019diligent\u00e9es\u2019\u2019 lors des manifestations politiques de mars 2021 et de juin dernier. Selon eux, elles ont connu \u2018\u2019des morts d\u2019hommes\u2019\u2019.Ils ont \u00e9galement plaid\u00e9 pour le  \u00bbrenforcement en hommes et en mat\u00e9riels de la Police \u00bb.La d\u00e9put\u00e9 Aniyeu Mbengue (majorit\u00e9) a demand\u00e9 \u2018\u2019que des cam\u00e9ras de surveillance soient pos\u00e9es dans tout le territoire pour assurer davantage la s\u00e9curit\u00e9 des personnes et des biens\u2019\u2019.Amy Ndiaye Gnibi (majorit\u00e9) a, pour sa part, plaid\u00e9 pour un \u2018\u2019soutien renforc\u00e9 des forces de s\u00e9curit\u00e9\u2019\u2019.La d\u00e9put\u00e9 Adji Mergane Kanout\u00e9 (majorit\u00e9) s\u2019est f\u00e9licit\u00e9e du professionnalisme des forces de d\u00e9fense et de s\u00e9curit\u00e9. Selon elle, \u2018\u2019c\u2019est gr\u00e2ce \u00e0 elles que les populations arrivent \u00e0 dormir du sommeil du juste\u2019\u2019.Le pr\u00e9sident du groupe parlementaire Benno bokk yakaar, Abdou Mbow, a insist\u00e9 sur \u2018\u2019le renforcement du dispositif s\u00e9curitaire de la Police\u2019\u2019.Les d\u00e9put\u00e9s ont, dans le m\u00eame sens, plaid\u00e9 pour  \u00bbla d\u00e9localisation des centres de confection de passeports dans les autres localit\u00e9s du pays et \u00e0 l\u2019\u00e9tranger \u00bb, estimant que les citoyens  \u00bbsouffrent en cas de besoin\u2019\u2019.Le ministre se veut rassurantPrenant la parole, le ministre de l\u2019Int\u00e9rieur a d\u2019abord salu\u00e9 la repr\u00e9sentation nationale.Il a rassur\u00e9 les sceptiques, promettant d\u2019organiser  \u00bbdes \u00e9lections libres et transparentes\u2019\u2019 le 25 f\u00e9vrier 2024.\u2018\u2019Je voudrais rassurer que les \u00e9lections seront libres et transparentes\u2019\u2019, a-t-il d\u00e9clar\u00e9, ajoutant que les r\u00e9sultats  \u00bbissus des urnes seront respect\u00e9s\u2019\u2019.Pour lui, des \u00e9lections ne peuvent plus \u00eatre trafiqu\u00e9es au S\u00e9n\u00e9gal, tous les candidats ayant  \u00bbdes repr\u00e9sentants dans les bureaux de vote\u2019\u2019.\u2018\u2019Le verdict des urnes sera respect\u00e9. Je le rassure parce que la voix du S\u00e9n\u00e9gal, c\u2019est celle qui s\u2019exprime pendant les \u00e9lections et le jour des \u00e9lections\u2019\u2019, a-t-il lanc\u00e9, rappelant que \u2018\u2019le S\u00e9n\u00e9gal est un pays de dialogue, une terre de paix\u2019\u2019.Le ministre de l\u2019Int\u00e9rieur a indiqu\u00e9 que \u2018\u2019la s\u00e9curit\u00e9 des S\u00e9n\u00e9galais est assur\u00e9e\u2019\u2019.\u2018\u2019Nous avons un plan pour les commissariats dans les diff\u00e9rentes parties du pays\u2019\u2019, a-t-il dit, notant que \u2018\u201990% du territoire est couvert par un maillage s\u00e9curitaire de la Gendarmerie et de la Police\u2019\u2019.La justice fera son travailLe ministre a d\u00e9clar\u00e9 qu\u2019il ne commentera pas le sort de ceux qui ont maille \u00e0 partir avec la justice, dont les proc\u00e8s  \u00bbsont actuellement en cours\u2019\u2019.\u2018\u2019Je ne les commenterai pas pour ceux qui ont \u00e9t\u00e9 arr\u00eat\u00e9s pour des faits pr\u00e9sum\u00e9s\u2019\u2019, a-t-il dit.Il a \u00e9galement d\u00e9fendu les forces de l\u2019ordre et de s\u00e9curit\u00e9, notant qu\u2019elles sont d\u2019\u2018\u2019un tr\u00e8s grand professionnalisme dans leurs actes de tous les jours\u2019\u2019.Pour lui, les accusations prof\u00e9r\u00e9es contre ces forces de l\u2019ordre et de s\u00e9curit\u00e9 sont \u2018\u2019injustifi\u00e9es et m\u00eame inacceptables\u2019\u2019.Des d\u00e9put\u00e9s ont d\u00e9clar\u00e9 que des Forces de d\u00e9fense et de S\u00e9curit\u00e9 ont tir\u00e9 \u00e0 \u2018\u2019balles r\u00e9elles sur des manifestants\u2019\u2019.Selon le ministre,  \u00bbil ne sert \u00e0 rien de faire des accusations graves contre les FDS en les accusant de tous les maux, de tirs \u00e0 balles r\u00e9elles et de toutes les violences qui sont perp\u00e9tr\u00e9es\u2019\u2019.\u2018\u2019Il y a des gens qui consacrent leur vie \u00e0 assurer notre s\u00e9curit\u00e9 ; ces forces r\u00e9publicaines ont besoin de respect, de consid\u00e9ration et m\u00eame d\u2019affection pour le travail qu\u2019ils font\u2019\u2019, a-t-il soutenu.Le ministre a affirm\u00e9 que  \u00bbles forces de l\u2019ordre ont montr\u00e9 sur le terrain un professionnalisme et du sang froid. Sans quoi, il y aurait eu des carnages\u2019\u2019.Sidiki Kaba s\u2019est r\u00e9joui de la construction de camps de sapeurs-pompiers en cours au S\u00e9n\u00e9gal.\u2018\u2019Du mat\u00e9riel est actuellement \u00e0 disposition des 6 mille hommes qui composent ce corps, avec pas moins de 500 v\u00e9hicules, des types de mat\u00e9riels qui ont la capacit\u00e9 d\u2019apporter aujourd\u2019hui tous les secours dans tous les domaines et dans toutes les formes de menaces que nous connaissons aujourd\u2019hui\u2019\u2019, a-t-il dit.Les S\u00e9n\u00e9galais auront leurs passeports<\/p>\n\n\n\n<p>Le ministre a d\u00e9clar\u00e9 que les autorit\u00e9s sont en train de prendre toutes les mesures pour fournir aux S\u00e9n\u00e9galais qui en ont besoin des passeports.Selon lui, des probl\u00e8mes de l\u2019entreprise en charge de la confection des documents ont entra\u00een\u00e9  \u00bbune baisse de r\u00e9gime \u00bb.Il s\u2019y ajoute, d\u2019apr\u00e8s lui, \u2018\u2019un nombre de plus en plus important de S\u00e9n\u00e9galais qui veulent obtenir le passeport\u2019\u2019.\u2018\u2019Nous sommes en train d\u2019y rem\u00e9dier\u2019\u2019, a-t-il d\u00e9clar\u00e9, ajoutant :  \u00bbnous ferons en sorte que les S\u00e9n\u00e9galais notamment de la diaspora aient ce document pr\u00e9cieux et qu\u2019ils puissent satisfaire aux d\u00e9marches administratives dans leur pays d\u2019accueil\u2019\u2019.CS\/OID\/ASB<\/p>\n","protected":false},"excerpt":{"rendered":"<p>Dakar, (APS) \u2013 La r\u00e9novation des \u00e9difices publics, l\u2019\u00e9migration, l\u2019organisation d\u2019\u00e9lections libres et transparentes ont \u00e9t\u00e9 les principales pr\u00e9occupations des<\/p>\n","protected":false},"author":1,"featured_media":26083,"comment_status":"open","ping_status":"open","sticky":false,"template":"","format":"standard","meta":{"footnotes":""},"categories":[3],"tags":[],"class_list":["post-26082","post","type-post","status-publish","format-standard","has-post-thumbnail","hentry","category-event-more-news"],"_links":{"self":[{"href":"https:\/\/dekkbi.com\/index.php?rest_route=\/wp\/v2\/posts\/26082","targetHints":{"allow":["GET"]}}],"collection":[{"href":"https:\/\/dekkbi.com\/index.php?rest_route=\/wp\/v2\/posts"}],"about":[{"href":"https:\/\/dekkbi.com\/index.php?rest_route=\/wp\/v2\/types\/post"}],"author":[{"embeddable":true,"href":"https:\/\/dekkbi.com\/index.php?rest_route=\/wp\/v2\/users\/1"}],"replies":[{"embeddable":true,"href":"https:\/\/dekkbi.com\/index.php?rest_route=%2Fwp%2Fv2%2Fcomments&post=26082"}],"version-history":[{"count":1,"href":"https:\/\/dekkbi.com\/index.php?rest_route=\/wp\/v2\/posts\/26082\/revisions"}],"predecessor-version":[{"id":26084,"href":"https:\/\/dekkbi.com\/index.php?rest_route=\/wp\/v2\/posts\/26082\/revisions\/26084"}],"wp:featuredmedia":[{"embeddable":true,"href":"https:\/\/dekkbi.com\/index.php?rest_route=\/wp\/v2\/media\/26083"}],"wp:attachment":[{"href":"https:\/\/dekkbi.com\/index.php?rest_route=%2Fwp%2Fv2%2Fmedia&parent=26082"}],"wp:term":[{"taxonomy":"category","embeddable":true,"href":"https:\/\/dekkbi.com\/index.php?rest_route=%2Fwp%2Fv2%2Fcategories&post=26082"},{"taxonomy":"post_tag","embeddable":true,"href":"https:\/\/dekkbi.com\/index.php?rest_route=%2Fwp%2Fv2%2Ftags&post=26082"}],"curies":[{"name":"wp","href":"https:\/\/api.w.org\/{rel}","templated":true}]}}