{"id":2607,"date":"2022-11-02T16:25:49","date_gmt":"2022-11-02T16:25:49","guid":{"rendered":"https:\/\/dekkbi.com\/?p=2607"},"modified":"2022-11-02T16:25:50","modified_gmt":"2022-11-02T16:25:50","slug":"immigration-entre-expulsions-et-integration-darmanin-et-dussopt-plaident-lequilibre","status":"publish","type":"post","link":"https:\/\/dekkbi.com\/?p=2607","title":{"rendered":"Immigration : entre expulsions et int\u00e9gration, Darmanin et Dussopt plaident l&rsquo;\u00e9quilibre"},"content":{"rendered":"\n<p>Le gouvernement a d\u00e9voil\u00e9 mercredi les grandes lignes de son projet de loi sur l&rsquo;immigration dont il a vant\u00e9 \u00ab\u00a0l&rsquo;\u00e9quilibre\u00a0\u00bb, entre durcissement sur les expulsions et main tendue pour les travailleurs immigr\u00e9s. Ce projet intervient apr\u00e8s\u00a0le meurtre de Lola, une fillette de 12 ans\u00a0tu\u00e9e mi-octobre par une ressortissante alg\u00e9rienne sous le coup d&rsquo;une obligation de quitter de territoire fran\u00e7ais (OQTF).<\/p>\n\n\n\n<p>Le ministre de l&rsquo;Int\u00e9rieur\u00a0G\u00e9rald Darmanin\u00a0a d\u00e9taill\u00e9 au Monde, mercredi 2 novembre, les principales mesures de sa future loi sur l&rsquo;immigration visant\u00a0\u00e0 am\u00e9liorer les proc\u00e9dures et faciliter l&rsquo;insertion des travailleurs \u00e9trangers. Cette loi pr\u00e9voit l&rsquo;inscription des immigr\u00e9s menac\u00e9s d&rsquo;expulsion au fichier des personnes recherch\u00e9es.<\/p>\n\n\n\n<p>Pr\u00e9vu au premier semestre 2022, le projet de loi entend rendre les \u00ab\u00a0obligations de quitter le territoire fran\u00e7ais\u00a0\u00bb (OQTF) plus efficaces \u2013 un sujet qui occupe le d\u00e9bat public depuis le\u00a0meurtre de la jeune Lola, tu\u00e9e mi-octobre par une\u00a0ressortissante alg\u00e9rienne sous le coup d&rsquo;une OQTF.<\/p>\n\n\n\n<h2 class=\"wp-block-heading\">\u00ab\u00a0On doit d\u00e9sormais \u00eatre m\u00e9chants avec les m\u00e9chants\u00a0\u00bb<\/h2>\n\n\n\n<p>\u00ab\u00a0Nous allons d\u00e9sormais inscrire toutes les OQTF au fichier des personnes recherch\u00e9es, le FPR. Il ne s&rsquo;agit pas de r\u00e9tablir le d\u00e9lit de s\u00e9jour irr\u00e9gulier mais de pouvoir constater que la personne repart (&#8230;) et ainsi de compter tous les d\u00e9parts d&rsquo;\u00e9trangers\u00a0\u00bb, a expliqu\u00e9 au quotidien le ministre de l&rsquo;Int\u00e9rieur, dont le gouvernement est critiqu\u00e9, notamment \u00e0 l&rsquo;extr\u00eame droite, pour le faible taux d&rsquo;ex\u00e9cution de ces mesures.<\/p>\n\n\n\n<p>\u00ab\u00a0D&rsquo;abord, il y a pr\u00e8s de 50&nbsp;% des OQTF qui font l&rsquo;objet de recours qui les suspendent\u00a0\u00bb, a d\u00e9fendu le ministre, r\u00e9affirmant vouloir \u00ab\u00a0fortement simplifier les proc\u00e9dures\u00a0\u00bb en passant \u00ab\u00a0de douze \u00e0 quatre cat\u00e9gories de recours\u00a0\u00bb possibles.<\/p>\n\n\n\n<p>Le ministre de l&rsquo;Int\u00e9rieur veut aussi mettre fin aux \u00ab\u00a0r\u00e9serves d&rsquo;ordre public\u00a0\u00bb qui \u00ab\u00a0emp\u00eachent d&rsquo;\u00e9loigner des personnes arriv\u00e9es avant 13 ans\u00a0\u00bb en France.<\/p>\n\n\n\n<p>\u00ab\u00a0Si je devais r\u00e9sumer, je dirais qu&rsquo;on doit d\u00e9sormais \u00eatre m\u00e9chants avec les m\u00e9chants et gentils avec les gentils\u00a0\u00bb, a-t-il justifi\u00e9.<\/p>\n\n\n\n<h2 class=\"wp-block-heading\">Recherche d\u2019un \u00ab\u00a0\u00e9quilibre\u00a0\u00bb<\/h2>\n\n\n\n<p>Dans le cadre du projet de loi, qui doit \u00eatre pr\u00e9c\u00e9d\u00e9 d&rsquo;un d\u00e9bat parlementaire, le gouvernement va rechercher cet \u00ab\u00a0\u00e9quilibre\u00a0\u00bb en facilitant l&rsquo;insertion professionnelle des travailleurs immigr\u00e9s, a indiqu\u00e9 le ministre du Travail Olivier Dussopt, dans le m\u00eame entretien.<\/p>\n\n\n\n<p>\u00ab\u00a0Et il y a des progr\u00e8s \u00e0 faire puisqu&rsquo;au premier semestre, lorsque le taux de ch\u00f4mage \u00e9tait \u00e0 7,5&nbsp;%, celui des travailleurs immigr\u00e9s \u00e9tait \u00e0 13&nbsp;%. Il faut que le travail redevienne un facteur d&rsquo;int\u00e9gration et d&rsquo;\u00e9mancipation\u00a0\u00bb, a-t-il d\u00e9clar\u00e9.<\/p>\n\n\n\n<p>Olivier Dussopt veut par exemple mettre fin \u2013&nbsp;sous conditions \u2013&nbsp;au d\u00e9lai de carence qui emp\u00eache les demandeurs d&rsquo;asile de travailler pendant leurs six premiers mois en France.<\/p>\n\n\n\n<p>Le ministre du Travail plaide \u00e9galement en faveur de la cr\u00e9ation d&rsquo;un titre de s\u00e9jour \u00ab\u00a0m\u00e9tier en tension\u00a0\u00bb, pour recruter dans les secteurs qui peinent \u00e0 trouver de la main d&rsquo;\u0153uvre.<\/p>\n\n\n\n<p>\u00ab\u00a0Les organisations professionnelles nous disent qu&rsquo;elles ont besoin qu&rsquo;on facilite le recrutement d&rsquo;\u00e9trangers. Nous leur proposons des solutions avec ce projet de loi\u00a0\u00bb, a-t-il ajout\u00e9.<\/p>\n\n\n\n<p><em>Avec AFP<\/em><\/p>\n","protected":false},"excerpt":{"rendered":"<p>Le gouvernement a d\u00e9voil\u00e9 mercredi les grandes lignes de son projet de loi sur l&rsquo;immigration dont il a vant\u00e9 \u00ab\u00a0l&rsquo;\u00e9quilibre\u00a0\u00bb,<\/p>\n","protected":false},"author":1,"featured_media":2609,"comment_status":"open","ping_status":"open","sticky":false,"template":"","format":"standard","meta":{"footnotes":""},"categories":[6],"tags":[],"class_list":["post-2607","post","type-post","status-publish","format-standard","has-post-thumbnail","hentry","category-politics"],"_links":{"self":[{"href":"https:\/\/dekkbi.com\/index.php?rest_route=\/wp\/v2\/posts\/2607","targetHints":{"allow":["GET"]}}],"collection":[{"href":"https:\/\/dekkbi.com\/index.php?rest_route=\/wp\/v2\/posts"}],"about":[{"href":"https:\/\/dekkbi.com\/index.php?rest_route=\/wp\/v2\/types\/post"}],"author":[{"embeddable":true,"href":"https:\/\/dekkbi.com\/index.php?rest_route=\/wp\/v2\/users\/1"}],"replies":[{"embeddable":true,"href":"https:\/\/dekkbi.com\/index.php?rest_route=%2Fwp%2Fv2%2Fcomments&post=2607"}],"version-history":[{"count":1,"href":"https:\/\/dekkbi.com\/index.php?rest_route=\/wp\/v2\/posts\/2607\/revisions"}],"predecessor-version":[{"id":2610,"href":"https:\/\/dekkbi.com\/index.php?rest_route=\/wp\/v2\/posts\/2607\/revisions\/2610"}],"wp:featuredmedia":[{"embeddable":true,"href":"https:\/\/dekkbi.com\/index.php?rest_route=\/wp\/v2\/media\/2609"}],"wp:attachment":[{"href":"https:\/\/dekkbi.com\/index.php?rest_route=%2Fwp%2Fv2%2Fmedia&parent=2607"}],"wp:term":[{"taxonomy":"category","embeddable":true,"href":"https:\/\/dekkbi.com\/index.php?rest_route=%2Fwp%2Fv2%2Fcategories&post=2607"},{"taxonomy":"post_tag","embeddable":true,"href":"https:\/\/dekkbi.com\/index.php?rest_route=%2Fwp%2Fv2%2Ftags&post=2607"}],"curies":[{"name":"wp","href":"https:\/\/api.w.org\/{rel}","templated":true}]}}