{"id":26066,"date":"2023-11-28T09:31:08","date_gmt":"2023-11-28T09:31:08","guid":{"rendered":"https:\/\/dekkbi.com\/?p=26066"},"modified":"2023-11-28T09:31:08","modified_gmt":"2023-11-28T09:31:08","slug":"togo-elections-legislatives-et-regionales-prevues-dici-a-la-fin-du-premier-trimestre-2024","status":"publish","type":"post","link":"https:\/\/dekkbi.com\/?p=26066","title":{"rendered":"Togo: \u00e9lections l\u00e9gislatives et r\u00e9gionales pr\u00e9vues d&rsquo;ici \u00e0 \u00abla fin du premier trimestre\u00bb 2024"},"content":{"rendered":"\n<p>Les Togolais connaissent \u00ab\u00a0presque\u00a0\u00bb la date des \u00e9lections l\u00e9gislatives et r\u00e9gionales. Hier, lundi 27 novembre au soir, le gouvernement a annonc\u00e9 que les deux scrutins se tiendront d&rsquo;ici \u00ab\u00a0<em>la fin du premier trimestre<\/em>\u00a0\u00bb 2024. Les \u00e9lections \u00e9taient pr\u00e9vues pour le mois prochain, c&rsquo;\u00e9tait une promesse du pr\u00e9sident Faure Gnassingb\u00e9. Cela faisait plusieurs semaines que les partis d&rsquo;opposition se plaignaient de l&rsquo;absence de calendrier \u00e9lectoral.<\/p>\n\n\n\n<p>C&rsquo;est officiellement le tout premier glissement \u00e9lectoral dans l&rsquo;histoire politique du Togo depuis l&rsquo;arriv\u00e9e de Faure Gnassingb\u00e9 aux commandes du pays. Et c&rsquo;est le pr\u00e9sident lui-m\u00eame qui a instruit son gouvernement d&rsquo;organiser les l\u00e9gislatives et les r\u00e9gionales \u00ab au plus tard \u00e0 la fin du premier trimestre 2024 \u00bb, alors que le mandat des d\u00e9put\u00e9s arrive \u00e0 son terme le 31 d\u00e9cembre prochain !Griefs<\/p>\n\n\n\n<p>L&rsquo;annonce de ce glissement intervient alors que l&rsquo;opposition multiplie les griefs contre les autorit\u00e9s togolaises. Tout d&rsquo;abord, l&rsquo;absence d&rsquo;un calendrier \u00e9lectoral qui emp\u00eachait les adversaires du pouvoir de pr\u00e9parer correctement leur campagne.Irr\u00e9gularit\u00e9sMais aussi le processus d&rsquo;enr\u00f4lement des \u00e9lecteurs en juin 2023, qu&rsquo;ils ont vivement contest\u00e9, en d\u00e9non\u00e7ant de nombreuses irr\u00e9gularit\u00e9s. Malgr\u00e9 tout, les opposants, qui avaient boycott\u00e9 les derni\u00e8res \u00e9lections locales de 2018 semblent bien d\u00e9cid\u00e9s \u00e0 participer aux scrutins \u00e0 venir.<\/p>\n","protected":false},"excerpt":{"rendered":"<p>Les Togolais connaissent \u00ab\u00a0presque\u00a0\u00bb la date des \u00e9lections l\u00e9gislatives et r\u00e9gionales. Hier, lundi 27 novembre au soir, le gouvernement a<\/p>\n","protected":false},"author":1,"featured_media":26067,"comment_status":"open","ping_status":"open","sticky":false,"template":"","format":"standard","meta":{"footnotes":""},"categories":[51],"tags":[],"class_list":["post-26066","post","type-post","status-publish","format-standard","has-post-thumbnail","hentry","category-general"],"_links":{"self":[{"href":"https:\/\/dekkbi.com\/index.php?rest_route=\/wp\/v2\/posts\/26066","targetHints":{"allow":["GET"]}}],"collection":[{"href":"https:\/\/dekkbi.com\/index.php?rest_route=\/wp\/v2\/posts"}],"about":[{"href":"https:\/\/dekkbi.com\/index.php?rest_route=\/wp\/v2\/types\/post"}],"author":[{"embeddable":true,"href":"https:\/\/dekkbi.com\/index.php?rest_route=\/wp\/v2\/users\/1"}],"replies":[{"embeddable":true,"href":"https:\/\/dekkbi.com\/index.php?rest_route=%2Fwp%2Fv2%2Fcomments&post=26066"}],"version-history":[{"count":1,"href":"https:\/\/dekkbi.com\/index.php?rest_route=\/wp\/v2\/posts\/26066\/revisions"}],"predecessor-version":[{"id":26068,"href":"https:\/\/dekkbi.com\/index.php?rest_route=\/wp\/v2\/posts\/26066\/revisions\/26068"}],"wp:featuredmedia":[{"embeddable":true,"href":"https:\/\/dekkbi.com\/index.php?rest_route=\/wp\/v2\/media\/26067"}],"wp:attachment":[{"href":"https:\/\/dekkbi.com\/index.php?rest_route=%2Fwp%2Fv2%2Fmedia&parent=26066"}],"wp:term":[{"taxonomy":"category","embeddable":true,"href":"https:\/\/dekkbi.com\/index.php?rest_route=%2Fwp%2Fv2%2Fcategories&post=26066"},{"taxonomy":"post_tag","embeddable":true,"href":"https:\/\/dekkbi.com\/index.php?rest_route=%2Fwp%2Fv2%2Ftags&post=26066"}],"curies":[{"name":"wp","href":"https:\/\/api.w.org\/{rel}","templated":true}]}}