{"id":2604,"date":"2022-11-02T16:11:35","date_gmt":"2022-11-02T16:11:35","guid":{"rendered":"https:\/\/dekkbi.com\/?p=2604"},"modified":"2022-11-02T16:11:36","modified_gmt":"2022-11-02T16:11:36","slug":"burkina-premier-deplacement-a-letranger-du-capitaine-traore-reserve-au-mali","status":"publish","type":"post","link":"https:\/\/dekkbi.com\/?p=2604","title":{"rendered":"Burkina: premier d\u00e9placement \u00e0 l&rsquo;\u00e9tranger du capitaine Traor\u00e9 r\u00e9serv\u00e9 au Mali"},"content":{"rendered":"\n<p>\u00a9 2022 AFP<\/p>\n\n\n\n<p><a href=\"https:\/\/www.addthis.com\/bookmark.php?v=300\"><\/a><a href=\"https:\/\/www.addthis.com\/bookmark.php?v=300\"><\/a><a rel=\"noreferrer noopener\" href=\"https:\/\/www.addthis.com\/bookmark.php?v=300\" target=\"_blank\"><\/a><a rel=\"noreferrer noopener\" href=\"https:\/\/www.addthis.com\/bookmark.php?v=300\" target=\"_blank\"><\/a>Le nouvel homme fort du Burkina Faso, le capitaine Ibrahim Traor\u00e9, doit se rendre mercredi \u00e0 Bamako, son premier d\u00e9placement \u00e0 l&rsquo;\u00e9tranger depuis son coup d&rsquo;Etat du 30 septembre, a-t-on appris de sources officielles malienne et burkinab\u00e8.<\/p>\n\n\n\n<p>Un communiqu\u00e9 du minist\u00e8re malien des Affaires \u00e9trang\u00e8res pr\u00e9cise que cette \u00ab\u00a0visite d&rsquo;amiti\u00e9 et de travail\u00a0\u00bb durera environ trois heures.<\/p>\n\n\n\n<p>Le capitaine Traor\u00e9 devrait s&rsquo;y entretenir avec son homologue putschiste malien Assimi Go\u00efta. \u00ab\u00a0Il sera principalement question de la lutte contre le terrorisme\u00a0\u00bb, selon une source officielle burkinab\u00e8.<\/p>\n\n\n\n<p>Le Mali et le Burkina sont dirig\u00e9s par des militaires putschistes qui y ont pris le pouvoir respectivement en ao\u00fbt 2020 et en janvier 2022 et sont tous deux confront\u00e9s \u00e0 la violence de groupes jihadistes li\u00e9s \u00e0 Al-Qa\u00efda et \u00e0 l&rsquo;Etat islamique.<\/p>\n\n\n\n<p>Bamako a pouss\u00e9 vers la sortie les troupes fran\u00e7aises pr\u00e9sentes au Mali depuis 2013 et s&rsquo;est tourn\u00e9 vers la Russie pour l&rsquo;aider \u00e0 combattre ces groupes avec notamment la pr\u00e9sence d'\u00a0\u00bbinstructeurs\u00a0\u00bb russes qui, selon les pays occidentaux, sont des mercenaires du groupe Wagner.<\/p>\n\n\n\n<p>Depuis le coup d&rsquo;Etat du 24 janvier du lieutenant-colonel Paul-Henri Sandaogo Damiba, renvers\u00e9 huit mois plus tard par le capitaine Traor\u00e9, le Burkina Faso n&rsquo;a pas rompu avec l&rsquo;arm\u00e9e fran\u00e7aise qui a continu\u00e9 \u00e0 participer aux c\u00f4t\u00e9s de l&rsquo;arm\u00e9e burkinab\u00e8 \u00e0 la lutte anti-jihadiste.<\/p>\n\n\n\n<p>Mais les partisans du capitaine Traor\u00e9 ont manifest\u00e9 \u00e0 plusieurs reprises \u00e0 Ouagadougou en brandissant des drapeaux russes, s&rsquo;en prenant \u00e0 des int\u00e9r\u00eats fran\u00e7ais et r\u00e9clamant le d\u00e9part des quelque 400 soldats des forces sp\u00e9ciales fran\u00e7aises pr\u00e9sents au Burkina.<\/p>\n\n\n\n<p>\u00ab\u00a0Peut-\u00eatre qu\u2019avec la nouvelle donne (s\u00e9curitaire) nous r\u00e9examinerons nos rapports avec la Russie pour voir s\u2019il faut la renforcer dans un secteur ou pas, s\u2019il faut la r\u00e9orienter dans l\u2019int\u00e9r\u00eat du Burkina Faso et dans le respect de sa souverainet\u00e9\u00a0\u00bb, a d\u00e9clar\u00e9 dimanche le nouveau Premier ministre burkinab\u00e8, Appolinaire Kyelem de Tembela.<\/p>\n\n\n\n<p>Mais, a-t-il averti, \u00ab\u00a0ce n\u2019est pas \u00e0 la rue de nous dire de faire ceci ou cela\u00a0\u00bb.<\/p>\n\n\n\n<p>Dans plusieurs pays d&rsquo;Afrique francophone, Moscou jouit d&rsquo;un soutien populaire grandissant quand la France, ex-puissance coloniale, y est de plus en plus vilipend\u00e9e.<\/p>\n","protected":false},"excerpt":{"rendered":"<p>\u00a9 2022 AFP Le nouvel homme fort du Burkina Faso, le capitaine Ibrahim Traor\u00e9, doit se rendre mercredi \u00e0 Bamako,<\/p>\n","protected":false},"author":1,"featured_media":2605,"comment_status":"open","ping_status":"open","sticky":false,"template":"","format":"standard","meta":{"footnotes":""},"categories":[6],"tags":[],"class_list":["post-2604","post","type-post","status-publish","format-standard","has-post-thumbnail","hentry","category-politics"],"_links":{"self":[{"href":"https:\/\/dekkbi.com\/index.php?rest_route=\/wp\/v2\/posts\/2604","targetHints":{"allow":["GET"]}}],"collection":[{"href":"https:\/\/dekkbi.com\/index.php?rest_route=\/wp\/v2\/posts"}],"about":[{"href":"https:\/\/dekkbi.com\/index.php?rest_route=\/wp\/v2\/types\/post"}],"author":[{"embeddable":true,"href":"https:\/\/dekkbi.com\/index.php?rest_route=\/wp\/v2\/users\/1"}],"replies":[{"embeddable":true,"href":"https:\/\/dekkbi.com\/index.php?rest_route=%2Fwp%2Fv2%2Fcomments&post=2604"}],"version-history":[{"count":1,"href":"https:\/\/dekkbi.com\/index.php?rest_route=\/wp\/v2\/posts\/2604\/revisions"}],"predecessor-version":[{"id":2606,"href":"https:\/\/dekkbi.com\/index.php?rest_route=\/wp\/v2\/posts\/2604\/revisions\/2606"}],"wp:featuredmedia":[{"embeddable":true,"href":"https:\/\/dekkbi.com\/index.php?rest_route=\/wp\/v2\/media\/2605"}],"wp:attachment":[{"href":"https:\/\/dekkbi.com\/index.php?rest_route=%2Fwp%2Fv2%2Fmedia&parent=2604"}],"wp:term":[{"taxonomy":"category","embeddable":true,"href":"https:\/\/dekkbi.com\/index.php?rest_route=%2Fwp%2Fv2%2Fcategories&post=2604"},{"taxonomy":"post_tag","embeddable":true,"href":"https:\/\/dekkbi.com\/index.php?rest_route=%2Fwp%2Fv2%2Ftags&post=2604"}],"curies":[{"name":"wp","href":"https:\/\/api.w.org\/{rel}","templated":true}]}}