{"id":25982,"date":"2023-11-27T11:44:45","date_gmt":"2023-11-27T11:44:45","guid":{"rendered":"https:\/\/dekkbi.com\/?p=25982"},"modified":"2023-11-27T11:45:00","modified_gmt":"2023-11-27T11:45:00","slug":"signature-dun-memorandum-de-cooperation-entre-la-ligue-islamique-mondiale-et-luna","status":"publish","type":"post","link":"https:\/\/dekkbi.com\/?p=25982","title":{"rendered":"Signature d\u2019un m\u00e9morandum de coop\u00e9ration entre la Ligue islamique mondiale et l\u2019UNA"},"content":{"rendered":"\n<p>De l\u2019envoy\u00e9 sp\u00e9cial de l\u2019APS, Thierno Ahmadou Sy<\/p>\n\n\n\n<p>Djeddah, 27 nov (APS) \u2013 La Ligue islamique mondiale et l\u2019Union des agences de presse (UNA) de l\u2019Organisation de la Conf\u00e9rence islamique ont sign\u00e9 dimanche, \u00e0 Djeddah (Arabie Saoudite), un m\u00e9morandum de coop\u00e9ration, a constat\u00e9 l\u2019APS.<\/p>\n\n\n\n<p>Le directeur g\u00e9n\u00e9ral de l\u2019UNA, Mohammed bin Abd Rabbo Al-Yami, et &nbsp;Abdulwahab Al-Shehri, secr\u00e9taire g\u00e9n\u00e9ral adjoint \u00e0 la communication institutionnelle de la Ligue islamique mondiale, ont paraph\u00e9 le m\u00e9morandum qui vise \u00e0 renforcer la coop\u00e9ration entre les deux entit\u00e9s.<\/p>\n\n\n\n<p>La Ligue islamique mondiale a r\u00e9uni dimanche, \u00e0 Djeddah, l\u2019Union des agences de presse islamiques lors d\u2019un forum ax\u00e9 sur le th\u00e8me \u2018\u2019Les m\u00e9dias et leur r\u00f4le dans l\u2019alimentation de la haine et de la violence : les dangers de la d\u00e9sinformation et des pr\u00e9jug\u00e9s\u2019\u2019.<\/p>\n\n\n\n<p>d bin Abdulkarim Al-Issa, et &nbsp;le superviseur g\u00e9n\u00e9ral des m\u00e9dias officiels de l\u2019\u00c9tat de Palestine, Ahmed Assaf, ont assist\u00e9 au forum, en pr\u00e9sence de ministres et de dirigeants des m\u00e9dias islamiques et internationaux, d\u2019ambassadeurs, de personnalit\u00e9s religieuses, d\u2019intellectuels, de d\u00e9fenseurs des droits de l\u2019homme et de dirigeants d\u2019organisations internationales.<\/p>\n\n\n\n<p>Le forum s\u2019inscrit dans le cadre du partenariat \u00e9troit entre le secr\u00e9tariat adjoint \u00e0 la communication institutionnelle de la Ligue islamique mondiale et l\u2019Union des agences de presse des pays de l\u2019OCI, qui repr\u00e9sente un organe sp\u00e9cialis\u00e9 ind\u00e9pendant, dans le cadre de leurs objectifs communs.<\/p>\n\n\n\n<p>TASY \/BHC\/ASG<\/p>\n","protected":false},"excerpt":{"rendered":"<p>De l\u2019envoy\u00e9 sp\u00e9cial de l\u2019APS, Thierno Ahmadou Sy Djeddah, 27 nov (APS) \u2013 La Ligue islamique mondiale et l\u2019Union des<\/p>\n","protected":false},"author":1,"featured_media":25983,"comment_status":"open","ping_status":"open","sticky":false,"template":"","format":"standard","meta":{"footnotes":""},"categories":[3],"tags":[],"class_list":["post-25982","post","type-post","status-publish","format-standard","has-post-thumbnail","hentry","category-event-more-news"],"_links":{"self":[{"href":"https:\/\/dekkbi.com\/index.php?rest_route=\/wp\/v2\/posts\/25982","targetHints":{"allow":["GET"]}}],"collection":[{"href":"https:\/\/dekkbi.com\/index.php?rest_route=\/wp\/v2\/posts"}],"about":[{"href":"https:\/\/dekkbi.com\/index.php?rest_route=\/wp\/v2\/types\/post"}],"author":[{"embeddable":true,"href":"https:\/\/dekkbi.com\/index.php?rest_route=\/wp\/v2\/users\/1"}],"replies":[{"embeddable":true,"href":"https:\/\/dekkbi.com\/index.php?rest_route=%2Fwp%2Fv2%2Fcomments&post=25982"}],"version-history":[{"count":1,"href":"https:\/\/dekkbi.com\/index.php?rest_route=\/wp\/v2\/posts\/25982\/revisions"}],"predecessor-version":[{"id":25984,"href":"https:\/\/dekkbi.com\/index.php?rest_route=\/wp\/v2\/posts\/25982\/revisions\/25984"}],"wp:featuredmedia":[{"embeddable":true,"href":"https:\/\/dekkbi.com\/index.php?rest_route=\/wp\/v2\/media\/25983"}],"wp:attachment":[{"href":"https:\/\/dekkbi.com\/index.php?rest_route=%2Fwp%2Fv2%2Fmedia&parent=25982"}],"wp:term":[{"taxonomy":"category","embeddable":true,"href":"https:\/\/dekkbi.com\/index.php?rest_route=%2Fwp%2Fv2%2Fcategories&post=25982"},{"taxonomy":"post_tag","embeddable":true,"href":"https:\/\/dekkbi.com\/index.php?rest_route=%2Fwp%2Fv2%2Ftags&post=25982"}],"curies":[{"name":"wp","href":"https:\/\/api.w.org\/{rel}","templated":true}]}}