{"id":25979,"date":"2023-11-27T11:39:15","date_gmt":"2023-11-27T11:39:15","guid":{"rendered":"https:\/\/dekkbi.com\/?p=25979"},"modified":"2023-11-27T12:25:37","modified_gmt":"2023-11-27T12:25:37","slug":"justice-vers-le-recrutement-des-25-coordonnateurs-des-maisons-de-la-justice-officiel","status":"publish","type":"post","link":"https:\/\/dekkbi.com\/?p=25979","title":{"rendered":"Justice: vers le recrutement des 25 coordonnateurs des maisons de la justice (officiel)"},"content":{"rendered":"\n<p>La bonne nouvelle pour les coordonnateurs des maisons de la justice. Un programme de recrutement est en cours pour ce corps de m\u00e9tier. <\/p>\n\n\n\n<p>Le ministre des finances et du budget \u00e0 fait l\u2019annonce ce dimanche a l\u2019assembl\u00e9e nationale. Mouhamadou Moustapha Ba r\u00e9pondait aux pr\u00e9occupations et recommandations des parlementaires sur le sort des coordonnateurs des maisons de justice qui courent apr\u00e8s un recrutement depuis maintenant quelques ann\u00e9es.<\/p>\n\n\n\n<figure class=\"wp-block-embed is-type-rich is-provider-prise-en-charge-des-contenus-embarqu-s wp-block-embed-prise-en-charge-des-contenus-embarqu-s wp-embed-aspect-16-9 wp-has-aspect-ratio\"><div class=\"wp-block-embed__wrapper\">\n<iframe loading=\"lazy\" title=\"Justice : vers le recrutement des 25 coordonnateurs des maisons de la justice (officiel)\" width=\"800\" height=\"450\" src=\"https:\/\/www.youtube.com\/embed\/ldeXnxivCSc?feature=oembed\" frameborder=\"0\" allow=\"accelerometer; autoplay; clipboard-write; encrypted-media; gyroscope; picture-in-picture; web-share\" allowfullscreen><\/iframe>\n<\/div><\/figure>\n\n\n\n<p><\/p>\n","protected":false},"excerpt":{"rendered":"<p>La bonne nouvelle pour les coordonnateurs des maisons de la justice. Un programme de recrutement est en cours pour ce<\/p>\n","protected":false},"author":1,"featured_media":17105,"comment_status":"open","ping_status":"open","sticky":false,"template":"","format":"standard","meta":{"footnotes":""},"categories":[26],"tags":[],"class_list":["post-25979","post","type-post","status-publish","format-standard","has-post-thumbnail","hentry","category-fait-divers"],"_links":{"self":[{"href":"https:\/\/dekkbi.com\/index.php?rest_route=\/wp\/v2\/posts\/25979","targetHints":{"allow":["GET"]}}],"collection":[{"href":"https:\/\/dekkbi.com\/index.php?rest_route=\/wp\/v2\/posts"}],"about":[{"href":"https:\/\/dekkbi.com\/index.php?rest_route=\/wp\/v2\/types\/post"}],"author":[{"embeddable":true,"href":"https:\/\/dekkbi.com\/index.php?rest_route=\/wp\/v2\/users\/1"}],"replies":[{"embeddable":true,"href":"https:\/\/dekkbi.com\/index.php?rest_route=%2Fwp%2Fv2%2Fcomments&post=25979"}],"version-history":[{"count":1,"href":"https:\/\/dekkbi.com\/index.php?rest_route=\/wp\/v2\/posts\/25979\/revisions"}],"predecessor-version":[{"id":25981,"href":"https:\/\/dekkbi.com\/index.php?rest_route=\/wp\/v2\/posts\/25979\/revisions\/25981"}],"wp:featuredmedia":[{"embeddable":true,"href":"https:\/\/dekkbi.com\/index.php?rest_route=\/wp\/v2\/media\/17105"}],"wp:attachment":[{"href":"https:\/\/dekkbi.com\/index.php?rest_route=%2Fwp%2Fv2%2Fmedia&parent=25979"}],"wp:term":[{"taxonomy":"category","embeddable":true,"href":"https:\/\/dekkbi.com\/index.php?rest_route=%2Fwp%2Fv2%2Fcategories&post=25979"},{"taxonomy":"post_tag","embeddable":true,"href":"https:\/\/dekkbi.com\/index.php?rest_route=%2Fwp%2Fv2%2Ftags&post=25979"}],"curies":[{"name":"wp","href":"https:\/\/api.w.org\/{rel}","templated":true}]}}