{"id":25931,"date":"2023-11-26T11:33:52","date_gmt":"2023-11-26T11:33:52","guid":{"rendered":"https:\/\/dekkbi.com\/?p=25931"},"modified":"2023-11-26T11:33:52","modified_gmt":"2023-11-26T11:33:52","slug":"interdiction-de-leur-marche-les-agents-de-ladministration-menacent-dassieger-lassemblee-nationale","status":"publish","type":"post","link":"https:\/\/dekkbi.com\/?p=25931","title":{"rendered":"Interdiction de leur marche : Les agents de l&rsquo;Administration menacent d&rsquo;assi\u00e9ger l&rsquo;Assembl\u00e9e nationale"},"content":{"rendered":"\n<h3 class=\"wp-block-heading\">L&rsquo;interdiction de leur marche par le pr\u00e9fet de Dakar, pour cause de risque de perturbation de la circulation, n&rsquo;agr\u00e9e pas le Collectif interminist\u00e9riel des agents de l&rsquo;Administration s\u00e9n\u00e9galaise. Selon Le Grand Panel, les agents de l&rsquo;Administration menacent m\u00eame d&rsquo;assi\u00e9ger l&rsquo;Assembl\u00e9e nationale\u2026<\/h3>\n\n\n\n<p>\u00abCette interdiction est un alibi pour freiner notre d\u00e9termination \u00e0 aller jusqu&rsquo;au bout. D\u00e8s lundi, nous allons introduire une autre demande de marche, car nous ne c\u00e9derons pas. Le pr\u00e9fet n&rsquo;aura aucun alibi\u00bb, assure Omar Dram\u00e9, leur secr\u00e9taire g\u00e9n\u00e9ral. <\/p>\n\n\n\n<p>D\u2019apr\u00e8s nos confr\u00e8res, il invite le Premier ministre \u00e0 recevoir le collectif pour la recherche de solution. Au cas o\u00f9 une solution ne serait pas trouv\u00e9e, les agents comptent accentuer le combat. <\/p>\n\n\n\n<p>Ainsi, apr\u00e8s une gr\u00e8ve g\u00e9n\u00e9rale, si rien n&rsquo;est fait, ils menacent d&rsquo;envahir l&rsquo;Assembl\u00e9e nationale en session budg\u00e9taire.\u00abUne strat\u00e9gie va \u00eatre d\u00e9roul\u00e9e. Ceci n&rsquo;exclut pas de faire une marche au niveau de l&rsquo;Assembl\u00e9e nationale o\u00f9 se d\u00e9roule actuellement le vote des budgets des minist\u00e8res. Avant d&rsquo;en arriver \u00e0 cette situation, nous demandons encore \u00e0 l&rsquo;\u00c9tat du S\u00e9n\u00e9gal de satisfaire nos points de revendication\u00bb, avertit Omar Dram\u00e9.<\/p>\n\n\n\n<p>Le Journal rappellent que les revendications du Collectif interminist\u00e9riel des agents de l&rsquo;Administration s\u00e9n\u00e9galaise tournent autour de la g\u00e9n\u00e9ralisation de l&rsquo;indemnit\u00e9 de logement, le paiement int\u00e9gral de la prime de prudence des chauffeurs de l&rsquo;\u00c9tat, la reconnaissance et le reclassement des dipl\u00f4m\u00e9s, le statut des contractuels et des d\u00e9cisionnaires de l&rsquo;Administration, les dures conditions de transport et de restauration dans les sph\u00e8res minist\u00e9rielles de Diamniadio.<\/p>\n\n\n\n<p>LERAL<\/p>\n\n\n\n<p><\/p>\n","protected":false},"excerpt":{"rendered":"<p>L&rsquo;interdiction de leur marche par le pr\u00e9fet de Dakar, pour cause de risque de perturbation de la circulation, n&rsquo;agr\u00e9e pas<\/p>\n","protected":false},"author":1,"featured_media":25932,"comment_status":"open","ping_status":"open","sticky":false,"template":"","format":"standard","meta":{"footnotes":""},"categories":[21],"tags":[],"class_list":["post-25931","post","type-post","status-publish","format-standard","has-post-thumbnail","hentry","category-societe"],"_links":{"self":[{"href":"https:\/\/dekkbi.com\/index.php?rest_route=\/wp\/v2\/posts\/25931","targetHints":{"allow":["GET"]}}],"collection":[{"href":"https:\/\/dekkbi.com\/index.php?rest_route=\/wp\/v2\/posts"}],"about":[{"href":"https:\/\/dekkbi.com\/index.php?rest_route=\/wp\/v2\/types\/post"}],"author":[{"embeddable":true,"href":"https:\/\/dekkbi.com\/index.php?rest_route=\/wp\/v2\/users\/1"}],"replies":[{"embeddable":true,"href":"https:\/\/dekkbi.com\/index.php?rest_route=%2Fwp%2Fv2%2Fcomments&post=25931"}],"version-history":[{"count":1,"href":"https:\/\/dekkbi.com\/index.php?rest_route=\/wp\/v2\/posts\/25931\/revisions"}],"predecessor-version":[{"id":25933,"href":"https:\/\/dekkbi.com\/index.php?rest_route=\/wp\/v2\/posts\/25931\/revisions\/25933"}],"wp:featuredmedia":[{"embeddable":true,"href":"https:\/\/dekkbi.com\/index.php?rest_route=\/wp\/v2\/media\/25932"}],"wp:attachment":[{"href":"https:\/\/dekkbi.com\/index.php?rest_route=%2Fwp%2Fv2%2Fmedia&parent=25931"}],"wp:term":[{"taxonomy":"category","embeddable":true,"href":"https:\/\/dekkbi.com\/index.php?rest_route=%2Fwp%2Fv2%2Fcategories&post=25931"},{"taxonomy":"post_tag","embeddable":true,"href":"https:\/\/dekkbi.com\/index.php?rest_route=%2Fwp%2Fv2%2Ftags&post=25931"}],"curies":[{"name":"wp","href":"https:\/\/api.w.org\/{rel}","templated":true}]}}